{"id":2012,"date":"2021-07-08T11:58:02","date_gmt":"2021-07-08T11:58:02","guid":{"rendered":"http:\/\/forst.igbau.nrw\/?p=2012"},"modified":"2021-07-08T12:56:42","modified_gmt":"2021-07-08T12:56:42","slug":"alles-neu-in-nrw-die-pruefungen-zum-forstwirt-in-2021","status":"publish","type":"post","link":"http:\/\/forst.igbau.nrw\/?p=2012","title":{"rendered":"Alles neu in NRW? Die Pr\u00fcfungen zum Forstwirt\/in 2021"},"content":{"rendered":"<p>Pr\u00fcfung unter dem Zeichen von Corona, Schadholz und einem novellierten Berufsbildungsgesetz.<br \/>\nIn diesem wie im letzten Jahr fanden die beruflichen Pr\u00fcfungen unter besonderen Umst\u00e4nden statt. Schon die schriftlichen Pr\u00fcfungen konnten nur unter besonderen Hygienema\u00dfnahmen durchgef\u00fchrt werden. Neben dem verpflichtenden Tragen einer FFP2-Maske oder medizinischen Maske sollte auch der Nachweis eines negativen Coronatestes vor der Pr\u00fcfung erbracht sein, um an der Pr\u00fcfung teilnehmen zu k\u00f6nnen. In den Pausen hie\u00df die Devise alles auf Abstand und blo\u00df nicht zu nahekommen. Neben dem immer vorhandenen Pr\u00fcfungsstress sind das Voraussetzungen, die zus\u00e4tzlich zu schaffen machen k\u00f6nnen. Die praktischen Pr\u00fcfungen konnten dann dank unseres Berufes im Wald etwas unbeschwerter stattfinden. Jedoch konnten die Urkunden und Zeugnisse nur im ganz kleinen Rahmen nach erfolgreicher Pr\u00fcfung \u00fcbergeben werden.<\/p>\n<p><a href=\"https:\/\/i0.wp.com\/forst.igbau.nrw\/wp-content\/uploads\/2021\/07\/Pasted-Graphic-1.png\"><img data-recalc-dims=\"1\" fetchpriority=\"high\" decoding=\"async\" data-attachment-id=\"2013\" data-permalink=\"http:\/\/forst.igbau.nrw\/?attachment_id=2013\" data-orig-file=\"https:\/\/i0.wp.com\/forst.igbau.nrw\/wp-content\/uploads\/2021\/07\/Pasted-Graphic-1.png?fit=1386%2C1040\" data-orig-size=\"1386,1040\" data-comments-opened=\"0\" data-image-meta=\"{&quot;aperture&quot;:&quot;0&quot;,&quot;credit&quot;:&quot;&quot;,&quot;camera&quot;:&quot;&quot;,&quot;caption&quot;:&quot;&quot;,&quot;created_timestamp&quot;:&quot;0&quot;,&quot;copyright&quot;:&quot;&quot;,&quot;focal_length&quot;:&quot;0&quot;,&quot;iso&quot;:&quot;0&quot;,&quot;shutter_speed&quot;:&quot;0&quot;,&quot;title&quot;:&quot;&quot;,&quot;orientation&quot;:&quot;0&quot;}\" data-image-title=\"Pasted Graphic 1\" data-image-description=\"\" data-image-caption=\"\" data-large-file=\"https:\/\/i0.wp.com\/forst.igbau.nrw\/wp-content\/uploads\/2021\/07\/Pasted-Graphic-1.png?fit=640%2C480\" class=\"aligncenter size-large wp-image-2013\" src=\"https:\/\/i0.wp.com\/forst.igbau.nrw\/wp-content\/uploads\/2021\/07\/Pasted-Graphic-1.png?resize=640%2C480\" alt=\"\" width=\"640\" height=\"480\" srcset=\"https:\/\/i0.wp.com\/forst.igbau.nrw\/wp-content\/uploads\/2021\/07\/Pasted-Graphic-1.png?resize=1024%2C768 1024w, https:\/\/i0.wp.com\/forst.igbau.nrw\/wp-content\/uploads\/2021\/07\/Pasted-Graphic-1.png?resize=300%2C225 300w, https:\/\/i0.wp.com\/forst.igbau.nrw\/wp-content\/uploads\/2021\/07\/Pasted-Graphic-1.png?resize=768%2C576 768w, https:\/\/i0.wp.com\/forst.igbau.nrw\/wp-content\/uploads\/2021\/07\/Pasted-Graphic-1.png?resize=1140%2C855 1140w, https:\/\/i0.wp.com\/forst.igbau.nrw\/wp-content\/uploads\/2021\/07\/Pasted-Graphic-1.png?w=1386 1386w, https:\/\/i0.wp.com\/forst.igbau.nrw\/wp-content\/uploads\/2021\/07\/Pasted-Graphic-1.png?w=1280 1280w\" sizes=\"(max-width: 640px) 100vw, 640px\" \/><\/a><br \/>\nAbbildung 1 Abstand und Maske bei schriftlichen Pr\u00fcfungen.<\/p>\n<p>Den Ver\u00e4nderungen des novellierten Berufsbildungsgesetzes wurde schon im letzten Jahr in der Abschlusspr\u00fcfung Rechnung getragen und in diesem Jahr auf die Zwischenpr\u00fcfungen ausgedehnt, die im letzten Jahr in NRW noch pandemiebedingt ausgefallen waren. Das hie\u00df, drei parit\u00e4tisch gesetzte Pr\u00fcfer f\u00fcr einen Pr\u00fcfling und ein Wegfall der bisherigen Pr\u00fcfung in Stationen Form, bei der ein Pr\u00fcferp\u00e4rchen \u00fcber einen Pr\u00fcfungstag eine Pr\u00fcfungsstation fest besetzte und dort alle Pr\u00fcflinge ihr K\u00f6nnen pr\u00e4sentierten. In der neuen Form zogen die drei Pr\u00fcfer mit den ihnen zugeteilten Auszubildenden \u00fcber alle drei Pr\u00fcfungsaufgaben der praktischen Pr\u00fcfung und bildeten sozusagen das Team f\u00fcr einen Tag. F\u00fcr die Pr\u00fcfung unter Pandemiebedingungen konnten so feste Gruppen gebildet werden, die keine Durchmischung mehr n\u00f6tig machten. Nach ersten Bedenken bei Pr\u00fcflingen und Pr\u00fcfern hat sich diese Alternative f\u00fcr die Pr\u00fcfungen bew\u00e4hrt und wurde sogar als angenehm empfunden. Denn es war m\u00f6glich, sich aufeinander einzustellen und die zu Pr\u00fcfenden bei der L\u00f6sung von Aufgaben einen ganzen Tag lang zu begleiten. Eine Herausforderung war es, f\u00fcr die anstehenden Pr\u00fcfungstage gen\u00fcgend Pr\u00fcfer zur finden, um die Pr\u00fcfung zu begleiten. Durch die Novellierung des Berufsbildungsgesetzes ist hier ein Mehrbedarf entstanden, der f\u00fcr dieses Ehrenamt nicht immer leicht zu decken ist.<\/p>\n<p>&nbsp;<\/p>\n<p><a href=\"https:\/\/i0.wp.com\/forst.igbau.nrw\/wp-content\/uploads\/2021\/07\/Pasted-Graphic-2.png\"><img data-recalc-dims=\"1\" decoding=\"async\" data-attachment-id=\"2014\" data-permalink=\"http:\/\/forst.igbau.nrw\/?attachment_id=2014\" data-orig-file=\"https:\/\/i0.wp.com\/forst.igbau.nrw\/wp-content\/uploads\/2021\/07\/Pasted-Graphic-2.png?fit=1040%2C780\" data-orig-size=\"1040,780\" data-comments-opened=\"0\" data-image-meta=\"{&quot;aperture&quot;:&quot;0&quot;,&quot;credit&quot;:&quot;&quot;,&quot;camera&quot;:&quot;&quot;,&quot;caption&quot;:&quot;&quot;,&quot;created_timestamp&quot;:&quot;0&quot;,&quot;copyright&quot;:&quot;&quot;,&quot;focal_length&quot;:&quot;0&quot;,&quot;iso&quot;:&quot;0&quot;,&quot;shutter_speed&quot;:&quot;0&quot;,&quot;title&quot;:&quot;&quot;,&quot;orientation&quot;:&quot;0&quot;}\" data-image-title=\"Pasted Graphic 2\" data-image-description=\"\" data-image-caption=\"\" data-large-file=\"https:\/\/i0.wp.com\/forst.igbau.nrw\/wp-content\/uploads\/2021\/07\/Pasted-Graphic-2.png?fit=640%2C480\" class=\"aligncenter size-large wp-image-2014\" src=\"https:\/\/i0.wp.com\/forst.igbau.nrw\/wp-content\/uploads\/2021\/07\/Pasted-Graphic-2.png?resize=640%2C480\" alt=\"\" width=\"640\" height=\"480\" srcset=\"https:\/\/i0.wp.com\/forst.igbau.nrw\/wp-content\/uploads\/2021\/07\/Pasted-Graphic-2.png?resize=1024%2C768 1024w, https:\/\/i0.wp.com\/forst.igbau.nrw\/wp-content\/uploads\/2021\/07\/Pasted-Graphic-2.png?resize=300%2C225 300w, https:\/\/i0.wp.com\/forst.igbau.nrw\/wp-content\/uploads\/2021\/07\/Pasted-Graphic-2.png?resize=768%2C576 768w, https:\/\/i0.wp.com\/forst.igbau.nrw\/wp-content\/uploads\/2021\/07\/Pasted-Graphic-2.png?w=1040 1040w\" sizes=\"(max-width: 640px) 100vw, 640px\" \/><\/a><\/p>\n<p>Abbildung 2 Einweisung in den praktischen Pr\u00fcfungstag bei der Zwischenpr\u00fcfung in diesem Jahr.<\/p>\n<p>In der Holzernte kam auf die zuk\u00fcnftigen Forstwirtinnen und Forstwirte das Ernten von Schadholz zu, was ebenfalls f\u00fcr au\u00dfergew\u00f6hnliche Bedingungen sorgte. Kahlschlag und D\u00fcrrst\u00e4nder stellten andere Herausforderungen an die Pr\u00fcflinge als in den Jahren vor der Kalamit\u00e4t. Laut Gef\u00e4hrdungsbeurteilung f\u00fcr den Einschlag musste je nach Stand des Baumes mit mechanischer F\u00e4llhilfe oder mit Seilunterst\u00fctzung gef\u00e4llt werden. Hier zeigten die angehenden Forstwirtinnen und Forstwirte in aller Regel aber ein souver\u00e4nes Vorgehen mit gut entwickelten Fertigkeiten.<\/p>\n<p>Ersch\u00fctterungsfreies Aufkeilen war Pflicht bei der F\u00e4llung von D\u00fcrrst\u00e4ndern in der Holzernte.<br \/>\nNeben der Holzernte hatten die Pr\u00fcflinge dann noch zwei Aufgaben in den Bereichen Waldwirtschaft und Landschaftspflege zu bew\u00e4ltigen. Dabei ging es um die Wiederbegr\u00fcndung einer Kalamit\u00e4tsfl\u00e4che, bei der zum einen gepflanzt und zum anderen die Kultur dann mittels des Baus eines Hordengatters gesch\u00fctzt werden musste. In den Pr\u00fcfungsgespr\u00e4chen war dann die eigene Leistung inklusive Kalkulation zu bewerten und zus\u00e4tzlich noch ausliegende Werkzeuge und Materialien fachlich darzustellen und hinsichtlich ihrer Gebrauchsf\u00e4higkeit einzusch\u00e4tzen.<br \/>\nIn der Zwischenpr\u00fcfung in diesem Jahr gab es speziell bei der Bestandsbegr\u00fcndung einige sehr bedenkliche Bewertungen, die Bef\u00fcrchtungen aufkommen lie\u00dfen hinsichtlich der Leistungen der Abschlusspr\u00fcfung. Dies hat sich allerdings nicht best\u00e4tigt, wenngleich die Durchschnittsnote gegen\u00fcber dem langj\u00e4hrigen Mittel um 0,3 Notenpunkte absank.<\/p>\n<p><a href=\"https:\/\/i0.wp.com\/forst.igbau.nrw\/wp-content\/uploads\/2021\/07\/Pasted-Graphic-5.png\"><img data-recalc-dims=\"1\" decoding=\"async\" data-attachment-id=\"2015\" data-permalink=\"http:\/\/forst.igbau.nrw\/?attachment_id=2015\" data-orig-file=\"https:\/\/i0.wp.com\/forst.igbau.nrw\/wp-content\/uploads\/2021\/07\/Pasted-Graphic-5.png?fit=1151%2C863\" data-orig-size=\"1151,863\" data-comments-opened=\"0\" data-image-meta=\"{&quot;aperture&quot;:&quot;0&quot;,&quot;credit&quot;:&quot;&quot;,&quot;camera&quot;:&quot;&quot;,&quot;caption&quot;:&quot;&quot;,&quot;created_timestamp&quot;:&quot;0&quot;,&quot;copyright&quot;:&quot;&quot;,&quot;focal_length&quot;:&quot;0&quot;,&quot;iso&quot;:&quot;0&quot;,&quot;shutter_speed&quot;:&quot;0&quot;,&quot;title&quot;:&quot;&quot;,&quot;orientation&quot;:&quot;0&quot;}\" data-image-title=\"Pasted Graphic 5\" data-image-description=\"\" data-image-caption=\"\" data-large-file=\"https:\/\/i0.wp.com\/forst.igbau.nrw\/wp-content\/uploads\/2021\/07\/Pasted-Graphic-5.png?fit=640%2C480\" class=\"aligncenter size-large wp-image-2015\" src=\"https:\/\/i0.wp.com\/forst.igbau.nrw\/wp-content\/uploads\/2021\/07\/Pasted-Graphic-5.png?resize=640%2C480\" alt=\"\" width=\"640\" height=\"480\" srcset=\"https:\/\/i0.wp.com\/forst.igbau.nrw\/wp-content\/uploads\/2021\/07\/Pasted-Graphic-5.png?resize=1024%2C768 1024w, https:\/\/i0.wp.com\/forst.igbau.nrw\/wp-content\/uploads\/2021\/07\/Pasted-Graphic-5.png?resize=300%2C225 300w, https:\/\/i0.wp.com\/forst.igbau.nrw\/wp-content\/uploads\/2021\/07\/Pasted-Graphic-5.png?resize=768%2C576 768w, https:\/\/i0.wp.com\/forst.igbau.nrw\/wp-content\/uploads\/2021\/07\/Pasted-Graphic-5.png?resize=1140%2C855 1140w, https:\/\/i0.wp.com\/forst.igbau.nrw\/wp-content\/uploads\/2021\/07\/Pasted-Graphic-5.png?w=1151 1151w\" sizes=\"(max-width: 640px) 100vw, 640px\" \/><\/a><\/p>\n<p>Abbildung 4 Die Pr\u00fcfungsstation Bestandesbegr\u00fcndung mit unterschiedlichen Werkzeugen f\u00fcr das Pr\u00fcfungsgespr\u00e4ch<\/p>\n<p>&nbsp;<\/p>\n<p><a href=\"https:\/\/i0.wp.com\/forst.igbau.nrw\/wp-content\/uploads\/2021\/07\/Pasted-Graphic.png\"><img data-recalc-dims=\"1\" loading=\"lazy\" decoding=\"async\" data-attachment-id=\"2016\" data-permalink=\"http:\/\/forst.igbau.nrw\/?attachment_id=2016\" data-orig-file=\"https:\/\/i0.wp.com\/forst.igbau.nrw\/wp-content\/uploads\/2021\/07\/Pasted-Graphic.png?fit=906%2C564\" data-orig-size=\"906,564\" data-comments-opened=\"0\" data-image-meta=\"{&quot;aperture&quot;:&quot;0&quot;,&quot;credit&quot;:&quot;&quot;,&quot;camera&quot;:&quot;&quot;,&quot;caption&quot;:&quot;&quot;,&quot;created_timestamp&quot;:&quot;0&quot;,&quot;copyright&quot;:&quot;&quot;,&quot;focal_length&quot;:&quot;0&quot;,&quot;iso&quot;:&quot;0&quot;,&quot;shutter_speed&quot;:&quot;0&quot;,&quot;title&quot;:&quot;&quot;,&quot;orientation&quot;:&quot;0&quot;}\" data-image-title=\"Pasted Graphic\" data-image-description=\"\" data-image-caption=\"\" data-large-file=\"https:\/\/i0.wp.com\/forst.igbau.nrw\/wp-content\/uploads\/2021\/07\/Pasted-Graphic.png?fit=640%2C398\" class=\"aligncenter size-full wp-image-2016\" src=\"https:\/\/i0.wp.com\/forst.igbau.nrw\/wp-content\/uploads\/2021\/07\/Pasted-Graphic.png?resize=640%2C398\" alt=\"\" width=\"640\" height=\"398\" srcset=\"https:\/\/i0.wp.com\/forst.igbau.nrw\/wp-content\/uploads\/2021\/07\/Pasted-Graphic.png?w=906 906w, https:\/\/i0.wp.com\/forst.igbau.nrw\/wp-content\/uploads\/2021\/07\/Pasted-Graphic.png?resize=300%2C187 300w, https:\/\/i0.wp.com\/forst.igbau.nrw\/wp-content\/uploads\/2021\/07\/Pasted-Graphic.png?resize=768%2C478 768w\" sizes=\"(max-width: 640px) 100vw, 640px\" \/><\/a>Abbildung 5 Gesamtergebnis der Pr\u00fcfung 2021<\/p>\n<p>Wie sieht es nun aus? Waren diese Voraussetzungen f\u00fcr die Pr\u00fcfungen mit Corona, Kalamit\u00e4t und eine neue Pr\u00fcfungsanordnung problematisch f\u00fcr die Ergebnisse in diesem und letztem Jahr? Sicherlich, es kam viel zusammen und man konnte teilweise die Unsicherheit sp\u00fcren, gerade in dieser Abschlusspr\u00fcfung, bei der die Teilnehmer keine Zwischenpr\u00fcfung durchlaufen haben. Auch wenn viele Betriebe mit Engagement und Probepr\u00fcfungen versucht haben, diesen Mangel aufzufangen, ist eine richtige Zwischenpr\u00fcfung nicht wirklich zu ersetzen. Schauen wir allerdings im Vergleich auf ein Mittel der letzten 10 Jahre, sind diese beiden Abschlusspr\u00fcfungen nur marginal schlechter verlaufen. Der Notendurchschnitt der Gesamtnote ist von 2,99 im 10 Jahresmittel auf 3,14 in diesem Jahr gesunken.<br \/>\nEtwas bedenklich ist die Leistung im Bereich der Bestandesbegr\u00fcndung, hier sinkt die Note fast um 0,4 Notenpunkte im Vergleich zum 10 Jahresmittel ab. Das ist bei den Herausforderungen der letzten Jahre etwas verwunderlich, denn f\u00fcr das Pflanzen gab es ja genug M\u00f6glichkeiten.<br \/>\nDie Pr\u00fcfung im Ausbildungsberuf Forstwirt\/in ist ausgerichtet auf die handwerkliche Leistung in der praktischen Pr\u00fcfung mit der doppelten Notengewichtung f\u00fcr diesen Pr\u00fcfungsteil. Gerade in diesem Bereich ist der Ausbildungsbetrieb der Hauptakteur. Das ist aber auch die gute Nachricht in diesen Zeiten, die Ausbildung im Betrieb konnte auch im Zeichen der Pandemie gut weitergef\u00fchrt werden. Das spiegelt sich dann auch in der Abschlusspr\u00fcfung wider. Also alles in Ordnung? Das kann man so auch nicht sagen, wesentliche Teile der Berufsausbildung finden auch in der \u00fcberbetrieblichen Ausbildung und der Berufsschule statt. Diese fand unter erschwerten Bedingungen theoretisch digital und in gro\u00dfen Teilen praktisch gar nicht statt. Das rei\u00dft L\u00fccken im Grundger\u00fcst der Ausbildung, die vielleicht in der Pr\u00fcfung nicht unbedingt sichtbar werden, aber doch vorhanden sind. Das lie\u00df sich in den Pr\u00fcfungen bei den Fachgespr\u00e4chen ersp\u00fcren, wenn bei tiefer gehenden Fragen die Luft doch d\u00fcnn wurde. Die Pr\u00fcfungsaussch\u00fcsse waren sich ebenfalls der besonderen Situation bewusst und haben darauf in den Pr\u00fcfungen reagiert. Das alles zusammen hat dazu gef\u00fchrt, dass die Pr\u00fcfung alles in allem im Ergebnis normal in abnormalen Zeiten verlaufen ist. Aber die Hauptsache ist, diese Jahrg\u00e4nge sind keinesfalls handwerklich schlechter als die anderen und brauchen sich nicht verstecken. Im Gegenteil, sie haben unter widrigen Bedingungen einen vorzeigbaren Abschluss erreicht.<\/p>\n<p><strong>Ein Beitrag von<\/strong><\/p>\n<p><strong>Peter Wiese<\/strong><\/p>\n","protected":false},"excerpt":{"rendered":"<p>Pr\u00fcfung unter dem Zeichen von Corona, Schadholz und einem novellierten Berufsbildungsgesetz. In diesem wie im letzten Jahr fanden die beruflichen Pr\u00fcfungen unter<\/p>\n<p class=\"link-more\"><a class=\"myButt \" href=\"http:\/\/forst.igbau.nrw\/?p=2012\">Weitere Infos &#8230;<\/a><\/p>\n","protected":false},"author":1,"featured_media":2018,"comment_status":"closed","ping_status":"open","sticky":false,"template":"","format":"standard","meta":{"ngg_post_thumbnail":0,"jetpack_post_was_ever_published":false,"_jetpack_newsletter_access":"","_jetpack_dont_email_post_to_subs":false,"_jetpack_newsletter_tier_id":0,"_jetpack_memberships_contains_paywalled_content":false,"_jetpack_memberships_contains_paid_content":false,"footnotes":"","jetpack_publicize_message":"","jetpack_publicize_feature_enabled":true,"jetpack_social_post_already_shared":true,"jetpack_social_options":{"image_generator_settings":{"template":"highway","default_image_id":0,"font":"","enabled":false},"version":2}},"categories":[5,8,20],"tags":[],"class_list":["post-2012","post","type-post","status-publish","format-standard","has-post-thumbnail","hentry","category-forstwirtschaft","category-ig-bau","category-landesbetrieb-wald-und-holz"],"jetpack_publicize_connections":[],"jetpack_featured_media_url":"https:\/\/i0.wp.com\/forst.igbau.nrw\/wp-content\/uploads\/2021\/07\/Fotos_LIGNA_2019_89-scaled.jpeg?fit=2560%2C1280","jetpack_sharing_enabled":true,"jetpack_shortlink":"https:\/\/wp.me\/p8x7f7-ws","jetpack-related-posts":[],"_links":{"self":[{"href":"http:\/\/forst.igbau.nrw\/index.php?rest_route=\/wp\/v2\/posts\/2012","targetHints":{"allow":["GET"]}}],"collection":[{"href":"http:\/\/forst.igbau.nrw\/index.php?rest_route=\/wp\/v2\/posts"}],"about":[{"href":"http:\/\/forst.igbau.nrw\/index.php?rest_route=\/wp\/v2\/types\/post"}],"author":[{"embeddable":true,"href":"http:\/\/forst.igbau.nrw\/index.php?rest_route=\/wp\/v2\/users\/1"}],"replies":[{"embeddable":true,"href":"http:\/\/forst.igbau.nrw\/index.php?rest_route=%2Fwp%2Fv2%2Fcomments&post=2012"}],"version-history":[{"count":1,"href":"http:\/\/forst.igbau.nrw\/index.php?rest_route=\/wp\/v2\/posts\/2012\/revisions"}],"predecessor-version":[{"id":2017,"href":"http:\/\/forst.igbau.nrw\/index.php?rest_route=\/wp\/v2\/posts\/2012\/revisions\/2017"}],"wp:featuredmedia":[{"embeddable":true,"href":"http:\/\/forst.igbau.nrw\/index.php?rest_route=\/wp\/v2\/media\/2018"}],"wp:attachment":[{"href":"http:\/\/forst.igbau.nrw\/index.php?rest_route=%2Fwp%2Fv2%2Fmedia&parent=2012"}],"wp:term":[{"taxonomy":"category","embeddable":true,"href":"http:\/\/forst.igbau.nrw\/index.php?rest_route=%2Fwp%2Fv2%2Fcategories&post=2012"},{"taxonomy":"post_tag","embeddable":true,"href":"http:\/\/forst.igbau.nrw\/index.php?rest_route=%2Fwp%2Fv2%2Ftags&post=2012"}],"curies":[{"name":"wp","href":"https:\/\/api.w.org\/{rel}","templated":true}]}}