{"id":2019,"date":"2021-07-05T13:12:57","date_gmt":"2021-07-05T13:12:57","guid":{"rendered":"http:\/\/forst.igbau.nrw\/?p=2019"},"modified":"2021-07-08T13:16:52","modified_gmt":"2021-07-08T13:16:52","slug":"fachgruppenversammlung-der-forstbranche-nrw-in-gelsenkirchen","status":"publish","type":"post","link":"http:\/\/forst.igbau.nrw\/?p=2019","title":{"rendered":"Fachgruppenversammlung der Forstbranche NRW in Gelsenkirchen"},"content":{"rendered":"<p>26 Forstbesch\u00e4ftigte diskutierten intensiv die Tarifverhandlungen 2021 und die Zukunft der Branche in NRW.<\/p>\n<p><a href=\"https:\/\/i0.wp.com\/forst.igbau.nrw\/wp-content\/uploads\/2021\/07\/20210701_154308-scaled.jpeg\"><img data-recalc-dims=\"1\" fetchpriority=\"high\" decoding=\"async\" data-attachment-id=\"2020\" data-permalink=\"http:\/\/forst.igbau.nrw\/?attachment_id=2020\" data-orig-file=\"https:\/\/i0.wp.com\/forst.igbau.nrw\/wp-content\/uploads\/2021\/07\/20210701_154308-scaled.jpeg?fit=2560%2C1356\" data-orig-size=\"2560,1356\" data-comments-opened=\"0\" data-image-meta=\"{&quot;aperture&quot;:&quot;1.7&quot;,&quot;credit&quot;:&quot;&quot;,&quot;camera&quot;:&quot;SM-A530F&quot;,&quot;caption&quot;:&quot;&quot;,&quot;created_timestamp&quot;:&quot;1625154187&quot;,&quot;copyright&quot;:&quot;&quot;,&quot;focal_length&quot;:&quot;3.93&quot;,&quot;iso&quot;:&quot;64&quot;,&quot;shutter_speed&quot;:&quot;0.01&quot;,&quot;title&quot;:&quot;&quot;,&quot;orientation&quot;:&quot;0&quot;}\" data-image-title=\"20210701_154308\" data-image-description=\"\" data-image-caption=\"\" data-large-file=\"https:\/\/i0.wp.com\/forst.igbau.nrw\/wp-content\/uploads\/2021\/07\/20210701_154308-scaled.jpeg?fit=640%2C339\" class=\"aligncenter size-large wp-image-2020\" src=\"https:\/\/i0.wp.com\/forst.igbau.nrw\/wp-content\/uploads\/2021\/07\/20210701_154308.jpeg?resize=640%2C339\" alt=\"\" width=\"640\" height=\"339\" srcset=\"https:\/\/i0.wp.com\/forst.igbau.nrw\/wp-content\/uploads\/2021\/07\/20210701_154308-scaled.jpeg?resize=1024%2C542 1024w, https:\/\/i0.wp.com\/forst.igbau.nrw\/wp-content\/uploads\/2021\/07\/20210701_154308-scaled.jpeg?resize=300%2C159 300w, https:\/\/i0.wp.com\/forst.igbau.nrw\/wp-content\/uploads\/2021\/07\/20210701_154308-scaled.jpeg?resize=768%2C407 768w, https:\/\/i0.wp.com\/forst.igbau.nrw\/wp-content\/uploads\/2021\/07\/20210701_154308-scaled.jpeg?resize=1536%2C813 1536w, https:\/\/i0.wp.com\/forst.igbau.nrw\/wp-content\/uploads\/2021\/07\/20210701_154308-scaled.jpeg?resize=2048%2C1084 2048w, https:\/\/i0.wp.com\/forst.igbau.nrw\/wp-content\/uploads\/2021\/07\/20210701_154308-scaled.jpeg?resize=1140%2C604 1140w, https:\/\/i0.wp.com\/forst.igbau.nrw\/wp-content\/uploads\/2021\/07\/20210701_154308-scaled.jpeg?w=1280 1280w, https:\/\/i0.wp.com\/forst.igbau.nrw\/wp-content\/uploads\/2021\/07\/20210701_154308-scaled.jpeg?w=1920 1920w\" sizes=\"(max-width: 640px) 100vw, 640px\" \/><\/a><br \/>\nIn NRW standen die Wahlen f\u00fcr einen neuen Fachgruppenvorstand und die Mitglieder der Bundesfachgruppe Forst sowie einige weitere Gremien der Branchenvertretung an. Aus diesem Grund wurde das Regionalforstamt Gelsenkirchen kurzzeitig zur Herzkammer der Vertretung von Mitgliedern der IGBAU im Land Nordrhein-Westfalen. Das Forstamt bot f\u00fcr die unter Corona Bedingungen stattfindenden Zusammenkunft einen entsprechend gro\u00dfen Raum und so konnte unter entspannten Voraussetzungen eine angeregte Diskussion und die anschlie\u00dfenden Wahlen durchgef\u00fchrt werden. An diesem Tag folgte der Branchenreferent f\u00fcr den Forstbereich der IGBAU Michael Schmitt. der Einladung des Vorstandes zu dieser Versammlung, um die fachliche Grundlage der Meinungsbildung zu den Tarifverhandlungen zu legen. Dies erwies sich als eine \u00fcberaus gelungene Idee f\u00fcr die transparente und recht plastische Darstellung von den bevorstehenden Verhandlungen in diesen Tarifbereichen. Mit klaren Worten und Fakten stellte Michael Schmidt die Grunddaten sowie die handelnden Personen vor und die sich daraus ergebenden Schwierigkeiten f\u00fcr den bevorstehenden Tarifabschluss. F\u00fcr so manchen Teilnehmer wurde in dem sich daraus entwickelnden Dialog noch mal richtig deutlich, was Tarifverhandlung und Gewerkschaftsarbeit ausmacht. Dabei wurden alle f\u00fcr die Branche wichtigen Zusammenh\u00e4nge herausgearbeitet, wie zum Beispiel die Zusammenarbeit der unterschiedlichen Gewerkschaften und Berufsgruppen der im Wald besch\u00e4ftigten. Auch die gesamtwirtschaftliche Lage in der Bundesrepublik war in den Vortrag eingebettet, um das f\u00fcr die Verhandlungen gegebene Umfeld rundum abzubilden.<\/p>\n<p>F\u00fcr den TV Forst wurde besonders die Weiterentwicklung der Forstzulage in den Mittelpunkt der Betrachtung gestellt, da diese vonseiten der TdL. als Grundvoraussetzung f\u00fcr weitergehende Verhandlungen in anderen Bereichen gesetzt worden ist. Die dabei skizzierte Vorstellung f\u00fcr die Weiterentwicklung durch eine stundengenaue Abrechnung von bestimmten tats\u00e4chlich ausgef\u00fchrten T\u00e4tigkeiten mit einer gestaffelten Zulage sorgte f\u00fcr Erstaunen und Kopfsch\u00fctteln bei den meisten Teilnehmern. Hier muss man sich schon die Frage stellen, ob die Arbeitgeberseite die Zeichen der Zeit erkannt hat und die wirklichen Probleme der Betriebe \u00fcberhaupt noch wahrnimmt und vertritt. Allgemein wurde festgestellt, dass die Attraktivit\u00e4t des Berufes Forstwirt\/in in den \u00f6ffentlichen Bereichen der L\u00e4nder zunehmend nachl\u00e4sst und das aus unterschiedlichen Gr\u00fcnden. Aber sicherlich spielt dabei die Weiterentwicklung der Eingruppierung, Entgeltordnung sowie Fragen zu Dienstfahrzeugen und Werkzeuggestellung die gr\u00f6\u00dfere Rolle. Dabei die Forstzulage als Druckmittel f\u00fcr die Verhandlungen einzusetzen, damit vielleicht irgendwann die dr\u00e4ngenderen Fragen angegangen werden k\u00f6nnen, ist schon fast als respektlos zu bezeichnen. Im Zeichen des Klimawandels und der vielleicht gr\u00f6\u00dften Kalamit\u00e4tskatastrophe in der Forstwirtschaft in den letzten hundert Jahren brauchen auch die L\u00e4nder professionelles Personal an der Basis, um die Funktionen des Waldes zu sichern und zu erhalten. Da sind andere \u00f6ffentliche Arbeitgeber schon deutlich weiter und flexibler, um an gutes Personal zu kommen und zu halten. Nicht zu vergessen die privaten Unternehmer und Forstverwaltungen, die mit Einsatzfahrzeugen und besserer Bezahlung locken.<\/p>\n<p><a href=\"https:\/\/i0.wp.com\/forst.igbau.nrw\/wp-content\/uploads\/2019\/09\/IGBAU_Forst_Streik_Sep19__18.jpg\"><img data-recalc-dims=\"1\" decoding=\"async\" data-attachment-id=\"1175\" data-permalink=\"http:\/\/forst.igbau.nrw\/?attachment_id=1175\" data-orig-file=\"https:\/\/i0.wp.com\/forst.igbau.nrw\/wp-content\/uploads\/2019\/09\/IGBAU_Forst_Streik_Sep19__18.jpg?fit=5582%2C3721\" data-orig-size=\"5582,3721\" data-comments-opened=\"1\" data-image-meta=\"{&quot;aperture&quot;:&quot;7.1&quot;,&quot;credit&quot;:&quot;&quot;,&quot;camera&quot;:&quot;Canon EOS R&quot;,&quot;caption&quot;:&quot;&quot;,&quot;created_timestamp&quot;:&quot;1569404941&quot;,&quot;copyright&quot;:&quot;&quot;,&quot;focal_length&quot;:&quot;47&quot;,&quot;iso&quot;:&quot;1250&quot;,&quot;shutter_speed&quot;:&quot;0.002&quot;,&quot;title&quot;:&quot;&quot;,&quot;orientation&quot;:&quot;0&quot;}\" data-image-title=\"IGBAU_Forst_Streik_Sep19__18\" data-image-description=\"\" data-image-caption=\"\" data-large-file=\"https:\/\/i0.wp.com\/forst.igbau.nrw\/wp-content\/uploads\/2019\/09\/IGBAU_Forst_Streik_Sep19__18.jpg?fit=640%2C427\" class=\"aligncenter size-large wp-image-1175\" src=\"https:\/\/i0.wp.com\/forst.igbau.nrw\/wp-content\/uploads\/2019\/09\/IGBAU_Forst_Streik_Sep19__18.jpg?resize=640%2C427\" alt=\"\" width=\"640\" height=\"427\" srcset=\"https:\/\/i0.wp.com\/forst.igbau.nrw\/wp-content\/uploads\/2019\/09\/IGBAU_Forst_Streik_Sep19__18.jpg?resize=1024%2C683 1024w, https:\/\/i0.wp.com\/forst.igbau.nrw\/wp-content\/uploads\/2019\/09\/IGBAU_Forst_Streik_Sep19__18.jpg?resize=300%2C200 300w, https:\/\/i0.wp.com\/forst.igbau.nrw\/wp-content\/uploads\/2019\/09\/IGBAU_Forst_Streik_Sep19__18.jpg?resize=768%2C512 768w, https:\/\/i0.wp.com\/forst.igbau.nrw\/wp-content\/uploads\/2019\/09\/IGBAU_Forst_Streik_Sep19__18.jpg?w=1280 1280w, https:\/\/i0.wp.com\/forst.igbau.nrw\/wp-content\/uploads\/2019\/09\/IGBAU_Forst_Streik_Sep19__18.jpg?w=1920 1920w\" sizes=\"(max-width: 640px) 100vw, 640px\" \/><\/a><\/p>\n<p>Ein weiteres Thema war die Kommunikation und Reichweite innerhalb unserer Organisation, um Informationswege zu verbessern, damit agiler auf Herausforderungen reagiert werden kann. Dabei wurde bem\u00e4ngelt, dass andere Berufsorganisationen im Printbereich besser aufgestellt und wesentlich schneller in die Belegschaften hineinreichen. Die durch die IGBAU bereitgestellte APP ist durchaus ein geeignetes Mittel zur Informationsbeschaffung, aber l\u00e4sst in der Aktualit\u00e4t noch verbesserungsbedarf erkennen. So ist zum Beispiel der aktuelle Tarif aus dem Forstbereich nicht abrufbar und Versammlungen wie die Fachgruppenversammlung nicht im Kalender vorhanden. Wert wurde aber auch gerade von den j\u00fcngeren Teilnehmern auf Printversionen des Tarifes gelegt. Die grunds\u00e4tzliche Problematik in der Forstbranche ist die weite Verteilung der Mitglieder auf der Fl\u00e4che, die einen Dialog und Mobilisierung zwischen den Akteuren grunds\u00e4tzlich erschwert, auch \u00fcber L\u00e4ndergrenzen hinweg. Die APP k\u00f6nnte aber ein Instrument sein, dass hier Verbesserungen m\u00f6glich macht. Die Fachgruppenversammlung war eine gelungene Veranstaltung, die nicht zuletzt durch Michael Schmitt die notwendige Informationstiefe erreichte, um Lust auf mehr Veranstaltungen dieser Art machte. Auch junge Kollegen, die dort teilnahmen, haben einen positiven Eindruck mitnehmen k\u00f6nnen bei einer offenen und ehrlichen Diskussion zu den Themen. So macht Gewerkschaftsarbeit Spa\u00df und l\u00e4sst auch auf Weiterentwicklung hoffen, bei allen dargestellten Hindernissen.<\/p>\n<p>Der neu gew\u00e4hlte Vorstand der Fachgruppe Forst setzt sich aus Michael Gosmann, Andreas Engelke, Karl-Heinz Heinen, Martin Sch\u00f6nfelder und Peter Wiese zusammen. F\u00fcr die Bundesfachgruppe wurde Michael Gosmann als Vertreter von NRW best\u00e4tigt.<\/p>\n","protected":false},"excerpt":{"rendered":"<p>26 Forstbesch\u00e4ftigte diskutierten intensiv die Tarifverhandlungen 2021 und die Zukunft der Branche in NRW. In NRW standen die Wahlen f\u00fcr einen neuen<\/p>\n<p class=\"link-more\"><a class=\"myButt \" href=\"http:\/\/forst.igbau.nrw\/?p=2019\">Weitere Infos &#8230;<\/a><\/p>\n","protected":false},"author":1,"featured_media":1255,"comment_status":"closed","ping_status":"open","sticky":false,"template":"","format":"standard","meta":{"ngg_post_thumbnail":0,"jetpack_post_was_ever_published":false,"_jetpack_newsletter_access":"","_jetpack_dont_email_post_to_subs":false,"_jetpack_newsletter_tier_id":0,"_jetpack_memberships_contains_paywalled_content":false,"_jetpack_memberships_contains_paid_content":false,"footnotes":"","jetpack_publicize_message":"","jetpack_publicize_feature_enabled":true,"jetpack_social_post_already_shared":true,"jetpack_social_options":{"image_generator_settings":{"template":"highway","default_image_id":0,"font":"","enabled":false},"version":2}},"categories":[5],"tags":[],"class_list":["post-2019","post","type-post","status-publish","format-standard","has-post-thumbnail","hentry","category-forstwirtschaft"],"jetpack_publicize_connections":[],"jetpack_featured_media_url":"https:\/\/i0.wp.com\/forst.igbau.nrw\/wp-content\/uploads\/2019\/10\/igbau.jpeg?fit=320%2C160","jetpack_sharing_enabled":true,"jetpack_shortlink":"https:\/\/wp.me\/p8x7f7-wz","jetpack-related-posts":[],"_links":{"self":[{"href":"http:\/\/forst.igbau.nrw\/index.php?rest_route=\/wp\/v2\/posts\/2019","targetHints":{"allow":["GET"]}}],"collection":[{"href":"http:\/\/forst.igbau.nrw\/index.php?rest_route=\/wp\/v2\/posts"}],"about":[{"href":"http:\/\/forst.igbau.nrw\/index.php?rest_route=\/wp\/v2\/types\/post"}],"author":[{"embeddable":true,"href":"http:\/\/forst.igbau.nrw\/index.php?rest_route=\/wp\/v2\/users\/1"}],"replies":[{"embeddable":true,"href":"http:\/\/forst.igbau.nrw\/index.php?rest_route=%2Fwp%2Fv2%2Fcomments&post=2019"}],"version-history":[{"count":1,"href":"http:\/\/forst.igbau.nrw\/index.php?rest_route=\/wp\/v2\/posts\/2019\/revisions"}],"predecessor-version":[{"id":2021,"href":"http:\/\/forst.igbau.nrw\/index.php?rest_route=\/wp\/v2\/posts\/2019\/revisions\/2021"}],"wp:featuredmedia":[{"embeddable":true,"href":"http:\/\/forst.igbau.nrw\/index.php?rest_route=\/wp\/v2\/media\/1255"}],"wp:attachment":[{"href":"http:\/\/forst.igbau.nrw\/index.php?rest_route=%2Fwp%2Fv2%2Fmedia&parent=2019"}],"wp:term":[{"taxonomy":"category","embeddable":true,"href":"http:\/\/forst.igbau.nrw\/index.php?rest_route=%2Fwp%2Fv2%2Fcategories&post=2019"},{"taxonomy":"post_tag","embeddable":true,"href":"http:\/\/forst.igbau.nrw\/index.php?rest_route=%2Fwp%2Fv2%2Ftags&post=2019"}],"curies":[{"name":"wp","href":"https:\/\/api.w.org\/{rel}","templated":true}]}}