{"id":2029,"date":"2021-07-30T08:57:25","date_gmt":"2021-07-30T08:57:25","guid":{"rendered":"http:\/\/forst.igbau.nrw\/?p=2029"},"modified":"2021-07-30T08:57:25","modified_gmt":"2021-07-30T08:57:25","slug":"dgb-zukunftsdialog-ohne-gesunden-wald-kein-effektiver-klimaschutz","status":"publish","type":"post","link":"http:\/\/forst.igbau.nrw\/?p=2029","title":{"rendered":"DGB-Zukunftsdialog: Ohne gesunden Wald kein effektiver Klimaschutz"},"content":{"rendered":"<p>Ein Drittel der Fl\u00e4che Deutschlands ist mit Wald bedeckt. Ein Gro\u00dfteil davon dient als Wirtschaftswald, bei dem die Produktion von Holz lange im Vordergrund stand. Dort wurden besonders viele Fichten auch als Folge des Rohstoffbedarfs in der Nachkriegszeit angepflanzt. Doch diese Nadelb\u00e4ume wachsen hier oft an Standorten, die im Vergleich zu ihrem nat\u00fcrlichen Verbreitungsgebiet zu warm und zu trocken sind. Die B\u00e4ume werden dadurch anf\u00e4lliger gegen\u00fcber Sch\u00e4dlingen und Sturmsch\u00e4den. \u00dcber 250 000 Hektar m\u00fcssen aufgrund der Waldsch\u00e4den auch in Laubw\u00e4ldern und Mischw\u00e4ldern bereits wiederbewaldet werden. Der Klimawandel verst\u00e4rkt diesen Effekt. Die letzten extrem trockenen und hei\u00dfen Sommer hatten dramatische Folgen: Die Menge der durch Sch\u00e4dlingsbefall zerst\u00f6rten B\u00e4ume hat sich seit 2015 nahezu verzehnfacht.<\/p>\n<p><a href=\"https:\/\/igbau.de\/DGB-Zukunftsdialog-Ohne-gesunden-Wald-kein-effektiver-Klimaschutz.html\" target=\"_blank\" rel=\"noopener\">Zum gesamten Text:<\/a><\/p>\n<p>&nbsp;<\/p>\n","protected":false},"excerpt":{"rendered":"<p>Ein Drittel der Fl\u00e4che Deutschlands ist mit Wald bedeckt. Ein Gro\u00dfteil davon dient als Wirtschaftswald, bei dem die Produktion von Holz lange<\/p>\n<p class=\"link-more\"><a class=\"myButt \" href=\"http:\/\/forst.igbau.nrw\/?p=2029\">Weitere Infos &#8230;<\/a><\/p>\n","protected":false},"author":1,"featured_media":1075,"comment_status":"closed","ping_status":"open","sticky":false,"template":"","format":"standard","meta":{"ngg_post_thumbnail":0,"jetpack_post_was_ever_published":false,"_jetpack_newsletter_access":"","_jetpack_dont_email_post_to_subs":false,"_jetpack_newsletter_tier_id":0,"_jetpack_memberships_contains_paywalled_content":false,"_jetpack_memberships_contains_paid_content":false,"footnotes":"","jetpack_publicize_message":"","jetpack_publicize_feature_enabled":true,"jetpack_social_post_already_shared":true,"jetpack_social_options":{"image_generator_settings":{"template":"highway","default_image_id":0,"font":"","enabled":false},"version":2}},"categories":[5],"tags":[],"class_list":["post-2029","post","type-post","status-publish","format-standard","has-post-thumbnail","hentry","category-forstwirtschaft"],"jetpack_publicize_connections":[],"jetpack_featured_media_url":"https:\/\/i0.wp.com\/forst.igbau.nrw\/wp-content\/uploads\/2019\/06\/dgb_small.png?fit=109%2C63","jetpack_sharing_enabled":true,"jetpack_shortlink":"https:\/\/wp.me\/p8x7f7-wJ","jetpack-related-posts":[],"_links":{"self":[{"href":"http:\/\/forst.igbau.nrw\/index.php?rest_route=\/wp\/v2\/posts\/2029","targetHints":{"allow":["GET"]}}],"collection":[{"href":"http:\/\/forst.igbau.nrw\/index.php?rest_route=\/wp\/v2\/posts"}],"about":[{"href":"http:\/\/forst.igbau.nrw\/index.php?rest_route=\/wp\/v2\/types\/post"}],"author":[{"embeddable":true,"href":"http:\/\/forst.igbau.nrw\/index.php?rest_route=\/wp\/v2\/users\/1"}],"replies":[{"embeddable":true,"href":"http:\/\/forst.igbau.nrw\/index.php?rest_route=%2Fwp%2Fv2%2Fcomments&post=2029"}],"version-history":[{"count":1,"href":"http:\/\/forst.igbau.nrw\/index.php?rest_route=\/wp\/v2\/posts\/2029\/revisions"}],"predecessor-version":[{"id":2030,"href":"http:\/\/forst.igbau.nrw\/index.php?rest_route=\/wp\/v2\/posts\/2029\/revisions\/2030"}],"wp:featuredmedia":[{"embeddable":true,"href":"http:\/\/forst.igbau.nrw\/index.php?rest_route=\/wp\/v2\/media\/1075"}],"wp:attachment":[{"href":"http:\/\/forst.igbau.nrw\/index.php?rest_route=%2Fwp%2Fv2%2Fmedia&parent=2029"}],"wp:term":[{"taxonomy":"category","embeddable":true,"href":"http:\/\/forst.igbau.nrw\/index.php?rest_route=%2Fwp%2Fv2%2Fcategories&post=2029"},{"taxonomy":"post_tag","embeddable":true,"href":"http:\/\/forst.igbau.nrw\/index.php?rest_route=%2Fwp%2Fv2%2Ftags&post=2029"}],"curies":[{"name":"wp","href":"https:\/\/api.w.org\/{rel}","templated":true}]}}