{"id":2035,"date":"2021-08-03T08:44:56","date_gmt":"2021-08-03T08:44:56","guid":{"rendered":"http:\/\/forst.igbau.nrw\/?p=2035"},"modified":"2021-08-03T08:44:56","modified_gmt":"2021-08-03T08:44:56","slug":"klimawandel-im-wald-was-heisst-das-fuer-die-beschaeftigten-im-forst","status":"publish","type":"post","link":"http:\/\/forst.igbau.nrw\/?p=2035","title":{"rendered":"Klimawandel im Wald: Was hei\u00dft das f\u00fcr die Besch\u00e4ftigten im Forst?"},"content":{"rendered":"<p>\u201eIch glaube, es gibt keinen Forstmenschen, dem es egal ist, wie es momentan drau\u00dfen aussieht\u201c meint F\u00f6rsterin Rita Kotschenreuther.<\/p>\n<p>Im <a href=\"https:\/\/www.youtube.com\/watch?v=N5nLiixjKH0\" target=\"_blank\" rel=\"noopener\">Video<\/a> erkl\u00e4rt das IG BAU-Mitglied, wie Klimawandel und die damit verbundenen \u00c4nderungen bei den Niederschl\u00e4gen dem Wald schaden \u2013 und welche Gegenma\u00dfnahmen erforderlich sind. Die wiederum bedeuten Arbeit \u2013 viel zu viel, f\u00fcr viel zu wenige Besch\u00e4ftigte. Eine Umfrage von uns ergab, dass viele von ihnen jetzt schon unter dem zus\u00e4tzlichen Stress leiden, bis hin zum Burnout. Das bereitet unserem Stellvertretenden Bundesvorsitzenden Harald Schaum Sorge. Die Politik hat zwar mittlerweile finanzielle Mittel zur Verf\u00fcgung gestellt, das alleine reicht aber nicht aus. Es braucht auch ausreichend und gut qualifiziertes Personal, um den Wald an den Klimawandel anzupassen \u2013 11 000 zus\u00e4tzliche Arbeitnehmer*innen, um genau zu sein.<\/p>\n<p><strong><a href=\"https:\/\/www.youtube.com\/watch?v=N5nLiixjKH0\" target=\"_blank\" rel=\"noopener\">Zum Video geht es hier weiter &#8230;&#8230;.<\/a><\/strong><\/p>\n<p><a href=\"https:\/\/www.youtube.com\/watch?v=N5nLiixjKH0\" target=\"_blank\" rel=\"noopener\"><img data-recalc-dims=\"1\" fetchpriority=\"high\" decoding=\"async\" data-attachment-id=\"1374\" data-permalink=\"http:\/\/forst.igbau.nrw\/?attachment_id=1374\" data-orig-file=\"https:\/\/i0.wp.com\/forst.igbau.nrw\/wp-content\/uploads\/2019\/11\/IGBAU_Forst_Streik_Sep19__27.jpg?fit=2367%2C1578\" data-orig-size=\"2367,1578\" data-comments-opened=\"1\" data-image-meta=\"{&quot;aperture&quot;:&quot;7.1&quot;,&quot;credit&quot;:&quot;Peter Wicke&quot;,&quot;camera&quot;:&quot;Canon EOS R&quot;,&quot;caption&quot;:&quot;&quot;,&quot;created_timestamp&quot;:&quot;1569405333&quot;,&quot;copyright&quot;:&quot;Peter Wicke&quot;,&quot;focal_length&quot;:&quot;45&quot;,&quot;iso&quot;:&quot;1250&quot;,&quot;shutter_speed&quot;:&quot;0.002&quot;,&quot;title&quot;:&quot;&quot;,&quot;orientation&quot;:&quot;1&quot;}\" data-image-title=\"IGBAU_Forst_Streik_Sep19__27\" data-image-description=\"\" data-image-caption=\"\" data-large-file=\"https:\/\/i0.wp.com\/forst.igbau.nrw\/wp-content\/uploads\/2019\/11\/IGBAU_Forst_Streik_Sep19__27.jpg?fit=640%2C427\" class=\"aligncenter size-large wp-image-1374\" src=\"https:\/\/i0.wp.com\/forst.igbau.nrw\/wp-content\/uploads\/2019\/11\/IGBAU_Forst_Streik_Sep19__27.jpg?resize=640%2C427\" alt=\"IGBAU beim Waldgipfel 2019\" width=\"640\" height=\"427\" srcset=\"https:\/\/i0.wp.com\/forst.igbau.nrw\/wp-content\/uploads\/2019\/11\/IGBAU_Forst_Streik_Sep19__27.jpg?resize=1024%2C683 1024w, https:\/\/i0.wp.com\/forst.igbau.nrw\/wp-content\/uploads\/2019\/11\/IGBAU_Forst_Streik_Sep19__27.jpg?resize=300%2C200 300w, https:\/\/i0.wp.com\/forst.igbau.nrw\/wp-content\/uploads\/2019\/11\/IGBAU_Forst_Streik_Sep19__27.jpg?resize=768%2C512 768w, https:\/\/i0.wp.com\/forst.igbau.nrw\/wp-content\/uploads\/2019\/11\/IGBAU_Forst_Streik_Sep19__27.jpg?resize=1536%2C1024 1536w, https:\/\/i0.wp.com\/forst.igbau.nrw\/wp-content\/uploads\/2019\/11\/IGBAU_Forst_Streik_Sep19__27.jpg?resize=2048%2C1365 2048w, https:\/\/i0.wp.com\/forst.igbau.nrw\/wp-content\/uploads\/2019\/11\/IGBAU_Forst_Streik_Sep19__27.jpg?resize=1140%2C760 1140w, https:\/\/i0.wp.com\/forst.igbau.nrw\/wp-content\/uploads\/2019\/11\/IGBAU_Forst_Streik_Sep19__27.jpg?w=1280 1280w, https:\/\/i0.wp.com\/forst.igbau.nrw\/wp-content\/uploads\/2019\/11\/IGBAU_Forst_Streik_Sep19__27.jpg?w=1920 1920w\" sizes=\"(max-width: 640px) 100vw, 640px\" \/><\/a><\/p>\n","protected":false},"excerpt":{"rendered":"<p>\u201eIch glaube, es gibt keinen Forstmenschen, dem es egal ist, wie es momentan drau\u00dfen aussieht\u201c meint F\u00f6rsterin Rita Kotschenreuther. Im Video erkl\u00e4rt<\/p>\n<p class=\"link-more\"><a class=\"myButt \" href=\"http:\/\/forst.igbau.nrw\/?p=2035\">Weitere Infos &#8230;<\/a><\/p>\n","protected":false},"author":1,"featured_media":1374,"comment_status":"closed","ping_status":"open","sticky":false,"template":"","format":"standard","meta":{"ngg_post_thumbnail":0,"jetpack_post_was_ever_published":false,"_jetpack_newsletter_access":"","_jetpack_dont_email_post_to_subs":false,"_jetpack_newsletter_tier_id":0,"_jetpack_memberships_contains_paywalled_content":false,"_jetpack_memberships_contains_paid_content":false,"footnotes":"","jetpack_publicize_message":"","jetpack_publicize_feature_enabled":true,"jetpack_social_post_already_shared":true,"jetpack_social_options":{"image_generator_settings":{"template":"highway","default_image_id":0,"font":"","enabled":false},"version":2}},"categories":[8,22,15],"tags":[],"class_list":["post-2035","post","type-post","status-publish","format-standard","has-post-thumbnail","hentry","category-ig-bau","category-klimawandel","category-oeffentlichkeitsarbeit"],"jetpack_publicize_connections":[],"jetpack_featured_media_url":"https:\/\/i0.wp.com\/forst.igbau.nrw\/wp-content\/uploads\/2019\/11\/IGBAU_Forst_Streik_Sep19__27.jpg?fit=2367%2C1578","jetpack_sharing_enabled":true,"jetpack_shortlink":"https:\/\/wp.me\/p8x7f7-wP","jetpack-related-posts":[],"_links":{"self":[{"href":"http:\/\/forst.igbau.nrw\/index.php?rest_route=\/wp\/v2\/posts\/2035","targetHints":{"allow":["GET"]}}],"collection":[{"href":"http:\/\/forst.igbau.nrw\/index.php?rest_route=\/wp\/v2\/posts"}],"about":[{"href":"http:\/\/forst.igbau.nrw\/index.php?rest_route=\/wp\/v2\/types\/post"}],"author":[{"embeddable":true,"href":"http:\/\/forst.igbau.nrw\/index.php?rest_route=\/wp\/v2\/users\/1"}],"replies":[{"embeddable":true,"href":"http:\/\/forst.igbau.nrw\/index.php?rest_route=%2Fwp%2Fv2%2Fcomments&post=2035"}],"version-history":[{"count":1,"href":"http:\/\/forst.igbau.nrw\/index.php?rest_route=\/wp\/v2\/posts\/2035\/revisions"}],"predecessor-version":[{"id":2036,"href":"http:\/\/forst.igbau.nrw\/index.php?rest_route=\/wp\/v2\/posts\/2035\/revisions\/2036"}],"wp:featuredmedia":[{"embeddable":true,"href":"http:\/\/forst.igbau.nrw\/index.php?rest_route=\/wp\/v2\/media\/1374"}],"wp:attachment":[{"href":"http:\/\/forst.igbau.nrw\/index.php?rest_route=%2Fwp%2Fv2%2Fmedia&parent=2035"}],"wp:term":[{"taxonomy":"category","embeddable":true,"href":"http:\/\/forst.igbau.nrw\/index.php?rest_route=%2Fwp%2Fv2%2Fcategories&post=2035"},{"taxonomy":"post_tag","embeddable":true,"href":"http:\/\/forst.igbau.nrw\/index.php?rest_route=%2Fwp%2Fv2%2Ftags&post=2035"}],"curies":[{"name":"wp","href":"https:\/\/api.w.org\/{rel}","templated":true}]}}