{"id":2041,"date":"2021-08-06T07:57:51","date_gmt":"2021-08-06T07:57:51","guid":{"rendered":"http:\/\/forst.igbau.nrw\/?p=2041"},"modified":"2021-10-14T09:16:19","modified_gmt":"2021-10-14T09:16:19","slug":"ein-forstwirt-gelangt-auf-langem-weg-zum-ziel","status":"publish","type":"post","link":"http:\/\/forst.igbau.nrw\/?p=2041","title":{"rendered":"Rechtsschutz der IGBAU &#8211; Ein Forstwirt gelangt auf langem Weg zum Ziel !!"},"content":{"rendered":"<div class=\"subtitle\">Die Landesvertretung Forst und Naturschutz wurde 2018 durch einen Kollegen gebeten Ihn in einem Bewerbungsverfahren auf eine Funktion bei Wald und Holz NRW zu unterst\u00fctzen.<\/div>\n<div>&nbsp;<\/div>\n<div class=\"subtitle\">Nach erfolglosen Versuchen ohne rechtliche Schritte eine Einigung zu erzielen wurde der Beschluss gefasst \u00fcber den DGB Rechtsschutz den Kollegen in der Sache vertreten zu lassen<\/div>\n<div>&nbsp;<\/div>\n<div class=\"subtitle\">Die zust\u00e4ndige DGB Rechtsschutz Abteilung Paderborn \u00fcbernahm den Fall und konnte dem Kollegen eine Zulassung zum Verfahren f\u00fcr seine Wunsch-Stelle als Forstwirtschaftsmeister erm\u00f6glichen.<\/div>\n<div>&nbsp;<\/div>\n<div class=\"subtitle\">Jedoch ganz so einfach war der Weg zum Ziel nicht.<\/div>\n<div>&nbsp;<\/div>\n<div><strong><a href=\"https:\/\/www.dgbrechtsschutz.de\/recht\/arbeitsrecht\/arbeitsvertrag\/themen\/beitrag\/ansicht\/arbeitsvertrag\/ein-forstwirt-gelangt-auf-langem-weg-zum-ziel\/details\/anzeige\/\" target=\"_blank\" rel=\"noopener\">Welche Positive Auswirkungen eine rechtliche Vertretung der Gewerkschaft bedeuten kann beschreibt der Artikel zum Verfahren.<\/a><\/strong><\/div>\n","protected":false},"excerpt":{"rendered":"<p>Die Landesvertretung Forst und Naturschutz wurde 2018 durch einen Kollegen gebeten Ihn in einem Bewerbungsverfahren auf eine Funktion bei Wald und Holz<\/p>\n<p class=\"link-more\"><a class=\"myButt \" href=\"http:\/\/forst.igbau.nrw\/?p=2041\">Weitere Infos &#8230;<\/a><\/p>\n","protected":false},"author":1,"featured_media":960,"comment_status":"closed","ping_status":"open","sticky":false,"template":"","format":"standard","meta":{"ngg_post_thumbnail":0,"jetpack_post_was_ever_published":false,"_jetpack_newsletter_access":"","_jetpack_dont_email_post_to_subs":false,"_jetpack_newsletter_tier_id":0,"_jetpack_memberships_contains_paywalled_content":false,"_jetpack_memberships_contains_paid_content":false,"footnotes":"","jetpack_publicize_message":"","jetpack_publicize_feature_enabled":true,"jetpack_social_post_already_shared":true,"jetpack_social_options":{"image_generator_settings":{"template":"highway","default_image_id":0,"font":"","enabled":false},"version":2}},"categories":[21,8,42],"tags":[],"class_list":["post-2041","post","type-post","status-publish","format-standard","has-post-thumbnail","hentry","category-dgb-gewerkschaften","category-ig-bau","category-rechtsschutz"],"jetpack_publicize_connections":[],"jetpack_featured_media_url":"https:\/\/i0.wp.com\/forst.igbau.nrw\/wp-content\/uploads\/2019\/04\/logo_left.png?fit=170%2C116","jetpack_sharing_enabled":true,"jetpack_shortlink":"https:\/\/wp.me\/p8x7f7-wV","jetpack-related-posts":[],"_links":{"self":[{"href":"http:\/\/forst.igbau.nrw\/index.php?rest_route=\/wp\/v2\/posts\/2041","targetHints":{"allow":["GET"]}}],"collection":[{"href":"http:\/\/forst.igbau.nrw\/index.php?rest_route=\/wp\/v2\/posts"}],"about":[{"href":"http:\/\/forst.igbau.nrw\/index.php?rest_route=\/wp\/v2\/types\/post"}],"author":[{"embeddable":true,"href":"http:\/\/forst.igbau.nrw\/index.php?rest_route=\/wp\/v2\/users\/1"}],"replies":[{"embeddable":true,"href":"http:\/\/forst.igbau.nrw\/index.php?rest_route=%2Fwp%2Fv2%2Fcomments&post=2041"}],"version-history":[{"count":2,"href":"http:\/\/forst.igbau.nrw\/index.php?rest_route=\/wp\/v2\/posts\/2041\/revisions"}],"predecessor-version":[{"id":2223,"href":"http:\/\/forst.igbau.nrw\/index.php?rest_route=\/wp\/v2\/posts\/2041\/revisions\/2223"}],"wp:featuredmedia":[{"embeddable":true,"href":"http:\/\/forst.igbau.nrw\/index.php?rest_route=\/wp\/v2\/media\/960"}],"wp:attachment":[{"href":"http:\/\/forst.igbau.nrw\/index.php?rest_route=%2Fwp%2Fv2%2Fmedia&parent=2041"}],"wp:term":[{"taxonomy":"category","embeddable":true,"href":"http:\/\/forst.igbau.nrw\/index.php?rest_route=%2Fwp%2Fv2%2Fcategories&post=2041"},{"taxonomy":"post_tag","embeddable":true,"href":"http:\/\/forst.igbau.nrw\/index.php?rest_route=%2Fwp%2Fv2%2Ftags&post=2041"}],"curies":[{"name":"wp","href":"https:\/\/api.w.org\/{rel}","templated":true}]}}