{"id":2051,"date":"2021-08-13T11:16:11","date_gmt":"2021-08-13T11:16:11","guid":{"rendered":"http:\/\/forst.igbau.nrw\/?p=2051"},"modified":"2021-08-20T07:16:33","modified_gmt":"2021-08-20T07:16:33","slug":"igbau-auf-waldspaziergang-mit-umweltministerin-ursula-heinen-esser","status":"publish","type":"post","link":"http:\/\/forst.igbau.nrw\/?p=2051","title":{"rendered":"Landesregierung spart an falscher Stelle \u2013 Investitionen in den Wald w\u00e4ren Investitionen in Klimaschutz und Zukunft"},"content":{"rendered":"<div>\n<div class=\"css-1dbjc4n r-j5o65s r-qklmqi r-1adg3ll r-1ny4l3l\">\n<div class=\"css-1dbjc4n\">\n<article class=\"css-1dbjc4n r-18u37iz r-1ny4l3l r-1udh08x r-1qhn6m8 r-i023vh\" role=\"article\" aria-labelledby=\"id__89xj99e8lc8 id__lzzzxs6ow8 id__bv98zw37ig id__4ntmewde6ug id__4drn4dotp9m id__gpaqznu4g9q id__kc8mvl6uc7r id__d4pfo9z302o id__ndbaz5mymui id__ktfgngg719o id__o8gf0c2l9m id__jf7htz472gn\">\n<div class=\"css-1dbjc4n r-eqz5dr r-16y2uox r-1wbh5a2\">\n<div class=\"css-1dbjc4n r-16y2uox r-1wbh5a2 r-1ny4l3l\">\n<div class=\"css-1dbjc4n\">\n<div class=\"css-1dbjc4n\">\n<div class=\"css-1dbjc4n\">\n<div class=\"css-1dbjc4n r-1s2bzr4\">\n<div id=\"id__d4pfo9z302o\" class=\"css-901oao r-18jsvk2 r-37j5jr r-1blvdjr r-16dba41 r-vrz42v r-bcqeeo r-bnwqim r-qvutc0\" dir=\"auto\" lang=\"de\"><span class=\"css-901oao css-16my406 r-poiln3 r-bcqeeo r-qvutc0\">F\u00fcr die IGBAU vertreten durch Antonia K\u00fchn (IGBAU Regionalleiterin Rheinland), Reinhard Steffen (IGBAU Gewerkschaftssekret\u00e4r) und Peter Wicke ( IGBAU Landesvertretung Forst) bestand nach langen Vorlauf die M\u00f6glichkeit im Rahmen eines Waldspazierganges mit Frau Ministerin Ursula Heinen-Esser aktuelle Fragen rund um den Wald und den Landesbetrieb Wald und Holz Nordrhein-Westfalen anzusprechen.<br \/>\n<\/span><\/div>\n<div dir=\"auto\" lang=\"de\">&nbsp;<\/div>\n<\/div>\n<div dir=\"auto\" lang=\"de\">Der urspr\u00fcnglich geplante Termin unter Beteiligung von Anja Weber (DGB NRW) war durch Terminprobleme mehrfach verschoben worden.<\/div>\n<div dir=\"auto\" lang=\"de\">&nbsp;<\/div>\n<div dir=\"auto\" lang=\"de\">Im Forstbetriebsbezirk Knechtsteden stellte Theo Peters (Wald und Holz NRW) unter Begleitung von J\u00f6rg Fillmann (Wald und Holz NRW) anhand von 2 Waldbildern die \u00f6rtlichen Folgen der D\u00fcrrejahre vor. Sowohl der bereits zu gro\u00dfen Teilen ger\u00e4umte Sitkafichtenbestand als auch ein Buchenaltholzbestand waren sichtbar durch die Trockenheit gesch\u00e4digt und stellt die Forstkollegen vor die Aufgabe der Waldsicherung und im stark frequentierten Naherholungsgebiet die erh\u00f6hte Verkehrssicherung zu gew\u00e4hrleisten.<\/div>\n<div dir=\"auto\" lang=\"de\">&nbsp;<\/div>\n<\/div>\n<div dir=\"auto\" lang=\"de\"><a href=\"https:\/\/i0.wp.com\/forst.igbau.nrw\/wp-content\/uploads\/2021\/08\/20210811_100447-scaled.jpeg\"><img data-recalc-dims=\"1\" fetchpriority=\"high\" decoding=\"async\" data-attachment-id=\"2053\" data-permalink=\"http:\/\/forst.igbau.nrw\/?attachment_id=2053\" data-orig-file=\"https:\/\/i0.wp.com\/forst.igbau.nrw\/wp-content\/uploads\/2021\/08\/20210811_100447-scaled.jpeg?fit=2560%2C1757\" data-orig-size=\"2560,1757\" data-comments-opened=\"0\" data-image-meta=\"{&quot;aperture&quot;:&quot;1.9&quot;,&quot;credit&quot;:&quot;&quot;,&quot;camera&quot;:&quot;SM-G390F&quot;,&quot;caption&quot;:&quot;&quot;,&quot;created_timestamp&quot;:&quot;1628669087&quot;,&quot;copyright&quot;:&quot;&quot;,&quot;focal_length&quot;:&quot;3.7&quot;,&quot;iso&quot;:&quot;40&quot;,&quot;shutter_speed&quot;:&quot;0.0039840637450199&quot;,&quot;title&quot;:&quot;&quot;,&quot;orientation&quot;:&quot;0&quot;}\" data-image-title=\"20210811_100447\" data-image-description=\"\" data-image-caption=\"\" data-large-file=\"https:\/\/i0.wp.com\/forst.igbau.nrw\/wp-content\/uploads\/2021\/08\/20210811_100447-scaled.jpeg?fit=640%2C439\" class=\"aligncenter size-large wp-image-2053\" src=\"https:\/\/i0.wp.com\/forst.igbau.nrw\/wp-content\/uploads\/2021\/08\/20210811_100447.jpeg?resize=640%2C439\" alt=\"\" width=\"640\" height=\"439\" srcset=\"https:\/\/i0.wp.com\/forst.igbau.nrw\/wp-content\/uploads\/2021\/08\/20210811_100447-scaled.jpeg?resize=1024%2C703 1024w, https:\/\/i0.wp.com\/forst.igbau.nrw\/wp-content\/uploads\/2021\/08\/20210811_100447-scaled.jpeg?resize=300%2C206 300w, https:\/\/i0.wp.com\/forst.igbau.nrw\/wp-content\/uploads\/2021\/08\/20210811_100447-scaled.jpeg?resize=768%2C527 768w, https:\/\/i0.wp.com\/forst.igbau.nrw\/wp-content\/uploads\/2021\/08\/20210811_100447-scaled.jpeg?resize=1536%2C1054 1536w, https:\/\/i0.wp.com\/forst.igbau.nrw\/wp-content\/uploads\/2021\/08\/20210811_100447-scaled.jpeg?resize=2048%2C1406 2048w, https:\/\/i0.wp.com\/forst.igbau.nrw\/wp-content\/uploads\/2021\/08\/20210811_100447-scaled.jpeg?resize=1140%2C782 1140w, https:\/\/i0.wp.com\/forst.igbau.nrw\/wp-content\/uploads\/2021\/08\/20210811_100447-scaled.jpeg?w=1280 1280w, https:\/\/i0.wp.com\/forst.igbau.nrw\/wp-content\/uploads\/2021\/08\/20210811_100447-scaled.jpeg?w=1920 1920w\" sizes=\"(max-width: 640px) 100vw, 640px\" \/><\/a>Foto J\u00f6rg Fillmann<\/div>\n<\/div>\n<\/div>\n<\/div>\n<\/div>\n<\/article>\n<div dir=\"auto\" lang=\"de\">&nbsp;<\/div>\n<article class=\"css-1dbjc4n r-18u37iz r-1ny4l3l r-1udh08x r-1qhn6m8 r-i023vh\" role=\"article\" aria-labelledby=\"id__89xj99e8lc8 id__lzzzxs6ow8 id__bv98zw37ig id__4ntmewde6ug id__4drn4dotp9m id__gpaqznu4g9q id__kc8mvl6uc7r id__d4pfo9z302o id__ndbaz5mymui id__ktfgngg719o id__o8gf0c2l9m id__jf7htz472gn\">\n<div class=\"css-1dbjc4n r-eqz5dr r-16y2uox r-1wbh5a2\">\n<div class=\"css-1dbjc4n r-16y2uox r-1wbh5a2 r-1ny4l3l\">\n<div class=\"css-1dbjc4n\">\n<div class=\"css-1dbjc4n\">\n<div class=\"css-1dbjc4n\">\n<div class=\"css-1dbjc4n r-1s2bzr4\">\n<div dir=\"auto\" lang=\"de\">&nbsp;<\/div>\n<div class=\"css-901oao r-18jsvk2 r-37j5jr r-1blvdjr r-16dba41 r-vrz42v r-bcqeeo r-bnwqim r-qvutc0\" dir=\"auto\" lang=\"de\"><span class=\"css-901oao css-16my406 r-poiln3 r-bcqeeo r-qvutc0\">Der IGBAU Delegation ging es vordringlich um die angespannte Personalsituation bei Wald in NRW vor dem Hintergrund der Klimafolgen.<\/span><\/div>\n<div dir=\"auto\" lang=\"de\">&nbsp;<\/div>\n<\/div>\n<div dir=\"auto\" lang=\"de\">Mit Hinweis auf die Unfrage der IGBAU auf Bundesebene zum Thema <strong><a href=\"https:\/\/igbau.de\/Ergebnisse-der-IG-BAU-Umfrage-Wald-Klima-Schutz-Hohe-Arbeitsbelastung-der-Forstbeschaeftigten-im-Klimawandel.html\" target=\"_blank\" rel=\"noopener\">&#8222;Arbeitsbelastung der Forstbesch\u00e4ftigten im Klimawandel&#8220;<\/a><\/strong> stellte die Gewerkschaftsvertretung die <span class=\"css-901oao css-16my406 r-poiln3 r-bcqeeo r-qvutc0\">Forderung der IGBAU nach mehr Personal f\u00fcr den Wald (1 auf 1000 ha) in den Vordergrund.<\/span><\/div>\n<div dir=\"auto\" lang=\"de\">&nbsp;<\/div>\n<\/div>\n<div dir=\"auto\" lang=\"de\">Leider gab es dazu keine positiven Aussagen der Ministerin, die konkreten Aussichten d\u00e4mpfte Herr Dr. Leifer ( MULNV NRW) mit der aktuellen Finanzsituation. Er verwies auf das zugesagte zus\u00e4tzliche Personal f\u00fcr den Landesbetrieb im einstelligen Bereich und die aus Sicht des Ministeriums positive Haushaltsplanung, verbunden mit der Zusage, dass aktuell keine Stellenk\u00fcrzungen vor dem Hintergrund der Umstellung auf die &#8222;Direkte F\u00f6rderung&#8220; geplant sind.<\/div>\n<\/div>\n<\/div>\n<\/div>\n<div dir=\"auto\" lang=\"de\">&nbsp;<\/div>\n<div class=\"css-1dbjc4n r-16y2uox r-1wbh5a2 r-1ny4l3l\">\n<div class=\"css-1dbjc4n\">\n<div class=\"css-1dbjc4n\">\n<div class=\"css-1dbjc4n\">\n<div class=\"css-1dbjc4n r-1s2bzr4\">\n<div dir=\"auto\" lang=\"de\">Diese Sichtweise stellt die IGBAU in Frage und verwies auf die dringend erforderliche Zeitspanne die eine Umstellung des \u00fcber Jahrzehnte bestehenden Systems der Betreung von Waldbesitzern in NRW erfordert. Eine m\u00f6gliche Neubemessung der Stellenbedarfe f\u00fcr die Aufgaben der Landesforstverwaltung kann erst nach einer erfolgreichen Etablierung erfolgen und darf nicht bereits nach 2 Jahren als Grundlage von Finanzierungs\u00fcberlegungen herangezogen werden.<\/div>\n<div dir=\"auto\" lang=\"de\">&nbsp;<\/div>\n<div dir=\"auto\" lang=\"de\">Die Aufgaben im Wald f\u00fcr die Forstkolleginnen und Forstkollegen werden nach der Einsch\u00e4tzung der Gewerkschaft eher zunehmen als abnehmen.<\/div>\n<div dir=\"auto\" lang=\"de\">&nbsp;<\/div>\n<div dir=\"auto\" lang=\"de\">Als Beispiel wird das Defizit im Bereich der B\u00fcroarbeitspl\u00e4tze im Innendienst besprochen, bedingt auch durch komplizierte F\u00f6rdervorgaben besteht hier ein Mangel an Personal in der Forstverwaltung, diese wird schon seit l\u00e4ngeren nur durch eine nicht unerhebliche Anzahl von Besch\u00e4ftigten mit Zeit- und Projektvertr\u00e4gen \u00fcberdeckt.<\/div>\n<div dir=\"auto\" lang=\"de\">&nbsp;<\/div>\n<\/div>\n<\/div>\n<div class=\"css-1dbjc4n\">\n<div class=\"css-1dbjc4n r-1s2bzr4\">\n<div class=\"css-901oao r-18jsvk2 r-37j5jr r-1blvdjr r-16dba41 r-vrz42v r-bcqeeo r-bnwqim r-qvutc0\" dir=\"auto\" lang=\"de\"><span class=\"css-901oao css-16my406 r-poiln3 r-bcqeeo r-qvutc0\">Ein weiteres Thema war nachhaltiges <\/span><span class=\"css-901oao css-16my406 r-poiln3 r-bcqeeo r-qvutc0\">Bauen mit Holz und der dringend erforderlichen Vorbildfunktion der Landesregierung, hier vermisst die IGBAU konkrete Objekte in denen das MULNV den eigenen Bedarf realisiert. Auch wenn am Standort des Regionalforstamtes Kurk\u00f6lnisches Sauerland ein erstes Objekt nun endlich nach jahrelanger Findungsphase in die Realisierung geht, bedarf es weiterer Projekte aus Holz als Positivbeispiele in NRW.<br \/>\n<\/span><\/div>\n<\/div>\n<\/div>\n<div class=\"css-1dbjc4n\">\n<div class=\"css-1dbjc4n r-1s2bzr4\">\n<div dir=\"auto\" lang=\"de\">&nbsp;<\/div>\n<\/div>\n<\/div>\n<\/div>\n<\/div>\n<div dir=\"auto\" lang=\"de\">Hier sieht die IGBAU die Politik in der Pflicht Europaweit die Anbieter zu b\u00fcndeln und f\u00fcr eine Beteiligung an Bauma\u00dfnahmen in NRW zu gewinnen.<\/div>\n<\/div>\n<\/div>\n<div class=\"css-1dbjc4n r-eqz5dr r-16y2uox r-1wbh5a2\">\n<div class=\"css-1dbjc4n r-16y2uox r-1wbh5a2 r-1ny4l3l\">\n<div dir=\"auto\" lang=\"de\">&nbsp;<\/div>\n<\/div>\n<div dir=\"auto\" lang=\"de\">Abschlie\u00dfend stellt sich die Situation dar, dass der Dialog mit der Politik und der Gesellschaft zum Thema Wald verst\u00e4rkt werden muss. Die Erkenntnisse das im Klimawandel, die uns allen durch die schrecklichen Waldbr\u00e4nde und Kalamit\u00e4tsfolgen vor Augen gef\u00fchrt werden, viel mehr f\u00fcr den Wald getan werden muss, deckt sich all zu oft leider noch immer nicht mit den Betriebs- oder Haushaltspolitischen Zw\u00e4ngen der verantwortlichen Politik.<\/div>\n<\/div>\n<div dir=\"auto\" lang=\"de\">&nbsp;<\/div>\n<div dir=\"auto\" lang=\"de\">&nbsp;<\/div>\n<\/article>\n<\/div>\n<\/div>\n<\/div>\n","protected":false},"excerpt":{"rendered":"<p>F\u00fcr die IGBAU vertreten durch Antonia K\u00fchn (IGBAU Regionalleiterin Rheinland), Reinhard Steffen (IGBAU Gewerkschaftssekret\u00e4r) und Peter Wicke ( IGBAU Landesvertretung Forst) bestand<\/p>\n<p class=\"link-more\"><a class=\"myButt \" href=\"http:\/\/forst.igbau.nrw\/?p=2051\">Weitere Infos &#8230;<\/a><\/p>\n","protected":false},"author":2,"featured_media":2052,"comment_status":"closed","ping_status":"open","sticky":false,"template":"","format":"standard","meta":{"ngg_post_thumbnail":0,"jetpack_post_was_ever_published":false,"_jetpack_newsletter_access":"","_jetpack_dont_email_post_to_subs":false,"_jetpack_newsletter_tier_id":0,"_jetpack_memberships_contains_paywalled_content":false,"_jetpack_memberships_contains_paid_content":false,"footnotes":"","jetpack_publicize_message":"","jetpack_publicize_feature_enabled":true,"jetpack_social_post_already_shared":true,"jetpack_social_options":{"image_generator_settings":{"template":"highway","default_image_id":0,"font":"","enabled":false},"version":2}},"categories":[4,5,8,22,20],"tags":[],"class_list":["post-2051","post","type-post","status-publish","format-standard","has-post-thumbnail","hentry","category-forstpolitik","category-forstwirtschaft","category-ig-bau","category-klimawandel","category-landesbetrieb-wald-und-holz"],"jetpack_publicize_connections":[],"jetpack_featured_media_url":"https:\/\/i0.wp.com\/forst.igbau.nrw\/wp-content\/uploads\/2021\/08\/20210811_104024_copy_3456x2592-scaled.jpg?fit=2560%2C1920","jetpack_sharing_enabled":true,"jetpack_shortlink":"https:\/\/wp.me\/p8x7f7-x5","jetpack-related-posts":[],"_links":{"self":[{"href":"http:\/\/forst.igbau.nrw\/index.php?rest_route=\/wp\/v2\/posts\/2051","targetHints":{"allow":["GET"]}}],"collection":[{"href":"http:\/\/forst.igbau.nrw\/index.php?rest_route=\/wp\/v2\/posts"}],"about":[{"href":"http:\/\/forst.igbau.nrw\/index.php?rest_route=\/wp\/v2\/types\/post"}],"author":[{"embeddable":true,"href":"http:\/\/forst.igbau.nrw\/index.php?rest_route=\/wp\/v2\/users\/2"}],"replies":[{"embeddable":true,"href":"http:\/\/forst.igbau.nrw\/index.php?rest_route=%2Fwp%2Fv2%2Fcomments&post=2051"}],"version-history":[{"count":8,"href":"http:\/\/forst.igbau.nrw\/index.php?rest_route=\/wp\/v2\/posts\/2051\/revisions"}],"predecessor-version":[{"id":2062,"href":"http:\/\/forst.igbau.nrw\/index.php?rest_route=\/wp\/v2\/posts\/2051\/revisions\/2062"}],"wp:featuredmedia":[{"embeddable":true,"href":"http:\/\/forst.igbau.nrw\/index.php?rest_route=\/wp\/v2\/media\/2052"}],"wp:attachment":[{"href":"http:\/\/forst.igbau.nrw\/index.php?rest_route=%2Fwp%2Fv2%2Fmedia&parent=2051"}],"wp:term":[{"taxonomy":"category","embeddable":true,"href":"http:\/\/forst.igbau.nrw\/index.php?rest_route=%2Fwp%2Fv2%2Fcategories&post=2051"},{"taxonomy":"post_tag","embeddable":true,"href":"http:\/\/forst.igbau.nrw\/index.php?rest_route=%2Fwp%2Fv2%2Ftags&post=2051"}],"curies":[{"name":"wp","href":"https:\/\/api.w.org\/{rel}","templated":true}]}}