{"id":21,"date":"2017-03-19T21:26:46","date_gmt":"2017-03-19T21:26:46","guid":{"rendered":"http:\/\/forst.igbau.nrw\/?p=21"},"modified":"2017-04-03T13:20:16","modified_gmt":"2017-04-03T13:20:16","slug":"forstpolitischer-austausch-mit-der-spd","status":"publish","type":"post","link":"http:\/\/forst.igbau.nrw\/?p=21","title":{"rendered":"Forstpolitischer Austausch mit der SPD"},"content":{"rendered":"<p>Eine Neuauflage der forstpolitischen Gespr\u00e4che mit der SPD f\u00fchrte die Landesvertretung NRW am 09.03.2017 mit dem Generalsekret\u00e4r der SPD in NRW Herrn Andre Stinka und Herrn Heiner Kiekebusch als lokalen Ansprechpartner der SPD in D\u00fclmen.<\/p>\n<p><a href=\"https:\/\/spark.adobe.com\/page\/iFhOh1sHH2VI5\/\" target=\"_blank\">Zum Forstpolitischen Waldspaziergang&#8230;..<\/a><\/p>\n<p>&nbsp;<\/p>\n","protected":false},"excerpt":{"rendered":"<p>Eine Neuauflage der forstpolitischen Gespr\u00e4che mit der SPD f\u00fchrte die Landesvertretung NRW am 09.03.2017 mit dem Generalsekret\u00e4r der SPD in NRW Herrn<\/p>\n<p class=\"link-more\"><a class=\"myButt \" href=\"http:\/\/forst.igbau.nrw\/?p=21\">Weitere Infos &#8230;<\/a><\/p>\n","protected":false},"author":1,"featured_media":267,"comment_status":"open","ping_status":"open","sticky":false,"template":"","format":"link","meta":{"ngg_post_thumbnail":0,"jetpack_post_was_ever_published":false,"_jetpack_newsletter_access":"","_jetpack_dont_email_post_to_subs":true,"_jetpack_newsletter_tier_id":0,"_jetpack_memberships_contains_paywalled_content":false,"_jetpack_memberships_contains_paid_content":false,"footnotes":"","jetpack_publicize_message":"","jetpack_publicize_feature_enabled":true,"jetpack_social_post_already_shared":false,"jetpack_social_options":{"image_generator_settings":{"template":"highway","default_image_id":0,"font":"","enabled":false},"version":2}},"categories":[4,8,15],"tags":[],"class_list":["post-21","post","type-post","status-publish","format-link","has-post-thumbnail","hentry","category-forstpolitik","category-ig-bau","category-oeffentlichkeitsarbeit","post_format-post-format-link"],"jetpack_publicize_connections":[],"jetpack_featured_media_url":"https:\/\/i0.wp.com\/forst.igbau.nrw\/wp-content\/uploads\/2017\/03\/SPD_IGBAU_2017_2.jpg?fit=960%2C640","jetpack_sharing_enabled":true,"jetpack_shortlink":"https:\/\/wp.me\/p8x7f7-l","jetpack-related-posts":[],"_links":{"self":[{"href":"http:\/\/forst.igbau.nrw\/index.php?rest_route=\/wp\/v2\/posts\/21","targetHints":{"allow":["GET"]}}],"collection":[{"href":"http:\/\/forst.igbau.nrw\/index.php?rest_route=\/wp\/v2\/posts"}],"about":[{"href":"http:\/\/forst.igbau.nrw\/index.php?rest_route=\/wp\/v2\/types\/post"}],"author":[{"embeddable":true,"href":"http:\/\/forst.igbau.nrw\/index.php?rest_route=\/wp\/v2\/users\/1"}],"replies":[{"embeddable":true,"href":"http:\/\/forst.igbau.nrw\/index.php?rest_route=%2Fwp%2Fv2%2Fcomments&post=21"}],"version-history":[{"count":7,"href":"http:\/\/forst.igbau.nrw\/index.php?rest_route=\/wp\/v2\/posts\/21\/revisions"}],"predecessor-version":[{"id":325,"href":"http:\/\/forst.igbau.nrw\/index.php?rest_route=\/wp\/v2\/posts\/21\/revisions\/325"}],"wp:featuredmedia":[{"embeddable":true,"href":"http:\/\/forst.igbau.nrw\/index.php?rest_route=\/wp\/v2\/media\/267"}],"wp:attachment":[{"href":"http:\/\/forst.igbau.nrw\/index.php?rest_route=%2Fwp%2Fv2%2Fmedia&parent=21"}],"wp:term":[{"taxonomy":"category","embeddable":true,"href":"http:\/\/forst.igbau.nrw\/index.php?rest_route=%2Fwp%2Fv2%2Fcategories&post=21"},{"taxonomy":"post_tag","embeddable":true,"href":"http:\/\/forst.igbau.nrw\/index.php?rest_route=%2Fwp%2Fv2%2Ftags&post=21"}],"curies":[{"name":"wp","href":"https:\/\/api.w.org\/{rel}","templated":true}]}}