{"id":2180,"date":"2021-09-02T12:06:15","date_gmt":"2021-09-02T12:06:15","guid":{"rendered":"http:\/\/forst.igbau.nrw\/?p=2180"},"modified":"2021-09-02T13:05:04","modified_gmt":"2021-09-02T13:05:04","slug":"test","status":"publish","type":"post","link":"http:\/\/forst.igbau.nrw\/?p=2180","title":{"rendered":"Das Ende der Borkenk\u00e4fersaison zeichnet sich ab."},"content":{"rendered":"<p>Mit Ende des Sommers, sinkenden Temparaturen und k\u00fcrzeren Tageslicht reduziert sich die Aktivit\u00e4tsphase der Borkenk\u00e4fer in den Fichtenbest\u00e4nden in Nordrhein-Westfalen. Trotz der hohen Niederschl\u00e4ge und geringerer Temparaturen kam es auch im Jahr 2021 nicht zu einem zusammenbrechen der Borkenk\u00e4ferkalamit\u00e4t in NRW. Wenn man sich die Summe an befallenen Fl\u00e4chen und auch die Fangzahlen in den daf\u00fcr aufgestellten Monitoringfallen vor Augen f\u00fchrt, sprechen diese eine eindeutige Sprache.<\/p>\n<p>Diese Situation wird auch auf den durch den Landesbetrieb Wald und Holz Nordrhein-Westfalen bereitgestellten <a href=\"https:\/\/www.waldinfo.nrw.de\/waldinfo.html\" target=\"_blank\" rel=\"noopener\"><strong>Informationsseiten<\/strong><\/a> dargestellt.<\/p>\n<p>Die aktuelle Situation stellt sich in gro\u00dfen Teilen der Landesteile als weiterhin katastrophal dar. Die \u00f6konomischen Auswirkungen werden sich sowohl kurz- als auch langfristig auch auf die Wiederbewaldung auswirken. Es besteht die Gefahr das WaldbesitzerInnen durch die aktuellen Verluste ihr Interesse am Wald verlieren und schlimmsten Falls verkaufen diese den Wald an Interessenten die zumindest fragw\u00fcrdige Interessen verfolgen.<\/p>\n<p>An dieser Stelle stellt die Landesvertretung Forst in NRW erneut die Forderung, dass hier der Ankauf durch das Land NRW in diesen F\u00e4llen eine Option sein muss. Vor dem Hintergrund der dringend erforderlichen Klimaleistungen des Waldes eine aus unserer Sicht logische Konsequenz.<\/p>\n<p>&nbsp;<\/p>\n<p>&nbsp;<\/p>\n<p>&nbsp;<\/p>\n","protected":false},"excerpt":{"rendered":"<p>Mit Ende des Sommers, sinkenden Temparaturen und k\u00fcrzeren Tageslicht reduziert sich die Aktivit\u00e4tsphase der Borkenk\u00e4fer in den Fichtenbest\u00e4nden in Nordrhein-Westfalen. Trotz der<\/p>\n<p class=\"link-more\"><a class=\"myButt \" href=\"http:\/\/forst.igbau.nrw\/?p=2180\">Weitere Infos &#8230;<\/a><\/p>\n","protected":false},"author":1,"featured_media":1270,"comment_status":"closed","ping_status":"open","sticky":false,"template":"","format":"standard","meta":{"ngg_post_thumbnail":0,"jetpack_post_was_ever_published":false,"_jetpack_newsletter_access":"","_jetpack_dont_email_post_to_subs":false,"_jetpack_newsletter_tier_id":0,"_jetpack_memberships_contains_paywalled_content":false,"_jetpack_memberships_contains_paid_content":false,"footnotes":"","jetpack_publicize_message":"","jetpack_publicize_feature_enabled":true,"jetpack_social_post_already_shared":true,"jetpack_social_options":{"image_generator_settings":{"template":"highway","default_image_id":0,"font":"","enabled":false},"version":2}},"categories":[5,22,20],"tags":[],"class_list":["post-2180","post","type-post","status-publish","format-standard","has-post-thumbnail","hentry","category-forstwirtschaft","category-klimawandel","category-landesbetrieb-wald-und-holz"],"jetpack_publicize_connections":[],"jetpack_featured_media_url":"https:\/\/i0.wp.com\/forst.igbau.nrw\/wp-content\/uploads\/2019\/10\/Waldpru%CC%88fung_Borkenka%CC%88fer_2018_28.jpg?fit=2196%2C1317","jetpack_sharing_enabled":true,"jetpack_shortlink":"https:\/\/wp.me\/s8x7f7-test","jetpack-related-posts":[],"_links":{"self":[{"href":"http:\/\/forst.igbau.nrw\/index.php?rest_route=\/wp\/v2\/posts\/2180","targetHints":{"allow":["GET"]}}],"collection":[{"href":"http:\/\/forst.igbau.nrw\/index.php?rest_route=\/wp\/v2\/posts"}],"about":[{"href":"http:\/\/forst.igbau.nrw\/index.php?rest_route=\/wp\/v2\/types\/post"}],"author":[{"embeddable":true,"href":"http:\/\/forst.igbau.nrw\/index.php?rest_route=\/wp\/v2\/users\/1"}],"replies":[{"embeddable":true,"href":"http:\/\/forst.igbau.nrw\/index.php?rest_route=%2Fwp%2Fv2%2Fcomments&post=2180"}],"version-history":[{"count":4,"href":"http:\/\/forst.igbau.nrw\/index.php?rest_route=\/wp\/v2\/posts\/2180\/revisions"}],"predecessor-version":[{"id":2186,"href":"http:\/\/forst.igbau.nrw\/index.php?rest_route=\/wp\/v2\/posts\/2180\/revisions\/2186"}],"wp:featuredmedia":[{"embeddable":true,"href":"http:\/\/forst.igbau.nrw\/index.php?rest_route=\/wp\/v2\/media\/1270"}],"wp:attachment":[{"href":"http:\/\/forst.igbau.nrw\/index.php?rest_route=%2Fwp%2Fv2%2Fmedia&parent=2180"}],"wp:term":[{"taxonomy":"category","embeddable":true,"href":"http:\/\/forst.igbau.nrw\/index.php?rest_route=%2Fwp%2Fv2%2Fcategories&post=2180"},{"taxonomy":"post_tag","embeddable":true,"href":"http:\/\/forst.igbau.nrw\/index.php?rest_route=%2Fwp%2Fv2%2Ftags&post=2180"}],"curies":[{"name":"wp","href":"https:\/\/api.w.org\/{rel}","templated":true}]}}