{"id":2197,"date":"2021-10-06T10:24:30","date_gmt":"2021-10-06T10:24:30","guid":{"rendered":"http:\/\/forst.igbau.nrw\/?p=2197"},"modified":"2021-10-22T07:40:04","modified_gmt":"2021-10-22T07:40:04","slug":"wald-ist-klimaschutz-thementag-mit-der-spd-landtagsfraktion","status":"publish","type":"post","link":"http:\/\/forst.igbau.nrw\/?p=2197","title":{"rendered":"Wald ist Klimaschutz, Thementag mit der SPD Landtagsfraktion."},"content":{"rendered":"<p>Am 05.10. konnte die IGBAU Landesvertretung Forst in NRW einen Teil der SPD Landtagsfraktion zu einer Exkursion im Wald begr\u00fc\u00dfen. Die gute Resonanz spiegelte das Interesse der Teilnehmenden SPD Genossen an den vielf\u00e4ltigen aktuellen Themen rund um den Wald wieder.<\/p>\n<p>Die Kollegen Marc Redemann und Peter Wicke f\u00fcr die Landesvertretung erl\u00e4uterten anhand von verschiedenen Waldbildern die unver\u00e4ndert dramatische Lage des Waldes und auch die \u00d6konomischen Folgen f\u00fcr die Privaten und Kommunalen Waldbesitzer.<\/p>\n<p>&nbsp;<\/p>\n<figure id=\"attachment_2201\" aria-describedby=\"caption-attachment-2201\" style=\"width: 960px\" class=\"wp-caption aligncenter\"><a href=\"https:\/\/i0.wp.com\/forst.igbau.nrw\/wp-content\/uploads\/2021\/10\/SPD_Eitorf_2021-scaled.jpeg\"><img data-recalc-dims=\"1\" fetchpriority=\"high\" decoding=\"async\" data-attachment-id=\"2201\" data-permalink=\"http:\/\/forst.igbau.nrw\/?attachment_id=2201\" data-orig-file=\"https:\/\/i0.wp.com\/forst.igbau.nrw\/wp-content\/uploads\/2021\/10\/SPD_Eitorf_2021-scaled.jpeg?fit=2560%2C1920\" data-orig-size=\"2560,1920\" data-comments-opened=\"0\" data-image-meta=\"{&quot;aperture&quot;:&quot;6.3&quot;,&quot;credit&quot;:&quot;&quot;,&quot;camera&quot;:&quot;DMC-G81&quot;,&quot;caption&quot;:&quot;&quot;,&quot;created_timestamp&quot;:&quot;1633419066&quot;,&quot;copyright&quot;:&quot;&quot;,&quot;focal_length&quot;:&quot;32&quot;,&quot;iso&quot;:&quot;200&quot;,&quot;shutter_speed&quot;:&quot;0.005&quot;,&quot;title&quot;:&quot;&quot;,&quot;orientation&quot;:&quot;0&quot;}\" data-image-title=\"SPD_Eitorf_2021\" data-image-description=\"\" data-image-caption=\"\" data-large-file=\"https:\/\/i0.wp.com\/forst.igbau.nrw\/wp-content\/uploads\/2021\/10\/SPD_Eitorf_2021-scaled.jpeg?fit=640%2C480\" class=\"wp-image-2201 size-large\" src=\"https:\/\/i0.wp.com\/forst.igbau.nrw\/wp-content\/uploads\/2021\/10\/SPD_Eitorf_2021.jpeg?resize=640%2C480\" alt=\"Marc Redemann IGBAU beschreibt die Situation vor Ort.\" width=\"640\" height=\"480\" srcset=\"https:\/\/i0.wp.com\/forst.igbau.nrw\/wp-content\/uploads\/2021\/10\/SPD_Eitorf_2021-scaled.jpeg?resize=1024%2C768 1024w, https:\/\/i0.wp.com\/forst.igbau.nrw\/wp-content\/uploads\/2021\/10\/SPD_Eitorf_2021-scaled.jpeg?resize=300%2C225 300w, https:\/\/i0.wp.com\/forst.igbau.nrw\/wp-content\/uploads\/2021\/10\/SPD_Eitorf_2021-scaled.jpeg?resize=768%2C576 768w, https:\/\/i0.wp.com\/forst.igbau.nrw\/wp-content\/uploads\/2021\/10\/SPD_Eitorf_2021-scaled.jpeg?resize=1536%2C1152 1536w, https:\/\/i0.wp.com\/forst.igbau.nrw\/wp-content\/uploads\/2021\/10\/SPD_Eitorf_2021-scaled.jpeg?resize=2048%2C1536 2048w, https:\/\/i0.wp.com\/forst.igbau.nrw\/wp-content\/uploads\/2021\/10\/SPD_Eitorf_2021-scaled.jpeg?resize=1140%2C855 1140w, https:\/\/i0.wp.com\/forst.igbau.nrw\/wp-content\/uploads\/2021\/10\/SPD_Eitorf_2021-scaled.jpeg?w=1280 1280w, https:\/\/i0.wp.com\/forst.igbau.nrw\/wp-content\/uploads\/2021\/10\/SPD_Eitorf_2021-scaled.jpeg?w=1920 1920w\" sizes=\"(max-width: 640px) 100vw, 640px\" \/><\/a><figcaption id=\"caption-attachment-2201\" class=\"wp-caption-text\">Marc Redemann IGBAU beschreibt die Situation vor Ort. (Marc Redemann IGBAU, Annette Watermann-Krass SPD, N.N.Andre Stinka SPD, Malte Pooth SPD, Christof Riegert SPD, N.N. Ren\u00e9 Schneider SPD)<\/figcaption><\/figure>\n<p>&nbsp;<\/p>\n<p>In der Region Rhein-Sieg in der N\u00e4he von Eitorf, in der das Zusammentreffen stattgefunden hat, ist in weiten Teilen die Fichte bereits abgestorben oder kurz davor durch die Kalamit\u00e4t der Borkenk\u00e4fer abget\u00f6tet zu werden. Damit verbunden wurden die aus Sicht der IG BAU wichtigen Punkte noch einmal den Politikern vor Augen gef\u00fchrt.<\/p>\n<p>Durch den dramatische Verlust an Kapital sind bei vielen Waldbesitzern die M\u00f6glichkeiten einer aktiven Wiederbewaldung begrenzt, oder aber es fehlt zunehmend der Wille einer Investition in eine unsichere Zukunft ihres Waldes. Die angebotenen F\u00f6rderm\u00f6glichkeiten zur Wiederbewaldung des Landes NRW nehmen gerade kleine Waldbesitzer aktuell nicht in Anspruch, da die b\u00fcrokratischen H\u00fcrden zu gro\u00df und die erforderlichen Verpflichtungen einer f\u00f6rderrechtlich konformen Baumartenverteilung zu kompliziert sind.<\/p>\n<p>Dazu kommt, dass vor dem Hintergrund einer zum Teil nur \u00fcberschaubaren Einflussm\u00f6glichkeit auf die Wilddichte kann oder will nicht jeder Waldbesitzer sich verpflichten die Anforderungen einer gef\u00f6rderten Wiederaufforstung zu unterschreiben.<\/p>\n<p>Das Thema der zu gro\u00dfen Teilen \u00fcberh\u00f6hten Schalenwildbest\u00e4nde ist den teilnehmenden Politkern der SPD bekannt und die Forderung der Forstleute nach einer angepassten Wilddichte wird unterst\u00fctzt.<\/p>\n<p>Zuspruch findet auch der bereits in anderen Terminen diskutierte Vorschlag der Landesvertretung, dass das Land NRW allen Waldbesitzenden die aus welchen Gr\u00fcnden auch immer Ihren Wald ver\u00e4u\u00dfern wollen ein Angebot machen sollte die betroffenen Waldfl\u00e4chen tempor\u00e4r oder dauerhaft in die Verantwortung des Landes zu \u00fcbernehmen. Dies kann durch den Ankauf, Pacht oder andere Nutzungskonzepte erfolgen.<\/p>\n<p>Auch der Stiftungsgedanke &#8220; Wald f\u00fcr Klimaschutz&#8220; wurde diskutiert und wird als eine Option f\u00fcr ein verst\u00e4rktes gesellschaftliches Engagement zum Erhalt der W\u00e4lder f\u00fcr den Klimaschutz gesehen.<\/p>\n<figure id=\"attachment_2217\" aria-describedby=\"caption-attachment-2217\" style=\"width: 960px\" class=\"wp-caption alignnone\"><a href=\"https:\/\/i0.wp.com\/forst.igbau.nrw\/wp-content\/uploads\/2021\/10\/SPD_Eitorf_2021_09-scaled.jpeg\"><img data-recalc-dims=\"1\" decoding=\"async\" data-attachment-id=\"2217\" data-permalink=\"http:\/\/forst.igbau.nrw\/?attachment_id=2217\" data-orig-file=\"https:\/\/i0.wp.com\/forst.igbau.nrw\/wp-content\/uploads\/2021\/10\/SPD_Eitorf_2021_09-scaled.jpeg?fit=2560%2C1920\" data-orig-size=\"2560,1920\" data-comments-opened=\"0\" data-image-meta=\"{&quot;aperture&quot;:&quot;6.3&quot;,&quot;credit&quot;:&quot;&quot;,&quot;camera&quot;:&quot;DMC-G81&quot;,&quot;caption&quot;:&quot;&quot;,&quot;created_timestamp&quot;:&quot;1633420457&quot;,&quot;copyright&quot;:&quot;&quot;,&quot;focal_length&quot;:&quot;12&quot;,&quot;iso&quot;:&quot;200&quot;,&quot;shutter_speed&quot;:&quot;0.0025&quot;,&quot;title&quot;:&quot;&quot;,&quot;orientation&quot;:&quot;0&quot;}\" data-image-title=\"Wuchsh\u00fclle_Eiche\" data-image-description=\"\" data-image-caption=\"\" data-large-file=\"https:\/\/i0.wp.com\/forst.igbau.nrw\/wp-content\/uploads\/2021\/10\/SPD_Eitorf_2021_09-scaled.jpeg?fit=640%2C480\" class=\"wp-image-2217 size-large\" src=\"https:\/\/i0.wp.com\/forst.igbau.nrw\/wp-content\/uploads\/2021\/10\/SPD_Eitorf_2021_09.jpeg?resize=640%2C480\" alt=\"Wuchsh\u00fcllen im Staatswald mit Eichen Trupppflanzung. Direkt gegen\u00fcber dem Exkursionspunkt im Privatwald.\" width=\"640\" height=\"480\" srcset=\"https:\/\/i0.wp.com\/forst.igbau.nrw\/wp-content\/uploads\/2021\/10\/SPD_Eitorf_2021_09-scaled.jpeg?resize=1024%2C768 1024w, https:\/\/i0.wp.com\/forst.igbau.nrw\/wp-content\/uploads\/2021\/10\/SPD_Eitorf_2021_09-scaled.jpeg?resize=300%2C225 300w, https:\/\/i0.wp.com\/forst.igbau.nrw\/wp-content\/uploads\/2021\/10\/SPD_Eitorf_2021_09-scaled.jpeg?resize=768%2C576 768w, https:\/\/i0.wp.com\/forst.igbau.nrw\/wp-content\/uploads\/2021\/10\/SPD_Eitorf_2021_09-scaled.jpeg?resize=1536%2C1152 1536w, https:\/\/i0.wp.com\/forst.igbau.nrw\/wp-content\/uploads\/2021\/10\/SPD_Eitorf_2021_09-scaled.jpeg?resize=2048%2C1536 2048w, https:\/\/i0.wp.com\/forst.igbau.nrw\/wp-content\/uploads\/2021\/10\/SPD_Eitorf_2021_09-scaled.jpeg?resize=1140%2C855 1140w, https:\/\/i0.wp.com\/forst.igbau.nrw\/wp-content\/uploads\/2021\/10\/SPD_Eitorf_2021_09-scaled.jpeg?w=1280 1280w, https:\/\/i0.wp.com\/forst.igbau.nrw\/wp-content\/uploads\/2021\/10\/SPD_Eitorf_2021_09-scaled.jpeg?w=1920 1920w\" sizes=\"(max-width: 640px) 100vw, 640px\" \/><\/a><figcaption id=\"caption-attachment-2217\" class=\"wp-caption-text\">Wuchsh\u00fcllen im Staatswald mit Eichen Trupppflanzung. Direkt gegen\u00fcber dem Exkursionspunkt im Privatwald.<\/figcaption><\/figure>\n<p>Zum Thema der multifunktionalen Waldnutzung und damit verbunden einer aktiven Wiederbewaldung stellte die Landesvertretung den zum Teil sehr fokussierten Ansatz verschiedenener Interessensgruppen in Frage. Aus unserer Sicht gibt es <strong>nicht<\/strong> nur den einen Weg eines Waldumbaus, oder auch dem Erhalt des Waldes.<\/p>\n<p>Die Segregation kann in bestimmten Waldfl\u00e4chen das Ziel sein, gro\u00dffl\u00e4chig jedoch sehen wir die integrative Waldnutzung als die sinnvollste an.<\/p>\n<p>Die Landesvertretung steht auf dem Standpunkt, dass die Klimakrise in vielen Gegenden einen schnellen Wechsel hin zu einem artenreichen genetisch vielf\u00e4ltigen Baumartenspektrum erfordert der auf nat\u00fcrlichen Wege viele Jahrtausende erfordern w\u00fcrde.<\/p>\n<p>Diese Zeit h\u00e4tte der Wald, der Mensch jedoch nicht.<\/p>\n<p>Dieser Wandel im Wald kann gro\u00dffl\u00e4chig nur bew\u00e4ltigt werden, wenn die Mangelverwaltung beim Personal gerade im Landesbetrieb Wald und Holz Nordrhein-Westfalen aufgegeben wird und eine ertragsunabh\u00e4ngige Finanzierung der Forstverwaltung gibt.<\/p>\n<p>Viele Aufgaben die bisher nur zur\u00fcckhaltend oder gar nicht wahrgenommen wurden m\u00fcssen in den Fokus der T\u00e4tigkeit ger\u00fcckt werden.<\/p>\n<p>Neben dem unbedingten Erhalt des fl\u00e4chendeckenden unabh\u00e4ngigen Betreuungs- und Dienstleistungengebotes f\u00fcr den Privaten Wald muss gerade die Umweltbildung verst\u00e4rkt werden.<\/p>\n<p>Diese Aufgabe wurde von allen Anwesenden als eine wichtige Aufgabe von Wald und Holz NRW gesehen.<\/p>\n<p>Der Vorschlag der Landesvertetung in NRW gerade in den wald\u00e4rmeren Landesteilen wie dem M\u00fcnsterland oder am Niederrhein zus\u00e4tzliche Jugendwaldheime zu installieren fand gro\u00dfen Zuspruch durch die Exkursionteilnehmenden.<\/p>\n<p>Nachdem auch weitere Themen wie der unbedingte Erhalt der forstlichen Ausbildung auch \u00fcber den eigenen Bedarf hinaus bei Wald und Holz NRW, die Problematik der Transformation hin zur Direkten F\u00f6rderung, der enorme Arbeitsaufwand im Zuge der Borkenk\u00e4ferkalamit\u00e4t in Verbindung mit der Mehrbelastung der Besch\u00e4ftigten und die rechtlichen Unzul\u00e4nglichkeiten der forstlichen Gesetzgebung in Bezug auf Kahlsch\u00e4ge angesprochen wurden, wechselten die Teilnehmenden an den letzten Exkursionspunkt.<\/p>\n<p><a href=\"https:\/\/i0.wp.com\/forst.igbau.nrw\/wp-content\/uploads\/2021\/10\/SPD_Eitorf_2021_08.jpeg\"><img data-recalc-dims=\"1\" decoding=\"async\" data-attachment-id=\"2202\" data-permalink=\"http:\/\/forst.igbau.nrw\/?attachment_id=2202\" data-orig-file=\"https:\/\/i0.wp.com\/forst.igbau.nrw\/wp-content\/uploads\/2021\/10\/SPD_Eitorf_2021_08.jpeg?fit=2032%2C1195\" data-orig-size=\"2032,1195\" data-comments-opened=\"0\" data-image-meta=\"{&quot;aperture&quot;:&quot;7.1&quot;,&quot;credit&quot;:&quot;&quot;,&quot;camera&quot;:&quot;DMC-G81&quot;,&quot;caption&quot;:&quot;&quot;,&quot;created_timestamp&quot;:&quot;1633419985&quot;,&quot;copyright&quot;:&quot;&quot;,&quot;focal_length&quot;:&quot;12&quot;,&quot;iso&quot;:&quot;200&quot;,&quot;shutter_speed&quot;:&quot;0.0025&quot;,&quot;title&quot;:&quot;&quot;,&quot;orientation&quot;:&quot;0&quot;}\" data-image-title=\"SPD_Eitorf_2021_08\" data-image-description=\"\" data-image-caption=\"\" data-large-file=\"https:\/\/i0.wp.com\/forst.igbau.nrw\/wp-content\/uploads\/2021\/10\/SPD_Eitorf_2021_08.jpeg?fit=640%2C376\" class=\"aligncenter size-large wp-image-2202\" src=\"https:\/\/i0.wp.com\/forst.igbau.nrw\/wp-content\/uploads\/2021\/10\/SPD_Eitorf_2021_08.jpeg?resize=640%2C376\" alt=\"\" width=\"640\" height=\"376\" srcset=\"https:\/\/i0.wp.com\/forst.igbau.nrw\/wp-content\/uploads\/2021\/10\/SPD_Eitorf_2021_08.jpeg?resize=1024%2C602 1024w, https:\/\/i0.wp.com\/forst.igbau.nrw\/wp-content\/uploads\/2021\/10\/SPD_Eitorf_2021_08.jpeg?resize=300%2C176 300w, https:\/\/i0.wp.com\/forst.igbau.nrw\/wp-content\/uploads\/2021\/10\/SPD_Eitorf_2021_08.jpeg?resize=768%2C452 768w, https:\/\/i0.wp.com\/forst.igbau.nrw\/wp-content\/uploads\/2021\/10\/SPD_Eitorf_2021_08.jpeg?resize=1536%2C903 1536w, https:\/\/i0.wp.com\/forst.igbau.nrw\/wp-content\/uploads\/2021\/10\/SPD_Eitorf_2021_08.jpeg?resize=1140%2C670 1140w, https:\/\/i0.wp.com\/forst.igbau.nrw\/wp-content\/uploads\/2021\/10\/SPD_Eitorf_2021_08.jpeg?w=2032 2032w, https:\/\/i0.wp.com\/forst.igbau.nrw\/wp-content\/uploads\/2021\/10\/SPD_Eitorf_2021_08.jpeg?w=1280 1280w, https:\/\/i0.wp.com\/forst.igbau.nrw\/wp-content\/uploads\/2021\/10\/SPD_Eitorf_2021_08.jpeg?w=1920 1920w\" sizes=\"(max-width: 640px) 100vw, 640px\" \/><\/a>Der Blick in die kahlen Fl\u00e4chen zeigt die Folgen der D\u00fcrre und des Borkenk\u00e4ferbefalls.<\/p>\n<p>In einem kleinen Ort in der N\u00e4he von Eitorf wurde die Situation und die aktuelle Lage der Wolfspopulation angesprochen. Aus Sicht der Landesvertretung sollte die fl\u00e4chendeckende Wahrnehmung der Aufgaben des Landes zum Wolf durch den Landesbetrieb in wissenschaftlicher Zusammenarbeit mit dem LANUV erfolgen. Die Organisation und fl\u00e4chendeckende Pr\u00e4senz der Forstkolleginnen und Forstkollegen als Wolfsberater w\u00fcrde eine bessere Ausgangslage schaffen um professionell die Vorgaben der Landesregierung umzusetzen. Oft genug kommt es zu Konflikten in denen die derzeit oft ehrenamtlichen Ansprechpartnerinnen und Ansprechpartner sowohl aus rechtlicher als auch aus pers\u00f6nlicher Sicht an ihre Grenzen kommen.<\/p>\n<p>Im Nachgang zu einem sehr umfangreichen Waldprogramm bestand noch die M\u00f6glichkeit das sich die SPD Landtagsfraktion mit den Kollegen der Landesvertretung in Einzellfragen auszutauschen, was auch intensiov genutzt wurde.<\/p>\n<p>Die Landesvertetung bedankte sich f\u00fcr die rege und intenssive Teilnahme und hofft auf eine Unterst\u00fctzung im Sinne des Waldes und der Menschen die in ihm arbeiten.<\/p>\n<p>&nbsp;<\/p>\n","protected":false},"excerpt":{"rendered":"<p>Am 05.10. konnte die IGBAU Landesvertretung Forst in NRW einen Teil der SPD Landtagsfraktion zu einer Exkursion im Wald begr\u00fc\u00dfen. Die gute<\/p>\n<p class=\"link-more\"><a class=\"myButt \" href=\"http:\/\/forst.igbau.nrw\/?p=2197\">Weitere Infos &#8230;<\/a><\/p>\n","protected":false},"author":1,"featured_media":2199,"comment_status":"closed","ping_status":"open","sticky":false,"template":"","format":"standard","meta":{"ngg_post_thumbnail":0,"jetpack_post_was_ever_published":false,"_jetpack_newsletter_access":"","_jetpack_dont_email_post_to_subs":false,"_jetpack_newsletter_tier_id":0,"_jetpack_memberships_contains_paywalled_content":false,"_jetpack_memberships_contains_paid_content":false,"footnotes":"","jetpack_publicize_message":"","jetpack_publicize_feature_enabled":true,"jetpack_social_post_already_shared":true,"jetpack_social_options":{"image_generator_settings":{"template":"highway","default_image_id":0,"font":"","enabled":false},"version":2}},"categories":[4,8,9,15],"tags":[],"class_list":["post-2197","post","type-post","status-publish","format-standard","has-post-thumbnail","hentry","category-forstpolitik","category-ig-bau","category-naturschutz","category-oeffentlichkeitsarbeit"],"jetpack_publicize_connections":[],"jetpack_featured_media_url":"https:\/\/i0.wp.com\/forst.igbau.nrw\/wp-content\/uploads\/2021\/10\/SPD_Eitorf_2021_05-scaled.jpeg?fit=2560%2C1738","jetpack_sharing_enabled":true,"jetpack_shortlink":"https:\/\/wp.me\/p8x7f7-zr","jetpack-related-posts":[],"_links":{"self":[{"href":"http:\/\/forst.igbau.nrw\/index.php?rest_route=\/wp\/v2\/posts\/2197","targetHints":{"allow":["GET"]}}],"collection":[{"href":"http:\/\/forst.igbau.nrw\/index.php?rest_route=\/wp\/v2\/posts"}],"about":[{"href":"http:\/\/forst.igbau.nrw\/index.php?rest_route=\/wp\/v2\/types\/post"}],"author":[{"embeddable":true,"href":"http:\/\/forst.igbau.nrw\/index.php?rest_route=\/wp\/v2\/users\/1"}],"replies":[{"embeddable":true,"href":"http:\/\/forst.igbau.nrw\/index.php?rest_route=%2Fwp%2Fv2%2Fcomments&post=2197"}],"version-history":[{"count":7,"href":"http:\/\/forst.igbau.nrw\/index.php?rest_route=\/wp\/v2\/posts\/2197\/revisions"}],"predecessor-version":[{"id":2266,"href":"http:\/\/forst.igbau.nrw\/index.php?rest_route=\/wp\/v2\/posts\/2197\/revisions\/2266"}],"wp:featuredmedia":[{"embeddable":true,"href":"http:\/\/forst.igbau.nrw\/index.php?rest_route=\/wp\/v2\/media\/2199"}],"wp:attachment":[{"href":"http:\/\/forst.igbau.nrw\/index.php?rest_route=%2Fwp%2Fv2%2Fmedia&parent=2197"}],"wp:term":[{"taxonomy":"category","embeddable":true,"href":"http:\/\/forst.igbau.nrw\/index.php?rest_route=%2Fwp%2Fv2%2Fcategories&post=2197"},{"taxonomy":"post_tag","embeddable":true,"href":"http:\/\/forst.igbau.nrw\/index.php?rest_route=%2Fwp%2Fv2%2Ftags&post=2197"}],"curies":[{"name":"wp","href":"https:\/\/api.w.org\/{rel}","templated":true}]}}