{"id":2261,"date":"2021-10-22T07:07:54","date_gmt":"2021-10-22T07:07:54","guid":{"rendered":"http:\/\/forst.igbau.nrw\/?p=2261"},"modified":"2021-10-22T07:08:59","modified_gmt":"2021-10-22T07:08:59","slug":"erste-aussagen-der-verhandlungsfuehrung-der-laender-tdl-zeugen-von-einem-realitaetsverlust-bei-oeffentlichen-arbeitgebern","status":"publish","type":"post","link":"http:\/\/forst.igbau.nrw\/?p=2261","title":{"rendered":"Erste Aussagen der Verhandlungsf\u00fchrung der L\u00e4nder (TDL) zeugen von einem Realit\u00e4tsverlust bei \u00d6ffentlichen Arbeitgebern."},"content":{"rendered":"<div class=\"page\" title=\"Page 1\">\n<div class=\"section\">\n<div class=\"layoutArea\">\n<div class=\"column\">\n<p>Ernu\u0308chternde Auftaktverhandlung fu\u0308r die Bescha\u0308ftigten der La\u0308nder TdL geht auf Konfrontationskurs!<\/p>\n<p>Die erste Verhandlungsrunde fu\u0308r die rund 2,5 Millionen Bescha\u0308ftigten im o\u0308ffentlichen Dienst der La\u0308nder endete am 8. Oktober 2021 in Berlin entta\u0308uschend. Ohne erkennbaren ernsten Willen, u\u0308ber unsere Forderungen verhandeln zu wollen, stempelten die Vertreter der Tarifgemeinschaft deutscher La\u0308nder (TdL) die Gewerkschaftsforderungen als unrealistisch und u\u0308berzogen ab. Stattdessen beharren sie auf einer A\u0308nderung beim Arbeitsvorgang. Die Arbeitgeber fordern einen grundlegenden Eingriff in den \u00a7 12 TV-L und lehnen die gewerkschaftsseitig vorgeschlagenen Vera\u0308nderungen, die wir bereits fu\u0308r konkrete Problemfa\u0308lle vorgeschlagen haben, ab.<\/p>\n<\/div>\n<p><a href=\"http:\/\/forst.igbau.nrw\/wp-content\/uploads\/2021\/10\/TI-TARIFRUNDE-2021-TDL-AUFTAKTVERHANDLUNG-MV_20885.pdf\"><img data-recalc-dims=\"1\" fetchpriority=\"high\" decoding=\"async\" data-attachment-id=\"2262\" data-permalink=\"http:\/\/forst.igbau.nrw\/?attachment_id=2262\" data-orig-file=\"https:\/\/i0.wp.com\/forst.igbau.nrw\/wp-content\/uploads\/2021\/10\/Bildschirmfoto-2021-10-21-um-15.46.17.png?fit=333%2C458\" data-orig-size=\"333,458\" data-comments-opened=\"0\" data-image-meta=\"{&quot;aperture&quot;:&quot;0&quot;,&quot;credit&quot;:&quot;&quot;,&quot;camera&quot;:&quot;&quot;,&quot;caption&quot;:&quot;&quot;,&quot;created_timestamp&quot;:&quot;0&quot;,&quot;copyright&quot;:&quot;&quot;,&quot;focal_length&quot;:&quot;0&quot;,&quot;iso&quot;:&quot;0&quot;,&quot;shutter_speed&quot;:&quot;0&quot;,&quot;title&quot;:&quot;&quot;,&quot;orientation&quot;:&quot;0&quot;}\" data-image-title=\"Presse_IGBAU_Tarifverhandlung\" data-image-description=\"\" data-image-caption=\"\" data-large-file=\"https:\/\/i0.wp.com\/forst.igbau.nrw\/wp-content\/uploads\/2021\/10\/Bildschirmfoto-2021-10-21-um-15.46.17.png?fit=333%2C458\" class=\"aligncenter wp-image-2262 size-full\" src=\"https:\/\/i0.wp.com\/forst.igbau.nrw\/wp-content\/uploads\/2021\/10\/Bildschirmfoto-2021-10-21-um-15.46.17.png?resize=333%2C458\" alt=\"\" width=\"333\" height=\"458\" srcset=\"https:\/\/i0.wp.com\/forst.igbau.nrw\/wp-content\/uploads\/2021\/10\/Bildschirmfoto-2021-10-21-um-15.46.17.png?w=333 333w, https:\/\/i0.wp.com\/forst.igbau.nrw\/wp-content\/uploads\/2021\/10\/Bildschirmfoto-2021-10-21-um-15.46.17.png?resize=218%2C300 218w\" sizes=\"(max-width: 333px) 100vw, 333px\" \/><\/a><\/p>\n<\/div>\n<\/div>\n<\/div>\n","protected":false},"excerpt":{"rendered":"<p>Ernu\u0308chternde Auftaktverhandlung fu\u0308r die Bescha\u0308ftigten der La\u0308nder TdL geht auf Konfrontationskurs! Die erste Verhandlungsrunde fu\u0308r die rund 2,5 Millionen Bescha\u0308ftigten im o\u0308ffentlichen<\/p>\n<p class=\"link-more\"><a class=\"myButt \" href=\"http:\/\/forst.igbau.nrw\/?p=2261\">Weitere Infos &#8230;<\/a><\/p>\n","protected":false},"author":1,"featured_media":1899,"comment_status":"closed","ping_status":"open","sticky":false,"template":"","format":"standard","meta":{"ngg_post_thumbnail":0,"jetpack_post_was_ever_published":false,"_jetpack_newsletter_access":"","_jetpack_dont_email_post_to_subs":false,"_jetpack_newsletter_tier_id":0,"_jetpack_memberships_contains_paywalled_content":false,"_jetpack_memberships_contains_paid_content":false,"footnotes":"","jetpack_publicize_message":"","jetpack_publicize_feature_enabled":true,"jetpack_social_post_already_shared":true,"jetpack_social_options":{"image_generator_settings":{"template":"highway","default_image_id":0,"font":"","enabled":false},"version":2}},"categories":[4,5,8,43],"tags":[],"class_list":["post-2261","post","type-post","status-publish","format-standard","has-post-thumbnail","hentry","category-forstpolitik","category-forstwirtschaft","category-ig-bau","category-tarif"],"jetpack_publicize_connections":[],"jetpack_featured_media_url":"https:\/\/i0.wp.com\/forst.igbau.nrw\/wp-content\/uploads\/2020\/12\/IGBAU_Forst-scaled.jpg?fit=2560%2C1706","jetpack_sharing_enabled":true,"jetpack_shortlink":"https:\/\/wp.me\/p8x7f7-At","jetpack-related-posts":[],"_links":{"self":[{"href":"http:\/\/forst.igbau.nrw\/index.php?rest_route=\/wp\/v2\/posts\/2261","targetHints":{"allow":["GET"]}}],"collection":[{"href":"http:\/\/forst.igbau.nrw\/index.php?rest_route=\/wp\/v2\/posts"}],"about":[{"href":"http:\/\/forst.igbau.nrw\/index.php?rest_route=\/wp\/v2\/types\/post"}],"author":[{"embeddable":true,"href":"http:\/\/forst.igbau.nrw\/index.php?rest_route=\/wp\/v2\/users\/1"}],"replies":[{"embeddable":true,"href":"http:\/\/forst.igbau.nrw\/index.php?rest_route=%2Fwp%2Fv2%2Fcomments&post=2261"}],"version-history":[{"count":2,"href":"http:\/\/forst.igbau.nrw\/index.php?rest_route=\/wp\/v2\/posts\/2261\/revisions"}],"predecessor-version":[{"id":2265,"href":"http:\/\/forst.igbau.nrw\/index.php?rest_route=\/wp\/v2\/posts\/2261\/revisions\/2265"}],"wp:featuredmedia":[{"embeddable":true,"href":"http:\/\/forst.igbau.nrw\/index.php?rest_route=\/wp\/v2\/media\/1899"}],"wp:attachment":[{"href":"http:\/\/forst.igbau.nrw\/index.php?rest_route=%2Fwp%2Fv2%2Fmedia&parent=2261"}],"wp:term":[{"taxonomy":"category","embeddable":true,"href":"http:\/\/forst.igbau.nrw\/index.php?rest_route=%2Fwp%2Fv2%2Fcategories&post=2261"},{"taxonomy":"post_tag","embeddable":true,"href":"http:\/\/forst.igbau.nrw\/index.php?rest_route=%2Fwp%2Fv2%2Ftags&post=2261"}],"curies":[{"name":"wp","href":"https:\/\/api.w.org\/{rel}","templated":true}]}}