{"id":2273,"date":"2021-11-08T16:30:17","date_gmt":"2021-11-08T16:30:17","guid":{"rendered":"http:\/\/forst.igbau.nrw\/?p=2273"},"modified":"2021-11-08T16:41:44","modified_gmt":"2021-11-08T16:41:44","slug":"kein-einlenken-in-den-tarifverhandlungen","status":"publish","type":"post","link":"http:\/\/forst.igbau.nrw\/?p=2273","title":{"rendered":"Kein Einlenken in den Tarifverhandlungen"},"content":{"rendered":"<p>Die Uneinsichtigkeit der TD-L zwingt die beteiligten Gewerkschaften zu weiteren Schritten in der Tarifauseinandersetzung im \u00d6ffentlichen Dienst.<\/p>\n<p>Die Kollegen und Kolleginnen von VERDI er\u00f6ffnen die n\u00e4chste Runde mit der TD-L. Trotz der steigenden Infektionszahlen in der Pandemie werden in den n\u00e4chsten Tagen die Gewerkschaften zu einem eint\u00e4gigen Warnstreik an mehreren Universit\u00e4tskliniken auch in Nordrhein-Westfalen aufrufen.<\/p>\n<p>Die L\u00e4nder zeigen sich, trotz der hohen Belastungen vieler Besch\u00e4ftigter in den L\u00e4ndern, gerade auch in der Pandemie als uneinsichtig. Klatschen war gestern, heute wird die Faust erhoben, Dankbarkeit und gerechte Entlohung sieht anders aus.<\/p>\n<p>&nbsp;<\/p>\n<p>&nbsp;<\/p>\n<p><a href=\"http:\/\/forst.igbau.nrw\/wp-content\/uploads\/2021\/11\/TI-TARIFRUNDE-2021-TDL-2.-VERHANDLUNGSRUNDE-MV_21028.pdf\" target=\"_blank\" rel=\"noopener\"><img data-recalc-dims=\"1\" fetchpriority=\"high\" decoding=\"async\" data-attachment-id=\"2277\" data-permalink=\"http:\/\/forst.igbau.nrw\/?attachment_id=2277\" data-orig-file=\"https:\/\/i0.wp.com\/forst.igbau.nrw\/wp-content\/uploads\/2021\/11\/Bildschirmfoto-2021-11-08-um-17.23.22.png?fit=543%2C767\" data-orig-size=\"543,767\" data-comments-opened=\"0\" data-image-meta=\"{&quot;aperture&quot;:&quot;0&quot;,&quot;credit&quot;:&quot;&quot;,&quot;camera&quot;:&quot;&quot;,&quot;caption&quot;:&quot;&quot;,&quot;created_timestamp&quot;:&quot;0&quot;,&quot;copyright&quot;:&quot;&quot;,&quot;focal_length&quot;:&quot;0&quot;,&quot;iso&quot;:&quot;0&quot;,&quot;shutter_speed&quot;:&quot;0&quot;,&quot;title&quot;:&quot;&quot;,&quot;orientation&quot;:&quot;0&quot;}\" data-image-title=\"Bildschirmfoto 2021-11-08 um 17.23.22\" data-image-description=\"\" data-image-caption=\"\" data-large-file=\"https:\/\/i0.wp.com\/forst.igbau.nrw\/wp-content\/uploads\/2021\/11\/Bildschirmfoto-2021-11-08-um-17.23.22.png?fit=543%2C767\" class=\"wp-image-2277 size-full aligncenter\" src=\"https:\/\/i0.wp.com\/forst.igbau.nrw\/wp-content\/uploads\/2021\/11\/Bildschirmfoto-2021-11-08-um-17.23.22.png?resize=543%2C767\" alt=\"\" width=\"543\" height=\"767\" srcset=\"https:\/\/i0.wp.com\/forst.igbau.nrw\/wp-content\/uploads\/2021\/11\/Bildschirmfoto-2021-11-08-um-17.23.22.png?w=543 543w, https:\/\/i0.wp.com\/forst.igbau.nrw\/wp-content\/uploads\/2021\/11\/Bildschirmfoto-2021-11-08-um-17.23.22.png?resize=212%2C300 212w\" sizes=\"(max-width: 543px) 100vw, 543px\" \/><\/a><\/p>\n","protected":false},"excerpt":{"rendered":"<p>Die Uneinsichtigkeit der TD-L zwingt die beteiligten Gewerkschaften zu weiteren Schritten in der Tarifauseinandersetzung im \u00d6ffentlichen Dienst. Die Kollegen und Kolleginnen von<\/p>\n<p class=\"link-more\"><a class=\"myButt \" href=\"http:\/\/forst.igbau.nrw\/?p=2273\">Weitere Infos &#8230;<\/a><\/p>\n","protected":false},"author":1,"featured_media":1374,"comment_status":"closed","ping_status":"open","sticky":false,"template":"","format":"standard","meta":{"ngg_post_thumbnail":0,"jetpack_post_was_ever_published":false,"_jetpack_newsletter_access":"","_jetpack_dont_email_post_to_subs":false,"_jetpack_newsletter_tier_id":0,"_jetpack_memberships_contains_paywalled_content":false,"_jetpack_memberships_contains_paid_content":false,"footnotes":"","jetpack_publicize_message":"","jetpack_publicize_feature_enabled":true,"jetpack_social_post_already_shared":true,"jetpack_social_options":{"image_generator_settings":{"template":"highway","default_image_id":0,"font":"","enabled":false},"version":2}},"categories":[21,8,43],"tags":[],"class_list":["post-2273","post","type-post","status-publish","format-standard","has-post-thumbnail","hentry","category-dgb-gewerkschaften","category-ig-bau","category-tarif"],"jetpack_publicize_connections":[],"jetpack_featured_media_url":"https:\/\/i0.wp.com\/forst.igbau.nrw\/wp-content\/uploads\/2019\/11\/IGBAU_Forst_Streik_Sep19__27.jpg?fit=2367%2C1578","jetpack_sharing_enabled":true,"jetpack_shortlink":"https:\/\/wp.me\/p8x7f7-AF","jetpack-related-posts":[],"_links":{"self":[{"href":"http:\/\/forst.igbau.nrw\/index.php?rest_route=\/wp\/v2\/posts\/2273","targetHints":{"allow":["GET"]}}],"collection":[{"href":"http:\/\/forst.igbau.nrw\/index.php?rest_route=\/wp\/v2\/posts"}],"about":[{"href":"http:\/\/forst.igbau.nrw\/index.php?rest_route=\/wp\/v2\/types\/post"}],"author":[{"embeddable":true,"href":"http:\/\/forst.igbau.nrw\/index.php?rest_route=\/wp\/v2\/users\/1"}],"replies":[{"embeddable":true,"href":"http:\/\/forst.igbau.nrw\/index.php?rest_route=%2Fwp%2Fv2%2Fcomments&post=2273"}],"version-history":[{"count":4,"href":"http:\/\/forst.igbau.nrw\/index.php?rest_route=\/wp\/v2\/posts\/2273\/revisions"}],"predecessor-version":[{"id":2280,"href":"http:\/\/forst.igbau.nrw\/index.php?rest_route=\/wp\/v2\/posts\/2273\/revisions\/2280"}],"wp:featuredmedia":[{"embeddable":true,"href":"http:\/\/forst.igbau.nrw\/index.php?rest_route=\/wp\/v2\/media\/1374"}],"wp:attachment":[{"href":"http:\/\/forst.igbau.nrw\/index.php?rest_route=%2Fwp%2Fv2%2Fmedia&parent=2273"}],"wp:term":[{"taxonomy":"category","embeddable":true,"href":"http:\/\/forst.igbau.nrw\/index.php?rest_route=%2Fwp%2Fv2%2Fcategories&post=2273"},{"taxonomy":"post_tag","embeddable":true,"href":"http:\/\/forst.igbau.nrw\/index.php?rest_route=%2Fwp%2Fv2%2Ftags&post=2273"}],"curies":[{"name":"wp","href":"https:\/\/api.w.org\/{rel}","templated":true}]}}