{"id":2292,"date":"2022-01-20T10:40:51","date_gmt":"2022-01-20T10:40:51","guid":{"rendered":"http:\/\/forst.igbau.nrw\/?p=2292"},"modified":"2022-01-20T10:40:51","modified_gmt":"2022-01-20T10:40:51","slug":"status-und-aenderungen-in-der-entgeltordnung-waren-thema-im-ausschuss-fuer-umwelt-landwirtschaft-natur-und-verbraucherschutz","status":"publish","type":"post","link":"http:\/\/forst.igbau.nrw\/?p=2292","title":{"rendered":"Status und \u00c4nderungen in der Entgeltordnung waren Thema im Ausschuss f\u00fcr Umwelt, Landwirtschaft, Natur- und Verbraucherschutz."},"content":{"rendered":"<p><span id=\"page161R_mcid23\" class=\"markedContent\"><span dir=\"ltr\" role=\"presentation\">Die Entgelte<\/span> <span dir=\"ltr\" role=\"presentation\">f\u00fcr<\/span> <span dir=\"ltr\" role=\"presentation\">t\u00e4tige<\/span> <span dir=\"ltr\" role=\"presentation\">Mithilfe<\/span> <span dir=\"ltr\" role=\"presentation\">der<\/span> <span dir=\"ltr\" role=\"presentation\">Forstbeh\u00f6rden<\/span> <span dir=\"ltr\" role=\"presentation\">bei<\/span> <span dir=\"ltr\" role=\"presentation\">der <\/span><span dir=\"ltr\" role=\"presentation\">Bewirtschaftung<\/span> <span dir=\"ltr\" role=\"presentation\">des<\/span> <span dir=\"ltr\" role=\"presentation\">K\u00f6rperschafts<\/span><span dir=\"ltr\" role=\"presentation\">&#8211;<\/span> <span dir=\"ltr\" role=\"presentation\">und<\/span> <span dir=\"ltr\" role=\"presentation\">Privatwa<\/span><span dir=\"ltr\" role=\"presentation\">ld<\/span><span dir=\"ltr\" role=\"presentation\">es<\/span> wurden gestern im Ausschuss f\u00fcr <span id=\"page161R_mcid27\" class=\"markedContent\"><span dir=\"ltr\" role=\"presentation\">Umwelt, Landwi<\/span><span dir=\"ltr\" role=\"presentation\">rtschaft, Natur<\/span><span dir=\"ltr\" role=\"presentation\">&#8211;<\/span> <span dir=\"ltr\" role=\"presentation\">und Verbraucherschutz zum Thema gemacht. Die Grundlage war die Information des Landetages durch die Landesregierung zum Thema.<\/span><\/span><br role=\"presentation\"><br \/>\n<\/span><\/p>\n<p>Die IGBAU Landesvertretung sieht in der aktuellen Fassung ein Benachteiligung f\u00fcr Wald und Holz NRW gegen\u00fcber der Konkurrenz der privaten Dienstleister. Die Verpflichtung zur Bekanntgabe der Angebotspreise des Landesbetriebes verhindert letzendlich einen fairen zumindest preislichen Wettbewerb.<\/p>\n<p>Au\u00dferdem stellen die gesetzlichen Rahmenbedingungen und der daraus resultierende Verwaltung- und Dokumentationsaufwand f\u00fcr alle Privaten Dienstleister und auch f\u00fcr den Landesbetrieb Wald und Holz Nordrhein-Westfalen eine effektive Dienstleitung f\u00fcr den Waldbesitz vor einen hohen zeitlichen und organisatorischen Aufwand.<\/p>\n<p>Die Landesvertretung der IGBAU Forst NRW empfiehlt daher eine Anpassung der Rahmenbedingungen in Form einer B\u00fcndelungen der Leistungen z.B. ab einer Waldbesitzfl\u00e4che von 25 Ha, damit k\u00f6nnte der Aufwand durch eine j\u00e4hrlich oder aber auch f\u00fcr den F\u00f6rderzeitraum zu erstellende Wirtschaftsplanung reduziert werden. Dadurch k\u00f6nnte im allt\u00e4glichen Arbeiten f\u00fcr den Waldbesitz der zeitliche und organisatorische Aufwand reduziert werden.<\/p>\n<p>Eine M\u00f6glichkeit der Zusammenfassung w\u00e4re f\u00fcr den Waldbesitz und die Anbieter sinnvoll, auch eine Pauschalierung k\u00f6nnte konkrete Einzelma\u00dfnahmen beinhalten die aber nicht jedes mal extra angeboten und abgerechnet werden m\u00fcssten.<\/p>\n<p>Dringend erforderlich ist die im Text erw\u00e4hnte Definition der ta\u0308tigen Mithilfe in \u00a7 11 Absatz 2 LFoG, die gesetzlichen Rahmenbedingungen m\u00fcssen hier dringend konkreter werden, wobei aus unserer Sicht der Anteil der Rat und Anleitung nicht aufgeweicht und aus der beh\u00f6rdlichen Aufgabe wegfallen darf und auch nicht direkt gef\u00f6rdert werden sollte.&nbsp;<\/p>\n<p>Die unabh\u00e4ngige unverbindliche forstliche Beratung der Verwaltung im Auftrag des Landes auf der Fl\u00e4che im Sinne des LFOG muss fl\u00e4chendeckend gew\u00e4hrleistet sein.<\/p>\n<p>Den Text der Landesregierung <a href=\"https:\/\/www.landtag.nrw.de\/portal\/WWW\/dokumentenarchiv\/Dokument\/MMV17-6228.pdf\" target=\"_blank\" rel=\"noopener\">finden Sie hier.<\/a><\/p>\n<p>&nbsp;<\/p>\n<p><a href=\"https:\/\/www.landtag.nrw.de\/portal\/WWW\/dokumentenarchiv\/Dokument\/MMV17-6228.pdf\"><img data-recalc-dims=\"1\" fetchpriority=\"high\" decoding=\"async\" data-attachment-id=\"2293\" data-permalink=\"http:\/\/forst.igbau.nrw\/?attachment_id=2293\" data-orig-file=\"https:\/\/i0.wp.com\/forst.igbau.nrw\/wp-content\/uploads\/2022\/01\/Bildschirmfoto-2022-01-20-um-09.38.34.png?fit=646%2C907\" data-orig-size=\"646,907\" data-comments-opened=\"0\" data-image-meta=\"{&quot;aperture&quot;:&quot;0&quot;,&quot;credit&quot;:&quot;&quot;,&quot;camera&quot;:&quot;&quot;,&quot;caption&quot;:&quot;&quot;,&quot;created_timestamp&quot;:&quot;0&quot;,&quot;copyright&quot;:&quot;&quot;,&quot;focal_length&quot;:&quot;0&quot;,&quot;iso&quot;:&quot;0&quot;,&quot;shutter_speed&quot;:&quot;0&quot;,&quot;title&quot;:&quot;&quot;,&quot;orientation&quot;:&quot;0&quot;}\" data-image-title=\"Bildschirmfoto 2022-01-20 um 09.38.34\" data-image-description=\"\" data-image-caption=\"\" data-large-file=\"https:\/\/i0.wp.com\/forst.igbau.nrw\/wp-content\/uploads\/2022\/01\/Bildschirmfoto-2022-01-20-um-09.38.34.png?fit=640%2C899\" class=\"aligncenter wp-image-2293 size-full\" src=\"https:\/\/i0.wp.com\/forst.igbau.nrw\/wp-content\/uploads\/2022\/01\/Bildschirmfoto-2022-01-20-um-09.38.34.png?resize=640%2C899\" alt=\"\" width=\"640\" height=\"899\" srcset=\"https:\/\/i0.wp.com\/forst.igbau.nrw\/wp-content\/uploads\/2022\/01\/Bildschirmfoto-2022-01-20-um-09.38.34.png?w=646 646w, https:\/\/i0.wp.com\/forst.igbau.nrw\/wp-content\/uploads\/2022\/01\/Bildschirmfoto-2022-01-20-um-09.38.34.png?resize=214%2C300 214w\" sizes=\"(max-width: 640px) 100vw, 640px\" \/><\/a><\/p>\n<p>&nbsp;<\/p>\n<p>&nbsp;<\/p>\n","protected":false},"excerpt":{"rendered":"<p>Die Entgelte f\u00fcr t\u00e4tige Mithilfe der Forstbeh\u00f6rden bei der Bewirtschaftung des K\u00f6rperschafts&#8211; und Privatwaldes wurden gestern im Ausschuss f\u00fcr Umwelt, Landwirtschaft, Natur&#8211;<\/p>\n<p class=\"link-more\"><a class=\"myButt \" href=\"http:\/\/forst.igbau.nrw\/?p=2292\">Weitere Infos &#8230;<\/a><\/p>\n","protected":false},"author":1,"featured_media":1010,"comment_status":"closed","ping_status":"open","sticky":false,"template":"","format":"standard","meta":{"ngg_post_thumbnail":0,"jetpack_post_was_ever_published":false,"_jetpack_newsletter_access":"","_jetpack_dont_email_post_to_subs":false,"_jetpack_newsletter_tier_id":0,"_jetpack_memberships_contains_paywalled_content":false,"_jetpack_memberships_contains_paid_content":false,"footnotes":"","jetpack_publicize_message":"","jetpack_publicize_feature_enabled":true,"jetpack_social_post_already_shared":true,"jetpack_social_options":{"image_generator_settings":{"template":"highway","default_image_id":0,"font":"","enabled":false},"version":2}},"categories":[4,8,20],"tags":[],"class_list":["post-2292","post","type-post","status-publish","format-standard","has-post-thumbnail","hentry","category-forstpolitik","category-ig-bau","category-landesbetrieb-wald-und-holz"],"jetpack_publicize_connections":[],"jetpack_featured_media_url":"https:\/\/i0.wp.com\/forst.igbau.nrw\/wp-content\/uploads\/2019\/05\/Logo_Landtag_NRW.png?fit=173%2C101","jetpack_sharing_enabled":true,"jetpack_shortlink":"https:\/\/wp.me\/p8x7f7-AY","jetpack-related-posts":[],"_links":{"self":[{"href":"http:\/\/forst.igbau.nrw\/index.php?rest_route=\/wp\/v2\/posts\/2292","targetHints":{"allow":["GET"]}}],"collection":[{"href":"http:\/\/forst.igbau.nrw\/index.php?rest_route=\/wp\/v2\/posts"}],"about":[{"href":"http:\/\/forst.igbau.nrw\/index.php?rest_route=\/wp\/v2\/types\/post"}],"author":[{"embeddable":true,"href":"http:\/\/forst.igbau.nrw\/index.php?rest_route=\/wp\/v2\/users\/1"}],"replies":[{"embeddable":true,"href":"http:\/\/forst.igbau.nrw\/index.php?rest_route=%2Fwp%2Fv2%2Fcomments&post=2292"}],"version-history":[{"count":1,"href":"http:\/\/forst.igbau.nrw\/index.php?rest_route=\/wp\/v2\/posts\/2292\/revisions"}],"predecessor-version":[{"id":2294,"href":"http:\/\/forst.igbau.nrw\/index.php?rest_route=\/wp\/v2\/posts\/2292\/revisions\/2294"}],"wp:featuredmedia":[{"embeddable":true,"href":"http:\/\/forst.igbau.nrw\/index.php?rest_route=\/wp\/v2\/media\/1010"}],"wp:attachment":[{"href":"http:\/\/forst.igbau.nrw\/index.php?rest_route=%2Fwp%2Fv2%2Fmedia&parent=2292"}],"wp:term":[{"taxonomy":"category","embeddable":true,"href":"http:\/\/forst.igbau.nrw\/index.php?rest_route=%2Fwp%2Fv2%2Fcategories&post=2292"},{"taxonomy":"post_tag","embeddable":true,"href":"http:\/\/forst.igbau.nrw\/index.php?rest_route=%2Fwp%2Fv2%2Ftags&post=2292"}],"curies":[{"name":"wp","href":"https:\/\/api.w.org\/{rel}","templated":true}]}}