{"id":2295,"date":"2022-01-10T12:50:00","date_gmt":"2022-01-10T12:50:00","guid":{"rendered":"http:\/\/forst.igbau.nrw\/?p=2295"},"modified":"2022-01-20T13:44:04","modified_gmt":"2022-01-20T13:44:04","slug":"wald-als-klimaschuetzer-fridays-for-future-und-gewerkschaften-fuer-mehr-personal-im-forst","status":"publish","type":"post","link":"http:\/\/forst.igbau.nrw\/?p=2295","title":{"rendered":"WALD ALS KLIMASCH\u00dcTZER: Fridays for Future und Gewerkschaften f\u00fcr mehr Personal im Forst"},"content":{"rendered":"<p>Video des DGB Youtube Kanals.<\/p>\n<p>J\u00f6rg M\u00fcller ( (Vorsitzender Bundesvertretung Forst der IG BAU) ) von der Industriegewerkschaft Bauen-Agrar-Umwelt im Gespr\u00e4ch mit&nbsp; der Sch\u00fclerin Fabia Klein (Fridays for Future) erkl\u00e4rten was aus unserer Sicht getan werden muss um den Wald zu sch\u00fctzen.<\/p>\n<p>&nbsp;<\/p>\n<p><a href=\"https:\/\/www.youtube.com\/watch?v=ZH_ZyQ89wxc\" target=\"_blank\" rel=\"noopener\"><img data-recalc-dims=\"1\" fetchpriority=\"high\" decoding=\"async\" data-attachment-id=\"2297\" data-permalink=\"http:\/\/forst.igbau.nrw\/?attachment_id=2297\" data-orig-file=\"https:\/\/i0.wp.com\/forst.igbau.nrw\/wp-content\/uploads\/2022\/01\/tencent-video-logo-png-transparent.png?fit=2400%2C2218\" data-orig-size=\"2400,2218\" data-comments-opened=\"0\" data-image-meta=\"{&quot;aperture&quot;:&quot;0&quot;,&quot;credit&quot;:&quot;&quot;,&quot;camera&quot;:&quot;&quot;,&quot;caption&quot;:&quot;&quot;,&quot;created_timestamp&quot;:&quot;0&quot;,&quot;copyright&quot;:&quot;&quot;,&quot;focal_length&quot;:&quot;0&quot;,&quot;iso&quot;:&quot;0&quot;,&quot;shutter_speed&quot;:&quot;0&quot;,&quot;title&quot;:&quot;&quot;,&quot;orientation&quot;:&quot;0&quot;}\" data-image-title=\"tencent-video-logo-png-transparent\" data-image-description=\"\" data-image-caption=\"\" data-large-file=\"https:\/\/i0.wp.com\/forst.igbau.nrw\/wp-content\/uploads\/2022\/01\/tencent-video-logo-png-transparent.png?fit=640%2C591\" class=\"size-medium wp-image-2297 aligncenter\" src=\"https:\/\/i0.wp.com\/forst.igbau.nrw\/wp-content\/uploads\/2022\/01\/tencent-video-logo-png-transparent.png?resize=300%2C277\" alt=\"\" width=\"300\" height=\"277\" srcset=\"https:\/\/i0.wp.com\/forst.igbau.nrw\/wp-content\/uploads\/2022\/01\/tencent-video-logo-png-transparent.png?resize=300%2C277 300w, https:\/\/i0.wp.com\/forst.igbau.nrw\/wp-content\/uploads\/2022\/01\/tencent-video-logo-png-transparent.png?resize=1024%2C946 1024w, https:\/\/i0.wp.com\/forst.igbau.nrw\/wp-content\/uploads\/2022\/01\/tencent-video-logo-png-transparent.png?resize=768%2C710 768w, https:\/\/i0.wp.com\/forst.igbau.nrw\/wp-content\/uploads\/2022\/01\/tencent-video-logo-png-transparent.png?resize=1536%2C1420 1536w, https:\/\/i0.wp.com\/forst.igbau.nrw\/wp-content\/uploads\/2022\/01\/tencent-video-logo-png-transparent.png?resize=2048%2C1893 2048w, https:\/\/i0.wp.com\/forst.igbau.nrw\/wp-content\/uploads\/2022\/01\/tencent-video-logo-png-transparent.png?resize=1140%2C1054 1140w, https:\/\/i0.wp.com\/forst.igbau.nrw\/wp-content\/uploads\/2022\/01\/tencent-video-logo-png-transparent.png?w=1280 1280w, https:\/\/i0.wp.com\/forst.igbau.nrw\/wp-content\/uploads\/2022\/01\/tencent-video-logo-png-transparent.png?w=1920 1920w\" sizes=\"(max-width: 300px) 100vw, 300px\" \/><\/a><\/p>\n","protected":false},"excerpt":{"rendered":"<p>Video des DGB Youtube Kanals. J\u00f6rg M\u00fcller ( (Vorsitzender Bundesvertretung Forst der IG BAU) ) von der Industriegewerkschaft Bauen-Agrar-Umwelt im Gespr\u00e4ch mit&nbsp;<\/p>\n<p class=\"link-more\"><a class=\"myButt \" href=\"http:\/\/forst.igbau.nrw\/?p=2295\">Weitere Infos &#8230;<\/a><\/p>\n","protected":false},"author":1,"featured_media":2299,"comment_status":"closed","ping_status":"open","sticky":false,"template":"","format":"standard","meta":{"ngg_post_thumbnail":0,"jetpack_post_was_ever_published":false,"_jetpack_newsletter_access":"","_jetpack_dont_email_post_to_subs":false,"_jetpack_newsletter_tier_id":0,"_jetpack_memberships_contains_paywalled_content":false,"_jetpack_memberships_contains_paid_content":false,"footnotes":"","jetpack_publicize_message":"","jetpack_publicize_feature_enabled":true,"jetpack_social_post_already_shared":true,"jetpack_social_options":{"image_generator_settings":{"template":"highway","default_image_id":0,"font":"","enabled":false},"version":2}},"categories":[4,44,8,22,9,15],"tags":[],"class_list":["post-2295","post","type-post","status-publish","format-standard","has-post-thumbnail","hentry","category-forstpolitik","category-friday-for-future","category-ig-bau","category-klimawandel","category-naturschutz","category-oeffentlichkeitsarbeit"],"jetpack_publicize_connections":[],"jetpack_featured_media_url":"https:\/\/i0.wp.com\/forst.igbau.nrw\/wp-content\/uploads\/2022\/01\/Nordhelle_Kalamita%CC%88t_Quer.png?fit=3151%2C1692","jetpack_sharing_enabled":true,"jetpack_shortlink":"https:\/\/wp.me\/p8x7f7-B1","jetpack-related-posts":[],"_links":{"self":[{"href":"http:\/\/forst.igbau.nrw\/index.php?rest_route=\/wp\/v2\/posts\/2295","targetHints":{"allow":["GET"]}}],"collection":[{"href":"http:\/\/forst.igbau.nrw\/index.php?rest_route=\/wp\/v2\/posts"}],"about":[{"href":"http:\/\/forst.igbau.nrw\/index.php?rest_route=\/wp\/v2\/types\/post"}],"author":[{"embeddable":true,"href":"http:\/\/forst.igbau.nrw\/index.php?rest_route=\/wp\/v2\/users\/1"}],"replies":[{"embeddable":true,"href":"http:\/\/forst.igbau.nrw\/index.php?rest_route=%2Fwp%2Fv2%2Fcomments&post=2295"}],"version-history":[{"count":1,"href":"http:\/\/forst.igbau.nrw\/index.php?rest_route=\/wp\/v2\/posts\/2295\/revisions"}],"predecessor-version":[{"id":2298,"href":"http:\/\/forst.igbau.nrw\/index.php?rest_route=\/wp\/v2\/posts\/2295\/revisions\/2298"}],"wp:featuredmedia":[{"embeddable":true,"href":"http:\/\/forst.igbau.nrw\/index.php?rest_route=\/wp\/v2\/media\/2299"}],"wp:attachment":[{"href":"http:\/\/forst.igbau.nrw\/index.php?rest_route=%2Fwp%2Fv2%2Fmedia&parent=2295"}],"wp:term":[{"taxonomy":"category","embeddable":true,"href":"http:\/\/forst.igbau.nrw\/index.php?rest_route=%2Fwp%2Fv2%2Fcategories&post=2295"},{"taxonomy":"post_tag","embeddable":true,"href":"http:\/\/forst.igbau.nrw\/index.php?rest_route=%2Fwp%2Fv2%2Ftags&post=2295"}],"curies":[{"name":"wp","href":"https:\/\/api.w.org\/{rel}","templated":true}]}}