{"id":2326,"date":"2022-03-14T09:14:10","date_gmt":"2022-03-14T09:14:10","guid":{"rendered":"http:\/\/forst.igbau.nrw\/?p=2326"},"modified":"2022-03-14T09:14:10","modified_gmt":"2022-03-14T09:14:10","slug":"politische-diskussion-zu-den-handlungsfeldern-des-waldpakts-in-nrw","status":"publish","type":"post","link":"http:\/\/forst.igbau.nrw\/?p=2326","title":{"rendered":"Politische Diskussion zu den Handlungsfeldern des Waldpakts in NRW"},"content":{"rendered":"<p>Aus Anlass der anstehenden Landtagswahl in NRW, veranstalten die am Waldpakt NRW beteiligten Verb\u00e4nde, auf Initiative des Forstvereins in NRW am <strong>5. April<\/strong> einen politischen Austausch mit Vertreterinnen und Vertreter der im Land und\/oder Bund in Regierungsverantwortung stehenden Parteien.<\/p>\n<p>An dieser Veranstaltung wird sich auch die IG BAU Landesvertetung f\u00fcr Beamte und Angestellte in Forst und Naturschutz in NRW beteiligen.<\/p>\n<p>Im Format einer moderierten Diskussion soll allen am Wald Interessierten Gelegenheit geben, sich \u00fcber deren politischen Ziele rund um den Wald zu informieren.<\/p>\n<p>Die Handlungsfelder des Waldpaktes, die die Verb\u00e4nde im Jahr 2019 mit der Landesregierung NRW vereinbart haben, sollen bei der Diskussion als Leitlinie dienen. Der Text des Waldpaktes kann unter folgendem Link nachgelesen werden: <a href=\"https:\/\/www.land.nrw\/pressemitteilung\/landesregierung-und-verbaende-beschliessen-gemeinsamen-waldpakt-nordrhein-westfalen\">https:\/\/www.land.nrw\/pressemitteilung\/landesregierung-und-verbaende-beschliessen-gemeinsamen-waldpakt-nordrhein-westfalen<\/a>&nbsp;&nbsp;&nbsp;&nbsp;&nbsp;&nbsp;&nbsp;&nbsp;<\/p>\n<p>Die Diskussionsveranstaltung beginnt um 18:00 und wird ca. 1,5 Stunden dauern. Sie wird als Livestream im Netz, aus dem Robert-Schmidt-Saal (Plenarsaal des RVR in Essen) \u00fcbertragen und steht auch zum sp\u00e4teren Ansehen im Netz noch zur Verf\u00fcgung.<\/p>\n<p>Der Link zur Veranstaltung wird kurz vorher an dieser Stelle zur Verf\u00fcgung stehen.<\/p>\n<p>&nbsp;<\/p>\n","protected":false},"excerpt":{"rendered":"<p>Aus Anlass der anstehenden Landtagswahl in NRW, veranstalten die am Waldpakt NRW beteiligten Verb\u00e4nde, auf Initiative des Forstvereins in NRW am 5.<\/p>\n<p class=\"link-more\"><a class=\"myButt \" href=\"http:\/\/forst.igbau.nrw\/?p=2326\">Weitere Infos &#8230;<\/a><\/p>\n","protected":false},"author":1,"featured_media":254,"comment_status":"closed","ping_status":"open","sticky":false,"template":"","format":"standard","meta":{"ngg_post_thumbnail":0,"jetpack_post_was_ever_published":false,"_jetpack_newsletter_access":"","_jetpack_dont_email_post_to_subs":false,"_jetpack_newsletter_tier_id":0,"_jetpack_memberships_contains_paywalled_content":false,"_jetpack_memberships_contains_paid_content":false,"footnotes":"","jetpack_publicize_message":"","jetpack_publicize_feature_enabled":true,"jetpack_social_post_already_shared":true,"jetpack_social_options":{"image_generator_settings":{"template":"highway","default_image_id":0,"font":"","enabled":false},"version":2}},"categories":[4,8,15],"tags":[],"class_list":["post-2326","post","type-post","status-publish","format-standard","has-post-thumbnail","hentry","category-forstpolitik","category-ig-bau","category-oeffentlichkeitsarbeit"],"jetpack_publicize_connections":[],"jetpack_featured_media_url":"https:\/\/i0.wp.com\/forst.igbau.nrw\/wp-content\/uploads\/2017\/03\/cropped-Waldweg_Blog.jpg?fit=1500%2C400","jetpack_sharing_enabled":true,"jetpack_shortlink":"https:\/\/wp.me\/p8x7f7-Bw","jetpack-related-posts":[],"_links":{"self":[{"href":"http:\/\/forst.igbau.nrw\/index.php?rest_route=\/wp\/v2\/posts\/2326","targetHints":{"allow":["GET"]}}],"collection":[{"href":"http:\/\/forst.igbau.nrw\/index.php?rest_route=\/wp\/v2\/posts"}],"about":[{"href":"http:\/\/forst.igbau.nrw\/index.php?rest_route=\/wp\/v2\/types\/post"}],"author":[{"embeddable":true,"href":"http:\/\/forst.igbau.nrw\/index.php?rest_route=\/wp\/v2\/users\/1"}],"replies":[{"embeddable":true,"href":"http:\/\/forst.igbau.nrw\/index.php?rest_route=%2Fwp%2Fv2%2Fcomments&post=2326"}],"version-history":[{"count":1,"href":"http:\/\/forst.igbau.nrw\/index.php?rest_route=\/wp\/v2\/posts\/2326\/revisions"}],"predecessor-version":[{"id":2327,"href":"http:\/\/forst.igbau.nrw\/index.php?rest_route=\/wp\/v2\/posts\/2326\/revisions\/2327"}],"wp:featuredmedia":[{"embeddable":true,"href":"http:\/\/forst.igbau.nrw\/index.php?rest_route=\/wp\/v2\/media\/254"}],"wp:attachment":[{"href":"http:\/\/forst.igbau.nrw\/index.php?rest_route=%2Fwp%2Fv2%2Fmedia&parent=2326"}],"wp:term":[{"taxonomy":"category","embeddable":true,"href":"http:\/\/forst.igbau.nrw\/index.php?rest_route=%2Fwp%2Fv2%2Fcategories&post=2326"},{"taxonomy":"post_tag","embeddable":true,"href":"http:\/\/forst.igbau.nrw\/index.php?rest_route=%2Fwp%2Fv2%2Ftags&post=2326"}],"curies":[{"name":"wp","href":"https:\/\/api.w.org\/{rel}","templated":true}]}}