{"id":2341,"date":"2022-03-22T14:13:23","date_gmt":"2022-03-22T14:13:23","guid":{"rendered":"http:\/\/forst.igbau.nrw\/?p=2341"},"modified":"2022-03-23T14:18:20","modified_gmt":"2022-03-23T14:18:20","slug":"ag-des-waldes-klimawandel-trifft-auf-personalnot-im-forst-11-000-zusaetzliche-beschaeftigte-noetig","status":"publish","type":"post","link":"http:\/\/forst.igbau.nrw\/?p=2341","title":{"rendered":"Tag des Waldes: Klimawandel trifft auf Personalnot im Forst \u2013 11 000 zus\u00e4tzliche Besch\u00e4ftigte n\u00f6tig"},"content":{"rendered":"<section id=\"section28563\" class=\"row pos1 sectiontype1\">\n<div class=\"col col1 col-md-12 col-sm-12 type4 last first\">\n<div id=\"entry49947\" class=\"entry entityentry news no-padding entity\">\n<div class=\"teaser hyphenate\">\n<p>Trockene Sommer, K\u00e4ferbefall, St\u00fcrme \u2013 Deutschlands W\u00e4lder leiden stark unter den Folgen extremer Wetterereignisse und damit des Klimawandels. Dabei kann der Wald nicht einfach sich selbst \u00fcberlassen werden. Dringend notwendig sind jetzt Profis, die eine Art &#8222;erste Forst-Hilfe&#8220; leisten.<\/p>\n<\/div>\n<\/div>\n<\/div>\n<div class=\"end-columns\">\n<figure id=\"attachment_2342\" aria-describedby=\"caption-attachment-2342\" style=\"width: 300px\" class=\"wp-caption aligncenter\"><a href=\"https:\/\/i0.wp.com\/forst.igbau.nrw\/wp-content\/uploads\/2022\/03\/harald-schaum-ig-bau.jpg\"><img data-recalc-dims=\"1\" fetchpriority=\"high\" decoding=\"async\" data-attachment-id=\"2342\" data-permalink=\"http:\/\/forst.igbau.nrw\/?attachment_id=2342\" data-orig-file=\"https:\/\/i0.wp.com\/forst.igbau.nrw\/wp-content\/uploads\/2022\/03\/harald-schaum-ig-bau.jpg?fit=1920%2C1292\" data-orig-size=\"1920,1292\" data-comments-opened=\"0\" data-image-meta=\"{&quot;aperture&quot;:&quot;0&quot;,&quot;credit&quot;:&quot;&quot;,&quot;camera&quot;:&quot;&quot;,&quot;caption&quot;:&quot;&quot;,&quot;created_timestamp&quot;:&quot;0&quot;,&quot;copyright&quot;:&quot;&quot;,&quot;focal_length&quot;:&quot;0&quot;,&quot;iso&quot;:&quot;0&quot;,&quot;shutter_speed&quot;:&quot;0&quot;,&quot;title&quot;:&quot;&quot;,&quot;orientation&quot;:&quot;0&quot;}\" data-image-title=\"harald-schaum-ig-bau\" data-image-description=\"\" data-image-caption=\"\" data-large-file=\"https:\/\/i0.wp.com\/forst.igbau.nrw\/wp-content\/uploads\/2022\/03\/harald-schaum-ig-bau.jpg?fit=640%2C431\" class=\"wp-image-2342 size-medium\" src=\"https:\/\/i0.wp.com\/forst.igbau.nrw\/wp-content\/uploads\/2022\/03\/harald-schaum-ig-bau.jpg?resize=300%2C202\" alt=\"Harald Schaum (\u00a9 IG BAU, Alexander Paul Englert)\" width=\"300\" height=\"202\" srcset=\"https:\/\/i0.wp.com\/forst.igbau.nrw\/wp-content\/uploads\/2022\/03\/harald-schaum-ig-bau.jpg?resize=300%2C202 300w, https:\/\/i0.wp.com\/forst.igbau.nrw\/wp-content\/uploads\/2022\/03\/harald-schaum-ig-bau.jpg?resize=1024%2C689 1024w, https:\/\/i0.wp.com\/forst.igbau.nrw\/wp-content\/uploads\/2022\/03\/harald-schaum-ig-bau.jpg?resize=768%2C517 768w, https:\/\/i0.wp.com\/forst.igbau.nrw\/wp-content\/uploads\/2022\/03\/harald-schaum-ig-bau.jpg?resize=1536%2C1034 1536w, https:\/\/i0.wp.com\/forst.igbau.nrw\/wp-content\/uploads\/2022\/03\/harald-schaum-ig-bau.jpg?resize=1140%2C767 1140w, https:\/\/i0.wp.com\/forst.igbau.nrw\/wp-content\/uploads\/2022\/03\/harald-schaum-ig-bau.jpg?w=1920 1920w, https:\/\/i0.wp.com\/forst.igbau.nrw\/wp-content\/uploads\/2022\/03\/harald-schaum-ig-bau.jpg?w=1280 1280w\" sizes=\"(max-width: 300px) 100vw, 300px\" \/><\/a><figcaption id=\"caption-attachment-2342\" class=\"wp-caption-text\">Harald Schaum (\u00a9 IG BAU, Alexander Paul Englert)<\/figcaption><\/figure>\n<\/div>\n<\/section>\n<section id=\"section28564\" class=\"row pos2 sectiontype1\">\n<div class=\"col col1 col-md-12 col-sm-12 type4 last first\">\n<div id=\"entry49948\" class=\"entry textentry \">\n<div class=\"hyphenate tinymce-content\">\n<p>Forstbesch\u00e4ftigte werden gebraucht, um die Sch\u00e4den zu beseitigen und um W\u00e4lder pr\u00e4ventiv vor Folgesch\u00e4den zu sch\u00fctzen. Ohne einen massiven Personalaufbau in der Branche k\u00f6nnte sich die Lage in den kommenden Jahren weiter zuspitzen und damit auch den wichtigen Beitrag, den der Wald f\u00fcr den Klimaschutz leistet, gef\u00e4hrden. Davor warnt die Industriegewerkschaft Bauen-Agrar-Umwelt (IG BAU) am heutigen Internationalen Tag des Waldes (Anmerkung: 21. M\u00e4rz).<\/p>\n<p>&#8222;Forstleute arbeiten l\u00e4ngst am Limit. Sie m\u00fcssen nicht nur die massiven Sch\u00e4den der letzten Jahre beseitigen, sondern auch die klimaresistenten W\u00e4lder der Zukunft anlegen&#8220;, sagt Harald Schaum, stellvertretender Bundesvorsitzender der Gewerkschaft und dort f\u00fcr die gr\u00fcnen Branchen zust\u00e4ndig. Der Umbau des Waldes \u2013 weg von Monokulturen, hin zum klimastabilen Mischwald \u2013 sei eine &#8222;Mammutaufgabe&#8220;, die sich nur mit mehr Fachkr\u00e4ften bew\u00e4ltigen lasse. Nach Einsch\u00e4tzung Schaums sind daf\u00fcr bundesweit mindestens 11 000 Besch\u00e4ftigte zus\u00e4tzlich n\u00f6tig. Dies entspreche einer Erh\u00f6hung des aktuellen Personalschl\u00fcssels um einen Besch\u00e4ftigten pro 1000 Hektar Wald. Insgesamt gibt es in Deutschland 11,4 Millionen Hektar Wald. &#8222;Wenn es nicht gelingt, mehr Menschen f\u00fcr die Arbeit im Forst zu gewinnen, kann es passieren, dass wir in einigen Regionen bald keinen Wald mehr haben, der den vielf\u00e4ltigen \u00f6kologischen und \u00f6konomischen Aufgaben gerecht wird&#8220;, so Schaum.<\/p>\n<p>Denn der Forst sei eine Schl\u00fcsselbranche beim Klimaschutz. &#8222;Nachhaltig angelegte W\u00e4lder kompensieren Millionen Tonnen CO<sub>2<\/sub>, sie regulieren die Temperatur und sind Erholungsorte f\u00fcr die Menschen&#8220;, betont der IG BAU-Vize. Zugleich sei Holz als klimafreundlicher Rohstoff immer st\u00e4rker gefragt, etwa auf dem Bau. Gerade in Zeiten globaler Krisen k\u00f6nne die Forstwirtschaft einen Beitrag leisten, unabh\u00e4ngiger von Holzimporten \u2013 etwa aus Sibirien \u2013 zu werden. &#8222;Denn wenn eine Fichte vom Borkenk\u00e4fer befallen wird, bedeutet das nicht automatisch, dass sie f\u00fcr die Holzwirtschaft unbrauchbar ist. Oft l\u00e4sst sich Schadholz noch nutzen \u2013 vorausgesetzt, es gibt gen\u00fcgend Forstwirte, die es aufarbeiten&#8220;, so Schaum.<\/p>\n<p>Der Gewerkschafter verweist auf Zahlen des Statistischen Bundesamtes. Danach hat sich der Einschlag beim Schadholz in Deutschland zwischen 2017 und 2020 auf rund 60 Millionen Kubikmeter verf\u00fcnffacht. Zuletzt wurden drei von vier B\u00e4umen, die geschlagen wurden, wegen Sch\u00e4den gef\u00e4llt \u2013 jeder zweite davon wegen Insektenbefalls. Laut Bundeslandwirtschaftsministerium sind aktuell 277 000 Hektar in Deutschland neu zu bewalden \u2013 eine Fl\u00e4che gr\u00f6\u00dfer als das Saarland.<\/p>\n<p>&#8222;Die Politik hat mittlerweile den Ernst der Lage erkannt. Doch die einmalige Bundesf\u00f6rderung von 500 Millionen Euro, mit der Waldbesitzer seit gut einem Jahr bei der Aufforstung unterst\u00fctzt werden, reicht bei weitem nicht aus&#8220;, kritisiert Schaum. Insbesondere bei den L\u00e4ndern und Kommunen, denen ein Gro\u00dfteil der W\u00e4lder geh\u00f6rt, sieht die IG BAU massiven Nachholbedarf: &#8222;Die \u00f6ffentliche Hand hat die Forstwirtschaft \u00fcber viele Jahre kaputtgespart und Personal abgebaut. Das r\u00e4cht sich jetzt.&#8220; Die Branche habe einen besonders hohen Altersdurchschnitt. Tausende Forstwirte, Forstwirtschaftsmeister und Revierleiter w\u00fcrden in den n\u00e4chsten Jahren aus dem Erwerbsleben scheiden, ohne dass gen\u00fcgend Nachwuchskr\u00e4fte nachkommen, warnt Schaum.<\/p>\n<p>Eine aktuelle Umfrage der IG BAU unter Forstbesch\u00e4ftigten zeigt das Ausma\u00df des Problems: Unter 1300 Befragten berichteten 92 Prozent von einer gestiegenen Arbeitsbelastung in den letzten Jahren. 70 Prozent gaben an, durch die Arbeit &#8222;emotional ausgelaugt&#8220; zu sein. Fast neun von zehn Befragten waren der Ansicht, dass es im Betrieb nicht gen\u00fcgend Mitarbeiter gebe, um die anfallende Arbeit zu schaffen.<\/p>\n<p>Schaum spricht von einem &#8222;Notruf aus dem Forst&#8220; und ruft private Waldbesitzer, Bund, L\u00e4nder und Kommunen dazu auf, sich dringend um den Personalaufbau zu k\u00fcmmern. &#8222;Entscheidend ist, dass die Arbeit f\u00fcr Nachwuchskr\u00e4fte attraktiver wird. Dazu geh\u00f6ren eine faire Bezahlung, Weiterbildungsm\u00f6glichkeiten und unbefristete Vertr\u00e4ge&#8220;, so Schaum. Arbeitgeber d\u00fcrften nicht zulassen, dass Azubis die Branche oft direkt nach ihrer Ausbildung wieder verlie\u00dfen. Gerade die Forstbetriebe der Kommunen und L\u00e4nder sollten deshalb auf Attraktivit\u00e4t und eine \u00dcbernahmegarantie setzen. Zu begr\u00fc\u00dfen sei auch die Strategie von Bundesl\u00e4ndern wie Hessen und Mecklenburg-Vorpommern, die Revierleitern derzeit wieder eine Verbeamtung anbieten w\u00fcrden.<\/p>\n<p>&#8222;Jugendliche und Berufsanf\u00e4nger interessieren sich besonders stark f\u00fcr das Klima und wollen etwas f\u00fcr den Umweltschutz tun. Dieses Potential sollte der Forst nutzen. Es ist wichtig, f\u00fcr das Klima zu demonstrieren. Aber es braucht auch Menschen, die B\u00e4ume pflanzen und W\u00e4lder pflegen&#8220;, sagt Schaum.<\/p>\n<\/div>\n<p><strong><a href=\"https:\/\/igbau.de\/Binaries\/Binary17400\/Tag-des-Waldes-Klimawandel-trifft-auf-fehlendes-Forstpersonal.pdf\" target=\"_blank\" rel=\"noopener\">Zum Pressetext&#8230;&#8230;..<\/a><\/strong><\/p>\n<\/div>\n<\/div>\n<\/section>\n","protected":false},"excerpt":{"rendered":"<p>Trockene Sommer, K\u00e4ferbefall, St\u00fcrme \u2013 Deutschlands W\u00e4lder leiden stark unter den Folgen extremer Wetterereignisse und damit des Klimawandels. Dabei kann der Wald<\/p>\n<p class=\"link-more\"><a class=\"myButt \" href=\"http:\/\/forst.igbau.nrw\/?p=2341\">Weitere Infos &#8230;<\/a><\/p>\n","protected":false},"author":2,"featured_media":1598,"comment_status":"closed","ping_status":"open","sticky":false,"template":"","format":"standard","meta":{"ngg_post_thumbnail":0,"jetpack_post_was_ever_published":false,"_jetpack_newsletter_access":"","_jetpack_dont_email_post_to_subs":false,"_jetpack_newsletter_tier_id":0,"_jetpack_memberships_contains_paywalled_content":false,"_jetpack_memberships_contains_paid_content":false,"footnotes":"","jetpack_publicize_message":"","jetpack_publicize_feature_enabled":true,"jetpack_social_post_already_shared":true,"jetpack_social_options":{"image_generator_settings":{"template":"highway","default_image_id":0,"font":"","enabled":false},"version":2}},"categories":[4,5,8,22],"tags":[],"class_list":["post-2341","post","type-post","status-publish","format-standard","has-post-thumbnail","hentry","category-forstpolitik","category-forstwirtschaft","category-ig-bau","category-klimawandel"],"jetpack_publicize_connections":[],"jetpack_featured_media_url":"https:\/\/i0.wp.com\/forst.igbau.nrw\/wp-content\/uploads\/2020\/03\/IGBAU_Forst_Streik_Sep19__18-scaled.jpg?fit=2560%2C1707","jetpack_sharing_enabled":true,"jetpack_shortlink":"https:\/\/wp.me\/p8x7f7-BL","jetpack-related-posts":[],"_links":{"self":[{"href":"http:\/\/forst.igbau.nrw\/index.php?rest_route=\/wp\/v2\/posts\/2341","targetHints":{"allow":["GET"]}}],"collection":[{"href":"http:\/\/forst.igbau.nrw\/index.php?rest_route=\/wp\/v2\/posts"}],"about":[{"href":"http:\/\/forst.igbau.nrw\/index.php?rest_route=\/wp\/v2\/types\/post"}],"author":[{"embeddable":true,"href":"http:\/\/forst.igbau.nrw\/index.php?rest_route=\/wp\/v2\/users\/2"}],"replies":[{"embeddable":true,"href":"http:\/\/forst.igbau.nrw\/index.php?rest_route=%2Fwp%2Fv2%2Fcomments&post=2341"}],"version-history":[{"count":2,"href":"http:\/\/forst.igbau.nrw\/index.php?rest_route=\/wp\/v2\/posts\/2341\/revisions"}],"predecessor-version":[{"id":2344,"href":"http:\/\/forst.igbau.nrw\/index.php?rest_route=\/wp\/v2\/posts\/2341\/revisions\/2344"}],"wp:featuredmedia":[{"embeddable":true,"href":"http:\/\/forst.igbau.nrw\/index.php?rest_route=\/wp\/v2\/media\/1598"}],"wp:attachment":[{"href":"http:\/\/forst.igbau.nrw\/index.php?rest_route=%2Fwp%2Fv2%2Fmedia&parent=2341"}],"wp:term":[{"taxonomy":"category","embeddable":true,"href":"http:\/\/forst.igbau.nrw\/index.php?rest_route=%2Fwp%2Fv2%2Fcategories&post=2341"},{"taxonomy":"post_tag","embeddable":true,"href":"http:\/\/forst.igbau.nrw\/index.php?rest_route=%2Fwp%2Fv2%2Ftags&post=2341"}],"curies":[{"name":"wp","href":"https:\/\/api.w.org\/{rel}","templated":true}]}}