{"id":2345,"date":"2022-03-29T13:46:23","date_gmt":"2022-03-29T13:46:23","guid":{"rendered":"http:\/\/forst.igbau.nrw\/?p=2345"},"modified":"2022-03-29T13:46:23","modified_gmt":"2022-03-29T13:46:23","slug":"7-bundeskonferenz-forst-und-naturschutz","status":"publish","type":"post","link":"http:\/\/forst.igbau.nrw\/?p=2345","title":{"rendered":"7. BUNDESKONFERENZ FORST UND NATURSCHUTZ"},"content":{"rendered":"<p>Die Bundesvertretung der Beamt*innen und Angestellten in Forst und Naturschutz der Industriegewerkschaft Bauen-Agrar-Umwelt (IG BAU) hat zum siebenten Mal ihre Bundeskonferenz Forst und Naturschutz durchgef\u00fchrt. Nachdem die Arbeit in der Branche in den letzten Jahren durch den Klimawandel beeinflusst wurde, griff auch das Konferenzmotto das Thema auf: \u201eKlimawandel und wie geht\u00b4s weiter?\u201c.<\/p>\n<p>&nbsp;<\/p>\n<figure id=\"attachment_2346\" aria-describedby=\"caption-attachment-2346\" style=\"width: 960px\" class=\"wp-caption aligncenter\"><a href=\"https:\/\/igbau.de\/Dokumentation-zur-7.-bundeskonferenz-forst-und-naturschutz.html\" target=\"_blank\" rel=\"noopener\"><img data-recalc-dims=\"1\" fetchpriority=\"high\" decoding=\"async\" data-attachment-id=\"2346\" data-permalink=\"http:\/\/forst.igbau.nrw\/?attachment_id=2346\" data-orig-file=\"https:\/\/i0.wp.com\/forst.igbau.nrw\/wp-content\/uploads\/2022\/03\/Bundeskonferenz-Forst-Bild-3.png?fit=1386%2C777\" data-orig-size=\"1386,777\" data-comments-opened=\"0\" data-image-meta=\"{&quot;aperture&quot;:&quot;0&quot;,&quot;credit&quot;:&quot;&quot;,&quot;camera&quot;:&quot;&quot;,&quot;caption&quot;:&quot;&quot;,&quot;created_timestamp&quot;:&quot;0&quot;,&quot;copyright&quot;:&quot;&quot;,&quot;focal_length&quot;:&quot;0&quot;,&quot;iso&quot;:&quot;0&quot;,&quot;shutter_speed&quot;:&quot;0&quot;,&quot;title&quot;:&quot;&quot;,&quot;orientation&quot;:&quot;0&quot;}\" data-image-title=\"Bundeskonferenz-Forst-Bild-3\" data-image-description=\"\" data-image-caption=\"\" data-large-file=\"https:\/\/i0.wp.com\/forst.igbau.nrw\/wp-content\/uploads\/2022\/03\/Bundeskonferenz-Forst-Bild-3.png?fit=640%2C359\" class=\"wp-image-2346 size-large\" src=\"https:\/\/i0.wp.com\/forst.igbau.nrw\/wp-content\/uploads\/2022\/03\/Bundeskonferenz-Forst-Bild-3.png?resize=640%2C359\" alt=\"PIXABAY\" width=\"640\" height=\"359\" srcset=\"https:\/\/i0.wp.com\/forst.igbau.nrw\/wp-content\/uploads\/2022\/03\/Bundeskonferenz-Forst-Bild-3.png?resize=1024%2C574 1024w, https:\/\/i0.wp.com\/forst.igbau.nrw\/wp-content\/uploads\/2022\/03\/Bundeskonferenz-Forst-Bild-3.png?resize=300%2C168 300w, https:\/\/i0.wp.com\/forst.igbau.nrw\/wp-content\/uploads\/2022\/03\/Bundeskonferenz-Forst-Bild-3.png?resize=768%2C431 768w, https:\/\/i0.wp.com\/forst.igbau.nrw\/wp-content\/uploads\/2022\/03\/Bundeskonferenz-Forst-Bild-3.png?resize=1140%2C639 1140w, https:\/\/i0.wp.com\/forst.igbau.nrw\/wp-content\/uploads\/2022\/03\/Bundeskonferenz-Forst-Bild-3.png?w=1386 1386w, https:\/\/i0.wp.com\/forst.igbau.nrw\/wp-content\/uploads\/2022\/03\/Bundeskonferenz-Forst-Bild-3.png?w=1280 1280w\" sizes=\"(max-width: 640px) 100vw, 640px\" \/><\/a><figcaption id=\"caption-attachment-2346\" class=\"wp-caption-text\">PIXABAY<\/figcaption><\/figure>\n<p>&nbsp;<\/p>\n<p>Dazu wurden im Vorfeld der Bundeskonferenz dem Bundesministerium f\u00fcr Ern\u00e4hrung und Landwirtschaft (BMEL), dem Bundesministerium f\u00fcr Umwelt, Naturschutz, nukleare Sicherheit und Verbraucherschutz (BMU) und den demokratischen Parteien das IG BAU-Positionspapier \u201eWald in Not\u201c zur Verf\u00fcgung gestellt und um Beantwortung der drei konkreten Fragen gebeten:<\/p>\n<ol>\n<li>Bitte nehmen sie m\u00f6glichst konkret Stellung zu unseren Forderungen im Positionspapier \u201eWald in Not\u201c.<\/li>\n<li>Wie stellen sie sich die zuk\u00fcnftige Finanzierung der Gemeinwohl-Leistungen des \u00f6ffentlichen Waldes und des Privatwaldes vor?<\/li>\n<li>Welche politischen Weichenstellungen sind n\u00f6tig, um den Aufbau eines klimaresilienten Waldes zu erm\u00f6glichen?<\/li>\n<\/ol>\n<p>In Videobotschaften wanden sich das BMEL und BMU an die Konferenzteilnehmer*innen.<\/p>\n<p>Die Staatssekret\u00e4rin Silvia Bender (BMEL) begr\u00fc\u00dfte die WALD KLIMA SCHUTZ-Kampagne der IG BAU und hob hervor, dass es zum Erreichen der Klimaziele und f\u00fcr den aktiven Waldumbau gut ausgebildeter Menschen in der Fl\u00e4che bedarf.<\/p>\n<p>Auch die parlamentarische Staatssekret\u00e4rin Dr. Bettina Hoffmann aus dem BMU begr\u00fc\u00dfte unsere Aktivit\u00e4ten zum Klimaschutz. Um hier eine nachhaltige Entwicklung voranzutreiben, zeigte sie verst\u00e4rkte Dialogbereitschaft an: \u201eEin intaktes \u00d6kosystem Wald erhalten wir nur, wenn Politik und Praxis gemeinsam vorangehen.\u201c<\/p>\n<p>Unsere Forderung nach zus\u00e4tzlich 11.000 Fachkr\u00e4ften griffen auch die politischen Statements der Fraktionen der CDU\/CSU, SPD und FDP auf, die den Konferenzteilnehmer*innen schriftlich zur Verf\u00fcgung gestellt wurden.<\/p>\n<p>&nbsp;<\/p>\n<p><strong><a href=\"https:\/\/igbau.de\/Dokumentation-zur-7.-bundeskonferenz-forst-und-naturschutz.html\" target=\"_blank\" rel=\"noopener\">Zu den Beitr\u00e4gen und Videos&#8230;&#8230;<\/a><\/strong><\/p>\n","protected":false},"excerpt":{"rendered":"<p>Die Bundesvertretung der Beamt*innen und Angestellten in Forst und Naturschutz der Industriegewerkschaft Bauen-Agrar-Umwelt (IG BAU) hat zum siebenten Mal ihre Bundeskonferenz Forst<\/p>\n<p class=\"link-more\"><a class=\"myButt \" href=\"http:\/\/forst.igbau.nrw\/?p=2345\">Weitere Infos &#8230;<\/a><\/p>\n","protected":false},"author":2,"featured_media":2346,"comment_status":"closed","ping_status":"open","sticky":false,"template":"","format":"standard","meta":{"ngg_post_thumbnail":0,"jetpack_post_was_ever_published":false,"_jetpack_newsletter_access":"","_jetpack_dont_email_post_to_subs":false,"_jetpack_newsletter_tier_id":0,"_jetpack_memberships_contains_paywalled_content":false,"_jetpack_memberships_contains_paid_content":false,"footnotes":"","jetpack_publicize_message":"","jetpack_publicize_feature_enabled":true,"jetpack_social_post_already_shared":true,"jetpack_social_options":{"image_generator_settings":{"template":"highway","default_image_id":0,"font":"","enabled":false},"version":2}},"categories":[8],"tags":[],"class_list":["post-2345","post","type-post","status-publish","format-standard","has-post-thumbnail","hentry","category-ig-bau"],"jetpack_publicize_connections":[],"jetpack_featured_media_url":"https:\/\/i0.wp.com\/forst.igbau.nrw\/wp-content\/uploads\/2022\/03\/Bundeskonferenz-Forst-Bild-3.png?fit=1386%2C777","jetpack_sharing_enabled":true,"jetpack_shortlink":"https:\/\/wp.me\/p8x7f7-BP","jetpack-related-posts":[],"_links":{"self":[{"href":"http:\/\/forst.igbau.nrw\/index.php?rest_route=\/wp\/v2\/posts\/2345","targetHints":{"allow":["GET"]}}],"collection":[{"href":"http:\/\/forst.igbau.nrw\/index.php?rest_route=\/wp\/v2\/posts"}],"about":[{"href":"http:\/\/forst.igbau.nrw\/index.php?rest_route=\/wp\/v2\/types\/post"}],"author":[{"embeddable":true,"href":"http:\/\/forst.igbau.nrw\/index.php?rest_route=\/wp\/v2\/users\/2"}],"replies":[{"embeddable":true,"href":"http:\/\/forst.igbau.nrw\/index.php?rest_route=%2Fwp%2Fv2%2Fcomments&post=2345"}],"version-history":[{"count":1,"href":"http:\/\/forst.igbau.nrw\/index.php?rest_route=\/wp\/v2\/posts\/2345\/revisions"}],"predecessor-version":[{"id":2347,"href":"http:\/\/forst.igbau.nrw\/index.php?rest_route=\/wp\/v2\/posts\/2345\/revisions\/2347"}],"wp:featuredmedia":[{"embeddable":true,"href":"http:\/\/forst.igbau.nrw\/index.php?rest_route=\/wp\/v2\/media\/2346"}],"wp:attachment":[{"href":"http:\/\/forst.igbau.nrw\/index.php?rest_route=%2Fwp%2Fv2%2Fmedia&parent=2345"}],"wp:term":[{"taxonomy":"category","embeddable":true,"href":"http:\/\/forst.igbau.nrw\/index.php?rest_route=%2Fwp%2Fv2%2Fcategories&post=2345"},{"taxonomy":"post_tag","embeddable":true,"href":"http:\/\/forst.igbau.nrw\/index.php?rest_route=%2Fwp%2Fv2%2Ftags&post=2345"}],"curies":[{"name":"wp","href":"https:\/\/api.w.org\/{rel}","templated":true}]}}