{"id":2352,"date":"2022-04-04T15:24:59","date_gmt":"2022-04-04T15:24:59","guid":{"rendered":"http:\/\/forst.igbau.nrw\/?p=2352"},"modified":"2022-04-04T15:24:59","modified_gmt":"2022-04-04T15:24:59","slug":"politische-diskussion-zu-den-handlungsfeldern-des-waldpakts-in-nrw-2","status":"publish","type":"post","link":"http:\/\/forst.igbau.nrw\/?p=2352","title":{"rendered":"Politische Diskussion zu den Handlungsfeldern des Waldpakts in NRW"},"content":{"rendered":"<p>Wie bereits angek\u00fcndigt hier der Link zur Veranstaltung der forstpolitischen Verb\u00e4nde in Nordrhein-Westfalen anl\u00e4\u00dflich der Landtagswahl 2022.<\/p>\n<p><a href=\"https:\/\/www.eventbrite.fi\/e\/die-zukunft-des-waldes-in-nrw-diskussion-mit-politikvertreterinnen-tickets-298064166947\" target=\"_blank\" rel=\"noopener\">https:\/\/www.eventbrite.fi\/e\/die-zukunft-des-waldes-in-nrw-diskussion-mit-politikvertreterinnen-tickets-298064166947<\/a><\/p>\n<p>&nbsp;<\/p>\n","protected":false},"excerpt":{"rendered":"<p>Wie bereits angek\u00fcndigt hier der Link zur Veranstaltung der forstpolitischen Verb\u00e4nde in Nordrhein-Westfalen anl\u00e4\u00dflich der Landtagswahl 2022. https:\/\/www.eventbrite.fi\/e\/die-zukunft-des-waldes-in-nrw-diskussion-mit-politikvertreterinnen-tickets-298064166947 &nbsp;<\/p>\n","protected":false},"author":1,"featured_media":2297,"comment_status":"closed","ping_status":"open","sticky":false,"template":"","format":"standard","meta":{"ngg_post_thumbnail":0,"jetpack_post_was_ever_published":false,"_jetpack_newsletter_access":"","_jetpack_dont_email_post_to_subs":false,"_jetpack_newsletter_tier_id":0,"_jetpack_memberships_contains_paywalled_content":false,"_jetpack_memberships_contains_paid_content":false,"footnotes":"","jetpack_publicize_message":"","jetpack_publicize_feature_enabled":true,"jetpack_social_post_already_shared":true,"jetpack_social_options":{"image_generator_settings":{"template":"highway","default_image_id":0,"font":"","enabled":false},"version":2}},"categories":[4,8],"tags":[],"class_list":["post-2352","post","type-post","status-publish","format-standard","has-post-thumbnail","hentry","category-forstpolitik","category-ig-bau"],"jetpack_publicize_connections":[],"jetpack_featured_media_url":"https:\/\/i0.wp.com\/forst.igbau.nrw\/wp-content\/uploads\/2022\/01\/tencent-video-logo-png-transparent.png?fit=2400%2C2218","jetpack_sharing_enabled":true,"jetpack_shortlink":"https:\/\/wp.me\/p8x7f7-BW","jetpack-related-posts":[],"_links":{"self":[{"href":"http:\/\/forst.igbau.nrw\/index.php?rest_route=\/wp\/v2\/posts\/2352","targetHints":{"allow":["GET"]}}],"collection":[{"href":"http:\/\/forst.igbau.nrw\/index.php?rest_route=\/wp\/v2\/posts"}],"about":[{"href":"http:\/\/forst.igbau.nrw\/index.php?rest_route=\/wp\/v2\/types\/post"}],"author":[{"embeddable":true,"href":"http:\/\/forst.igbau.nrw\/index.php?rest_route=\/wp\/v2\/users\/1"}],"replies":[{"embeddable":true,"href":"http:\/\/forst.igbau.nrw\/index.php?rest_route=%2Fwp%2Fv2%2Fcomments&post=2352"}],"version-history":[{"count":1,"href":"http:\/\/forst.igbau.nrw\/index.php?rest_route=\/wp\/v2\/posts\/2352\/revisions"}],"predecessor-version":[{"id":2353,"href":"http:\/\/forst.igbau.nrw\/index.php?rest_route=\/wp\/v2\/posts\/2352\/revisions\/2353"}],"wp:featuredmedia":[{"embeddable":true,"href":"http:\/\/forst.igbau.nrw\/index.php?rest_route=\/wp\/v2\/media\/2297"}],"wp:attachment":[{"href":"http:\/\/forst.igbau.nrw\/index.php?rest_route=%2Fwp%2Fv2%2Fmedia&parent=2352"}],"wp:term":[{"taxonomy":"category","embeddable":true,"href":"http:\/\/forst.igbau.nrw\/index.php?rest_route=%2Fwp%2Fv2%2Fcategories&post=2352"},{"taxonomy":"post_tag","embeddable":true,"href":"http:\/\/forst.igbau.nrw\/index.php?rest_route=%2Fwp%2Fv2%2Ftags&post=2352"}],"curies":[{"name":"wp","href":"https:\/\/api.w.org\/{rel}","templated":true}]}}