{"id":2391,"date":"2022-07-14T06:50:06","date_gmt":"2022-07-14T06:50:06","guid":{"rendered":"http:\/\/forst.igbau.nrw\/?p=2391"},"modified":"2022-07-14T06:50:06","modified_gmt":"2022-07-14T06:50:06","slug":"doppelspitze-bei-wald-und-holz-nrw","status":"publish","type":"post","link":"http:\/\/forst.igbau.nrw\/?p=2391","title":{"rendered":"Doppelspitze bei Wald und Holz NRW"},"content":{"rendered":"<p>In Nordrhein-Westfalen hat sich F\u00fchrungsriege des Landesbetriebes Wald und Holz NRW erweitert. Der Landesbetrieb Wald und Holz NRW hat wie auch andere Landesbetriebe in NRW in der Leitung auf eine Doppelspitze umgestellt. Seit 2. Mai 2022 steht neben dem bisherige Leiter Andreas Wiebe nun auch Herr Thomas K\u00e4mmerling in der Verantwortung f\u00fcr Wald und Holz NRW.<\/p>\n<p>Thomas K\u00e4mmerling ist studierter Diplom-Forstwirt und seit vielen Jahren in verschiedenen forstlichen Positionen in Nordrhein-Westfalen t\u00e4tig gewesen. Zuletzt war der 57-j\u00e4hrige geb\u00fcrtige Hagener von 2015 bis 2022 Leiter des Eigenbetriebes RVR Ruhr Gr\u00fcn des Regionalverbandes Ruhr.<\/p>\n<p>Dar\u00fcber hinaus hat er als 1. Stellvertreter des Gemeindewaldbesitzerverbandes in NRW auf Landesebene bisher die Interessen der kommunalen Waldbesitzer vertreten.<\/p>\n<p>Nun \u00fcbernimmt er die neu geschaffene zus\u00e4tzliche Leitungsposition bei Wald und Holz NRW und ist hier Verantwortlich f\u00fcr den forstfachlichen Bereich. Der bisherige alleinige Leiter Andreas Wiebe beh\u00e4lt die Zust\u00e4ndigkeit f\u00fcr die kaufm\u00e4nnische Leitung und die Zentralen Dienste.<\/p>\n<p>Die Landesregierung setzte damit kurz vor den Landtagswahlen die bereits seit l\u00e4ngeren bestehenden Regelungen des sogenannten \u201ePublic Corporate Governance Codex\u201c des Landes Nordrhein-Westfalen um.<\/p>\n<p>Das MULNV vertreten durch den Staatssekret\u00e4r Herrn Dr. Bottermann verk\u00fcndete dazu, dass er sich freue, mit Herrn K\u00e4mmerling einen versierten Forst-Experten gewonnen zu haben, um im F\u00fchrungsduo mit Herrn Wiebe die Waldzukunft in NRW zu gestalten.<\/p>\n<p>Dieser Leitungsaufbau des Landesbetriebes bekommt die \u00dcberschrift \u201eKollegialorgan\u201c und soll Wald und Holz NRW zukunftsf\u00e4hig machen.<\/p>\n<p>Der Landesbetrieb Wald und Holz Nordrhein-Westfalen entstand 2005 und wurde aus den bisherigen Dienststellen der Landesforstverwaltung gegr\u00fcndet, verbunden mit der Reduktion von ehemals 36 Forst\u00e4mter auf dann 15 Regionalforst\u00e4mter und der Schaffung des Nationalparkforstamtes Eifel sowie der Gr\u00fcndung des Zentrums f\u00fcr Wald und Holzwirtschaft.<\/p>\n<p>Die Zentralverwaltung von Wald und Holz NRW hat ihren Sitz in M\u00fcnster in Westfalen. Auf der Fl\u00e4che sind die nach der Reorganisation 2005 verbliebenen 300 F\u00f6rsterinnen und F\u00f6rster in den Forstbetriebsbezirken (Forstrevieren) sowohl f\u00fcr den Landeseigenen Wald mit ca. 120.tsd. Hektar als auch f\u00fcr die Angebote in der Dienstleistung f\u00fcr den Waldbesitz t\u00e4tig. Aktuell engagieren sich mehr als 1.350 Mitarbeiterinnen und Mitarbeiter bei Wald und Holz NRW landesweit f\u00fcr die Belange des Waldes und der Waldbesitzer.<\/p>\n","protected":false},"excerpt":{"rendered":"<p>In Nordrhein-Westfalen hat sich F\u00fchrungsriege des Landesbetriebes Wald und Holz NRW erweitert. Der Landesbetrieb Wald und Holz NRW hat wie auch andere<\/p>\n<p class=\"link-more\"><a class=\"myButt \" href=\"http:\/\/forst.igbau.nrw\/?p=2391\">Weitere Infos &#8230;<\/a><\/p>\n","protected":false},"author":1,"featured_media":0,"comment_status":"closed","ping_status":"open","sticky":false,"template":"","format":"standard","meta":{"ngg_post_thumbnail":0,"jetpack_post_was_ever_published":false,"_jetpack_newsletter_access":"","_jetpack_dont_email_post_to_subs":false,"_jetpack_newsletter_tier_id":0,"_jetpack_memberships_contains_paywalled_content":false,"_jetpack_memberships_contains_paid_content":false,"footnotes":"","jetpack_publicize_message":"","jetpack_publicize_feature_enabled":true,"jetpack_social_post_already_shared":true,"jetpack_social_options":{"image_generator_settings":{"template":"highway","default_image_id":0,"font":"","enabled":false},"version":2}},"categories":[5,20],"tags":[],"class_list":["post-2391","post","type-post","status-publish","format-standard","hentry","category-forstwirtschaft","category-landesbetrieb-wald-und-holz"],"jetpack_publicize_connections":[],"jetpack_featured_media_url":"","jetpack_sharing_enabled":true,"jetpack_shortlink":"https:\/\/wp.me\/p8x7f7-Cz","jetpack-related-posts":[],"_links":{"self":[{"href":"http:\/\/forst.igbau.nrw\/index.php?rest_route=\/wp\/v2\/posts\/2391","targetHints":{"allow":["GET"]}}],"collection":[{"href":"http:\/\/forst.igbau.nrw\/index.php?rest_route=\/wp\/v2\/posts"}],"about":[{"href":"http:\/\/forst.igbau.nrw\/index.php?rest_route=\/wp\/v2\/types\/post"}],"author":[{"embeddable":true,"href":"http:\/\/forst.igbau.nrw\/index.php?rest_route=\/wp\/v2\/users\/1"}],"replies":[{"embeddable":true,"href":"http:\/\/forst.igbau.nrw\/index.php?rest_route=%2Fwp%2Fv2%2Fcomments&post=2391"}],"version-history":[{"count":1,"href":"http:\/\/forst.igbau.nrw\/index.php?rest_route=\/wp\/v2\/posts\/2391\/revisions"}],"predecessor-version":[{"id":2392,"href":"http:\/\/forst.igbau.nrw\/index.php?rest_route=\/wp\/v2\/posts\/2391\/revisions\/2392"}],"wp:attachment":[{"href":"http:\/\/forst.igbau.nrw\/index.php?rest_route=%2Fwp%2Fv2%2Fmedia&parent=2391"}],"wp:term":[{"taxonomy":"category","embeddable":true,"href":"http:\/\/forst.igbau.nrw\/index.php?rest_route=%2Fwp%2Fv2%2Fcategories&post=2391"},{"taxonomy":"post_tag","embeddable":true,"href":"http:\/\/forst.igbau.nrw\/index.php?rest_route=%2Fwp%2Fv2%2Ftags&post=2391"}],"curies":[{"name":"wp","href":"https:\/\/api.w.org\/{rel}","templated":true}]}}