{"id":2393,"date":"2022-07-07T07:16:33","date_gmt":"2022-07-07T07:16:33","guid":{"rendered":"http:\/\/forst.igbau.nrw\/?p=2393"},"modified":"2022-07-14T08:42:05","modified_gmt":"2022-07-14T08:42:05","slug":"neuordnung-in-nordrhein-westfalen","status":"publish","type":"post","link":"http:\/\/forst.igbau.nrw\/?p=2393","title":{"rendered":"Neuordnung in Nordrhein-Westfalen"},"content":{"rendered":"<p>Nach der Landtagswahl und der Einigung \u00fcber ein neues Regierungsb\u00fcndnis in NRW sind nun die Zuschnitte der neuen Ministerien und deren Zust\u00e4ndigkeiten \u00f6ffentlich geworden. Das bedeutet f\u00fcr den Wald und die Forstwirtschaft eine Zuordnung zum Ministerium f\u00fcr Landwirtschaft und Verbraucherschutz des Landes Nordrhein-Westfalen unter der Veranwortung von Frau Silke Gori\u00dfen.<\/p>\n<p>Das neue Ministerium f\u00fcr Landwirtschaft und Verbraucherschutz bezieht seinen Dienstsitz am Stadttor, dem ehemaligen Ministerium f\u00fcr Verkehr des Landes Nordrhein-Westfalen.<\/p>\n<p>Ministerin Silke Gori\u00dfen \u00e4u\u00dferte sich in einer ersten Ansprache mit den Worten&nbsp; \u201eAls neue Ministerin f\u00fcr Landwirtschaft und Verbraucherschutz setze ich mich mit ganzer Kraft f\u00fcr ein gutes Miteinander von Stadt und Land ein, f\u00fcr Ern\u00e4hrungssicherheit und f\u00fcr eine starke Land- und Forstwirtschaft.\u201c<\/p>\n<p>Leider jedoch wird die Chance verpasst das neue Ministerium und dessen neue Zust\u00e4ndigkeiten auch in der Namensgebung darzustellen. Der Wald kommt in der Namensgebung nicht vor.<\/p>\n<p>Obwohl der Wald \u00fcbergreifend als ein Teil der L\u00f6sung und vor allen auch als ein &#8222;Opfer&#8220; der Folgen des Klimawandels gesehen wird, werden die politischen Schwerpunkte im ersten Aufschlag anders gesetzt.<\/p>\n<p>Die IG BAU Landesvertretung Forst bedauert dies sehr und wird versuchen in der Detailumsetzung auf Landesebene dem Wald die erforderliche Stimme zu geben.<\/p>\n<p>Einige der Punkte aus dem Koalititonsvertrag und aus dem Erlass zur Neuordnung der Obersten Landesbeh\u00f6rden werfen aktuell noch mehr Fragen auf als sie beantworten.&nbsp;<\/p>\n<p>Jedoch bereits jetzt sieht es die Landesvertretung der IG BAU als Fehler an das es zu einer Trennung vom Umwelt- und Naturschutz, der Forstwirtschaft und Jagd kommt. Die zus\u00e4tzliche Abtrennung der Zust\u00e4ndigkeiten f\u00fcr den Nationalpark vom Ministerium f\u00fcr Fortstwirtschaft gibt ein bew\u00e4hrtes Miteinander auf.<\/p>\n<p>Die Kolleginnen und Kollegen aus dem Landesbetrieb Wald und Holz Nordrhein-Westfalen im Nationalpark haben bewiesen, dass sie Nationalpark k\u00f6nnen. Mit viel Herzblut und Engagement haben sie die Umsetzung und Realisierung erst erm\u00f6glicht und gegen viele Wiederst\u00e4nde zu einem erfolgreichen Projekt gef\u00fchrt.<\/p>\n<p>Die IG BAU und deren Vertretungen im Personalrat bei Wald und Holz NRW werden sich daf\u00fcr einsetzen dass dies auch in Zukunft so m\u00f6glich sein wird.<\/p>\n<p>&nbsp;<\/p>\n","protected":false},"excerpt":{"rendered":"<p>Nach der Landtagswahl und der Einigung \u00fcber ein neues Regierungsb\u00fcndnis in NRW sind nun die Zuschnitte der neuen Ministerien und deren Zust\u00e4ndigkeiten<\/p>\n<p class=\"link-more\"><a class=\"myButt \" href=\"http:\/\/forst.igbau.nrw\/?p=2393\">Weitere Infos &#8230;<\/a><\/p>\n","protected":false},"author":1,"featured_media":2394,"comment_status":"closed","ping_status":"open","sticky":false,"template":"","format":"standard","meta":{"ngg_post_thumbnail":0,"jetpack_post_was_ever_published":false,"_jetpack_newsletter_access":"","_jetpack_dont_email_post_to_subs":false,"_jetpack_newsletter_tier_id":0,"_jetpack_memberships_contains_paywalled_content":false,"_jetpack_memberships_contains_paid_content":false,"footnotes":"","jetpack_publicize_message":"","jetpack_publicize_feature_enabled":true,"jetpack_social_post_already_shared":true,"jetpack_social_options":{"image_generator_settings":{"template":"highway","default_image_id":0,"font":"","enabled":false},"version":2}},"categories":[4,5,20,9],"tags":[],"class_list":["post-2393","post","type-post","status-publish","format-standard","has-post-thumbnail","hentry","category-forstpolitik","category-forstwirtschaft","category-landesbetrieb-wald-und-holz","category-naturschutz"],"jetpack_publicize_connections":[],"jetpack_featured_media_url":"https:\/\/i0.wp.com\/forst.igbau.nrw\/wp-content\/uploads\/2022\/07\/Waldfotos_85-scaled.jpg?fit=2560%2C1920","jetpack_sharing_enabled":true,"jetpack_shortlink":"https:\/\/wp.me\/p8x7f7-CB","jetpack-related-posts":[],"_links":{"self":[{"href":"http:\/\/forst.igbau.nrw\/index.php?rest_route=\/wp\/v2\/posts\/2393","targetHints":{"allow":["GET"]}}],"collection":[{"href":"http:\/\/forst.igbau.nrw\/index.php?rest_route=\/wp\/v2\/posts"}],"about":[{"href":"http:\/\/forst.igbau.nrw\/index.php?rest_route=\/wp\/v2\/types\/post"}],"author":[{"embeddable":true,"href":"http:\/\/forst.igbau.nrw\/index.php?rest_route=\/wp\/v2\/users\/1"}],"replies":[{"embeddable":true,"href":"http:\/\/forst.igbau.nrw\/index.php?rest_route=%2Fwp%2Fv2%2Fcomments&post=2393"}],"version-history":[{"count":1,"href":"http:\/\/forst.igbau.nrw\/index.php?rest_route=\/wp\/v2\/posts\/2393\/revisions"}],"predecessor-version":[{"id":2395,"href":"http:\/\/forst.igbau.nrw\/index.php?rest_route=\/wp\/v2\/posts\/2393\/revisions\/2395"}],"wp:featuredmedia":[{"embeddable":true,"href":"http:\/\/forst.igbau.nrw\/index.php?rest_route=\/wp\/v2\/media\/2394"}],"wp:attachment":[{"href":"http:\/\/forst.igbau.nrw\/index.php?rest_route=%2Fwp%2Fv2%2Fmedia&parent=2393"}],"wp:term":[{"taxonomy":"category","embeddable":true,"href":"http:\/\/forst.igbau.nrw\/index.php?rest_route=%2Fwp%2Fv2%2Fcategories&post=2393"},{"taxonomy":"post_tag","embeddable":true,"href":"http:\/\/forst.igbau.nrw\/index.php?rest_route=%2Fwp%2Fv2%2Ftags&post=2393"}],"curies":[{"name":"wp","href":"https:\/\/api.w.org\/{rel}","templated":true}]}}