{"id":2465,"date":"2023-03-21T10:00:46","date_gmt":"2023-03-21T10:00:46","guid":{"rendered":"http:\/\/forst.igbau.nrw\/?p=2465"},"modified":"2023-03-27T05:58:35","modified_gmt":"2023-03-27T05:58:35","slug":"der-wald-braucht-nach-wuchs","status":"publish","type":"post","link":"http:\/\/forst.igbau.nrw\/?p=2465","title":{"rendered":"Der Wald braucht Nach-Wuchs"},"content":{"rendered":"<p>Zum Anlass des Tag des Waldes organisierte die <strong><a href=\"https:\/\/igbau.de\/Der-Deutsche-Wald-braucht-Nach-Wuchs-bei-den-Baeumen-wie-auch-beim-Personal.html\" target=\"_blank\" rel=\"noopener\">IG Bauen-Agrar-Umwelt (IGBAU) \u00fcber die Bundesrepublik verteilt Baumpflanzaktionen<\/a><\/strong> um auf die Folgen der menschengemachten Klimakrisen und die dadurch zunehmende Gef\u00e4hrdung unsere W\u00e4lder hinzuweisen.<\/p>\n<p>Die rasante Ver\u00e4nderung des Klimas f\u00fchrt immer mehr und immer \u00f6fter zu extremen Wetterereignissen: D\u00fcrreperioden, trockene Waldb\u00f6den und Hitzespitzen plagen daher das \u00d6kosystem \u00b4Wald\u00b4 massiv.<\/p>\n<p>Auch in NRW sind bereits mehr als 140.000 Hektar Waldfl\u00e4che alleine in den Nadelholzbest\u00e4nden der Trockenheit und dem Borkenk\u00e4fer zum Opfer gefallen.<\/p>\n<p>Die Sch\u00e4den in den Laubholzw\u00e4ldern sind noch nicht ann\u00e4hernd absehbar und sch\u00e4digen die W\u00e4lder in einer bisher nicht gekannten Dimension. Die Klimakrise fordert bereits jetzt einen hohen Preis. Und unsere Kolleginnen und Kollegen in der Forstwirtschaft erleben die Krise seit Jahren hautnah bei ihrer t\u00e4glichen Arbeit im Wald.<\/p>\n<p>Hitze, Trockenheit oder St\u00fcrme, betreffen auch die Besch\u00e4ftigten bei ihren Arbeitsbedingungen sowie im Arbeits- und Gesundheitsschutz. Im Rahmen unserer WALD KLIMA SCHUTZ Kampagne konnte die IG Bauen-Agrar-Umwelt bereits 2020 eine gro\u00dfe Umfrage bei den Besch\u00e4ftigten im Forst durchf\u00fchren: \u00dcber 90 Prozent der befragten Fachkr\u00e4fte gab an, dass die Waldsch\u00e4den in ihrem Arbeitsumfeld immer mehr zugenommen haben. Die daraus resultierenden Arbeitsspitzen haben sich l\u00e4ngst zu einer Dauerbelastung entwickelt und f\u00fchren auch zur emotionalen Belastung der Besch\u00e4ftigten.<\/p>\n<p>Unsere Kolleginnen und Kollegen in der Forstwirtschaft sind doppelt betroffen: Einerseits steigt der Druck und die Verantwortung auf die Besch\u00e4ftigten aufgrund des Klimawandels, und andererseits kann ein gesunder Wald zur Bew\u00e4ltigung der Klimakrise eine wichtige Rolle einnehmen: Der Wald liefert uns den nachhaltigen Rohstoff Holz, bindet CO<sub>2<\/sub> , produziert Sauerstoff und speichert Trinkwasser.<\/p>\n<p><strong>Wir brauchen daher endlich eine mutige Offensive:<\/strong><\/p>\n<ul>\n<li>Die Schad- und Kahlstellen m\u00fcssen wieder aufgeforstet werden.<\/li>\n<li>Wir brauchen dringend einen fl\u00e4chendeckenden \u00f6kologischen Waldumbau.<\/li>\n<li>F\u00fcr diese Herausforderungen ist eines jedoch zentral:<br \/>\n<strong><u>Ausreichendes Fachpersonal!<\/u><\/strong><\/li>\n<\/ul>\n<p>Wir fordern daher entschieden, mindestens 11.000 zus\u00e4tzliche Fachkr\u00e4fte in der Forstwirtschaft! Je 1.000 Hektar Wald, eine zus\u00e4tzliche Fachkraft.<\/p>\n","protected":false},"excerpt":{"rendered":"<p>Zum Anlass des Tag des Waldes organisierte die IG Bauen-Agrar-Umwelt (IGBAU) \u00fcber die Bundesrepublik verteilt Baumpflanzaktionen um auf die Folgen der menschengemachten<\/p>\n<p class=\"link-more\"><a class=\"myButt \" href=\"http:\/\/forst.igbau.nrw\/?p=2465\">Weitere Infos &#8230;<\/a><\/p>\n","protected":false},"author":1,"featured_media":2466,"comment_status":"closed","ping_status":"open","sticky":false,"template":"","format":"standard","meta":{"ngg_post_thumbnail":0,"jetpack_post_was_ever_published":false,"_jetpack_newsletter_access":"","_jetpack_dont_email_post_to_subs":false,"_jetpack_newsletter_tier_id":0,"_jetpack_memberships_contains_paywalled_content":false,"_jetpack_memberships_contains_paid_content":false,"footnotes":"","jetpack_publicize_message":"","jetpack_publicize_feature_enabled":true,"jetpack_social_post_already_shared":true,"jetpack_social_options":{"image_generator_settings":{"template":"highway","default_image_id":0,"font":"","enabled":false},"version":2}},"categories":[4,8,22],"tags":[],"class_list":["post-2465","post","type-post","status-publish","format-standard","has-post-thumbnail","hentry","category-forstpolitik","category-ig-bau","category-klimawandel"],"jetpack_publicize_connections":[],"jetpack_featured_media_url":"https:\/\/i0.wp.com\/forst.igbau.nrw\/wp-content\/uploads\/2023\/03\/Tag_des_Waldes_2023_Duesseldorf_IGBAU_50-scaled.jpeg?fit=2560%2C1920","jetpack_sharing_enabled":true,"jetpack_shortlink":"https:\/\/wp.me\/p8x7f7-DL","jetpack-related-posts":[],"_links":{"self":[{"href":"http:\/\/forst.igbau.nrw\/index.php?rest_route=\/wp\/v2\/posts\/2465","targetHints":{"allow":["GET"]}}],"collection":[{"href":"http:\/\/forst.igbau.nrw\/index.php?rest_route=\/wp\/v2\/posts"}],"about":[{"href":"http:\/\/forst.igbau.nrw\/index.php?rest_route=\/wp\/v2\/types\/post"}],"author":[{"embeddable":true,"href":"http:\/\/forst.igbau.nrw\/index.php?rest_route=\/wp\/v2\/users\/1"}],"replies":[{"embeddable":true,"href":"http:\/\/forst.igbau.nrw\/index.php?rest_route=%2Fwp%2Fv2%2Fcomments&post=2465"}],"version-history":[{"count":2,"href":"http:\/\/forst.igbau.nrw\/index.php?rest_route=\/wp\/v2\/posts\/2465\/revisions"}],"predecessor-version":[{"id":2478,"href":"http:\/\/forst.igbau.nrw\/index.php?rest_route=\/wp\/v2\/posts\/2465\/revisions\/2478"}],"wp:featuredmedia":[{"embeddable":true,"href":"http:\/\/forst.igbau.nrw\/index.php?rest_route=\/wp\/v2\/media\/2466"}],"wp:attachment":[{"href":"http:\/\/forst.igbau.nrw\/index.php?rest_route=%2Fwp%2Fv2%2Fmedia&parent=2465"}],"wp:term":[{"taxonomy":"category","embeddable":true,"href":"http:\/\/forst.igbau.nrw\/index.php?rest_route=%2Fwp%2Fv2%2Fcategories&post=2465"},{"taxonomy":"post_tag","embeddable":true,"href":"http:\/\/forst.igbau.nrw\/index.php?rest_route=%2Fwp%2Fv2%2Ftags&post=2465"}],"curies":[{"name":"wp","href":"https:\/\/api.w.org\/{rel}","templated":true}]}}