{"id":2468,"date":"2023-03-23T18:32:32","date_gmt":"2023-03-23T18:32:32","guid":{"rendered":"http:\/\/forst.igbau.nrw\/?p=2468"},"modified":"2023-03-23T18:54:26","modified_gmt":"2023-03-23T18:54:26","slug":"baumpflanzaktion-ig-bauen-agrar-umwelt-vor-dem-landtag-nr","status":"publish","type":"post","link":"http:\/\/forst.igbau.nrw\/?p=2468","title":{"rendered":"Baumpflanzaktion IG Bauen-Agrar-Umwelt vor dem Landtag NRW"},"content":{"rendered":"<p>Der Bezirksverband der IGBAU in D\u00fcsseldorf und die Landesvertretung Forst und Naturschutz in NRW nutzten gemeinsam die bundesweite Aktion der IG Bauen-Agrar-Umwelt, als Forst- und Umweltgewerkschaft um mit den verantwortlichen Waldpolitischen Sprecherinnen und Sprechern Ausschusses f\u00fcr Umwelt, Landwirtschaft, Natur- und Verbraucherschutz in NRW ins Gespr\u00e4ch zum Thema <strong>Wald Nach-Wuchs<\/strong> zu kommen.<\/p>\n<p>Der Einladung der Landesvertretung, gemeinsam, symbolisch und stellvertretend einen Baum vor dem Landtag in D\u00fcsseldorf zu pflanzen folgten die Abgeordneten Herr Jochen Ritter f\u00fcr die CDU, Herr Dietmar Brockes f\u00fcr die FDP, Herr Dr. Gregor Kaiser von den Gr\u00fcnen und f\u00fcr die SPD Frau Julia Kahle-Hausmann gerne.<\/p>\n<p><img data-recalc-dims=\"1\" fetchpriority=\"high\" decoding=\"async\" data-attachment-id=\"2469\" data-permalink=\"http:\/\/forst.igbau.nrw\/?attachment_id=2469\" data-orig-file=\"https:\/\/i0.wp.com\/forst.igbau.nrw\/wp-content\/uploads\/2023\/03\/Tag_des_Waldes_2023_Duesseldorf_IGBAU_09.jpg?fit=1536%2C1737\" data-orig-size=\"1536,1737\" data-comments-opened=\"0\" data-image-meta=\"{&quot;aperture&quot;:&quot;0&quot;,&quot;credit&quot;:&quot;&quot;,&quot;camera&quot;:&quot;&quot;,&quot;caption&quot;:&quot;&quot;,&quot;created_timestamp&quot;:&quot;1679410942&quot;,&quot;copyright&quot;:&quot;&quot;,&quot;focal_length&quot;:&quot;0&quot;,&quot;iso&quot;:&quot;0&quot;,&quot;shutter_speed&quot;:&quot;0&quot;,&quot;title&quot;:&quot;&quot;,&quot;orientation&quot;:&quot;1&quot;}\" data-image-title=\"Tag_des_Waldes_2023_Du\u0308sseldorf_IGBAU_09\" data-image-description=\"\" data-image-caption=\"\" data-large-file=\"https:\/\/i0.wp.com\/forst.igbau.nrw\/wp-content\/uploads\/2023\/03\/Tag_des_Waldes_2023_Duesseldorf_IGBAU_09.jpg?fit=640%2C723\" class=\"alignnone size-large wp-image-2469\" src=\"https:\/\/i0.wp.com\/forst.igbau.nrw\/wp-content\/uploads\/2023\/03\/Tag_des_Waldes_2023_Duesseldorf_IGBAU_09.jpg?resize=640%2C723\" alt=\"\" width=\"640\" height=\"723\" srcset=\"https:\/\/i0.wp.com\/forst.igbau.nrw\/wp-content\/uploads\/2023\/03\/Tag_des_Waldes_2023_Duesseldorf_IGBAU_09.jpg?resize=906%2C1024 906w, https:\/\/i0.wp.com\/forst.igbau.nrw\/wp-content\/uploads\/2023\/03\/Tag_des_Waldes_2023_Duesseldorf_IGBAU_09.jpg?resize=265%2C300 265w, https:\/\/i0.wp.com\/forst.igbau.nrw\/wp-content\/uploads\/2023\/03\/Tag_des_Waldes_2023_Duesseldorf_IGBAU_09.jpg?resize=768%2C869 768w, https:\/\/i0.wp.com\/forst.igbau.nrw\/wp-content\/uploads\/2023\/03\/Tag_des_Waldes_2023_Duesseldorf_IGBAU_09.jpg?resize=1358%2C1536 1358w, https:\/\/i0.wp.com\/forst.igbau.nrw\/wp-content\/uploads\/2023\/03\/Tag_des_Waldes_2023_Duesseldorf_IGBAU_09.jpg?resize=1140%2C1289 1140w, https:\/\/i0.wp.com\/forst.igbau.nrw\/wp-content\/uploads\/2023\/03\/Tag_des_Waldes_2023_Duesseldorf_IGBAU_09.jpg?w=1536 1536w, https:\/\/i0.wp.com\/forst.igbau.nrw\/wp-content\/uploads\/2023\/03\/Tag_des_Waldes_2023_Duesseldorf_IGBAU_09.jpg?w=1280 1280w\" sizes=\"(max-width: 640px) 100vw, 640px\" \/><\/p>\n<p>Uwe Orlob (IGBAU), Dr.- Gregor Kaiser (Gr\u00fcne), Jochen Ritter (CDU), Peter Wicke(IGBAU), Julia Kahle-Hausmann (SPD), Thomas K\u00e4mmerling (Wald und Holz NRW), Dietmar Brockes (FDP)<\/p>\n<p>Nach der Begr\u00fc\u00dfung und Einf\u00fchrung in die Aktion der IGBAU durch Uwe Orlob nutzte die Landesvertretung die M\u00f6glichkeit um auf die Belastungen der Besch\u00e4ftigten im Wald hinzuweisen. Im einzelnen stellte Peter Wicke stellvertretend die Ergebnisse der in 2020 durchgef\u00fchrten Umfrage auf Bundesebene zu den Belastungen durch den Klimawandel dar. Die durch mehr als 1300 Kolleginnen und Kollegen getragenen Aussagen \u00fcber die unmittelbaren Folgen durch steigende Temperaturen, die psychische Belastung durch den Verlust der \u00fcber viele Jahre gepflegten W\u00e4lder, die enorme Arbeitsbelastungen durch die Bew\u00e4ltigung der Borkenk\u00e4ferkalamit\u00e4t und die zunehmenden Gefahren durch abgestorbene Laubb\u00e4ume zeichnen ein d\u00fcsteres Bild.<\/p>\n<p><img data-recalc-dims=\"1\" decoding=\"async\" data-attachment-id=\"2470\" data-permalink=\"http:\/\/forst.igbau.nrw\/?attachment_id=2470\" data-orig-file=\"https:\/\/i0.wp.com\/forst.igbau.nrw\/wp-content\/uploads\/2023\/03\/Tag_des_Waldes_2023_Duesseldorf_IGBAU_10.jpeg?fit=1536%2C1892\" data-orig-size=\"1536,1892\" data-comments-opened=\"0\" data-image-meta=\"{&quot;aperture&quot;:&quot;0&quot;,&quot;credit&quot;:&quot;&quot;,&quot;camera&quot;:&quot;&quot;,&quot;caption&quot;:&quot;&quot;,&quot;created_timestamp&quot;:&quot;1679411002&quot;,&quot;copyright&quot;:&quot;&quot;,&quot;focal_length&quot;:&quot;0&quot;,&quot;iso&quot;:&quot;0&quot;,&quot;shutter_speed&quot;:&quot;0&quot;,&quot;title&quot;:&quot;&quot;,&quot;orientation&quot;:&quot;1&quot;}\" data-image-title=\"Tag_des_Waldes_2023_Du\u0308sseldorf_IGBAU_10\" data-image-description=\"\" data-image-caption=\"\" data-large-file=\"https:\/\/i0.wp.com\/forst.igbau.nrw\/wp-content\/uploads\/2023\/03\/Tag_des_Waldes_2023_Duesseldorf_IGBAU_10.jpeg?fit=640%2C789\" class=\"alignnone size-large wp-image-2470\" src=\"https:\/\/i0.wp.com\/forst.igbau.nrw\/wp-content\/uploads\/2023\/03\/Tag_des_Waldes_2023_Duesseldorf_IGBAU_10.jpeg?resize=640%2C789\" alt=\"\" width=\"640\" height=\"789\" srcset=\"https:\/\/i0.wp.com\/forst.igbau.nrw\/wp-content\/uploads\/2023\/03\/Tag_des_Waldes_2023_Duesseldorf_IGBAU_10.jpeg?resize=831%2C1024 831w, https:\/\/i0.wp.com\/forst.igbau.nrw\/wp-content\/uploads\/2023\/03\/Tag_des_Waldes_2023_Duesseldorf_IGBAU_10.jpeg?resize=244%2C300 244w, https:\/\/i0.wp.com\/forst.igbau.nrw\/wp-content\/uploads\/2023\/03\/Tag_des_Waldes_2023_Duesseldorf_IGBAU_10.jpeg?resize=768%2C946 768w, https:\/\/i0.wp.com\/forst.igbau.nrw\/wp-content\/uploads\/2023\/03\/Tag_des_Waldes_2023_Duesseldorf_IGBAU_10.jpeg?resize=1247%2C1536 1247w, https:\/\/i0.wp.com\/forst.igbau.nrw\/wp-content\/uploads\/2023\/03\/Tag_des_Waldes_2023_Duesseldorf_IGBAU_10.jpeg?resize=1140%2C1404 1140w, https:\/\/i0.wp.com\/forst.igbau.nrw\/wp-content\/uploads\/2023\/03\/Tag_des_Waldes_2023_Duesseldorf_IGBAU_10.jpeg?w=1536 1536w\" sizes=\"(max-width: 640px) 100vw, 640px\" \/><\/p>\n<p>Peter Wicke(IGBAU, Uwe Orlob (IGBAU), Dr.- Gregor Kaiser (Gr\u00fcne), Dietmar Brockes (FDP)<\/p>\n<p>Hinzu kommt die Bew\u00e4ltigung des demografischen Wandels bei den Besch\u00e4ftigten, der stetig steigende Zeitdruck in der allt\u00e4glichen Arbeit und der Wandel im Selbstverst\u00e4ndnis der F\u00f6rster und F\u00f6rsterinnen, sowie der Forstwirte und Forstwirtinnen gerade hier in NRW.<\/p>\n<p>Dies alles erfordert eine ausreichende Personalausstattung im Wald um nachhaltig und professionell den Umbau im Zuge des Klimawandels mitgestalten zu k\u00f6nnen.<\/p>\n<p>Die Forderungen der IGBAU stellen sehr plakativ die wesentlichen Punkte dar.<\/p>\n<p>Wir fordern:<\/p>\n<ul>\n<li><strong>Pro 1000 Hektar Wald in Deutschland eine zus\u00e4tzliche Fachkraft!<\/strong><\/li>\n<li><strong>Deutliche Reduktion der Arbeitsbelastung, um den absehbaren Risiken entgegenzuwirken!<\/strong><\/li>\n<li><strong>Berufe im Forst attraktiver gestalten, um langfristig genug engagierten Nachwuchs in die Branche zu bringen!<\/strong><\/li>\n<\/ul>\n<p>Im Anschluss nutzten die anwesenden Abgeordneten die M\u00f6glichkeit um die Forderungen und Anregungen der IGBAU aus Ihrer Sicht zu kommentieren bzw. zu beantworten.<\/p>\n<p>Herr Brockes (FDP) und Frau Kahle-Hausmann (SPD) nahme hier aus der Rolle der Oppositionsparteien den Ball auf und sprachen eine weitestgehende Unterst\u00fctzung der Anliegen der IGBAU zu.<\/p>\n<p>F\u00fcr die Regierungspartei sah Herr Ritter (CDU) bereits vieles durch die Landesregierung auf den Weg gebracht, hier nannte er im wesentlichen die F\u00f6rderungsm\u00f6glichkeiten f\u00fcr den Waldbesitz.<\/p>\n<p>Unsere plakative Forderung eine zus\u00e4tzlichen Stelle auf 1000 Hektar Waldfl\u00e4che wurde als konkrete Forderung angenommen, jedoch hinterfragt.<\/p>\n<p>Herr Dr. Kaiser spannte den Bogen weiter und sah die politischen Anforderungen im ganzen als eine Herausforderung um den Klimawandel zu bremsen und den CO2 Aussto\u00df zu verringern.<\/p>\n<p>Ohne Wasser bzw. ausreichende Niederschl\u00e4ge bleiben die Ergebnisse all unserer Bem\u00fchungen, auch die Forderung nach mehr Personal vergeblich.<\/p>\n<p>&nbsp;<\/p>\n<p>Grunds\u00e4tzlich unterstrichen alle Anwesenden die wichtige Rolle der Besch\u00e4ftigten im Wald.<\/p>\n<p>Abschlie\u00dfend konnte die IGBAU konkrete Termine mit der Fachpolitik vereinbaren um anhand von Waldbildern unter Beteiligung von im Wald Besch\u00e4ftigten unsere Forderungen zu untermauern und an Praxisbespielen zu erl\u00e4utern.<\/p>\n<p>&nbsp;<\/p>\n<p><img data-recalc-dims=\"1\" decoding=\"async\" data-attachment-id=\"2471\" data-permalink=\"http:\/\/forst.igbau.nrw\/?attachment_id=2471\" data-orig-file=\"https:\/\/i0.wp.com\/forst.igbau.nrw\/wp-content\/uploads\/2023\/03\/Tag_des_Waldes_2023_Duesseldorf_IGBAU_99.jpg?fit=1536%2C2048\" data-orig-size=\"1536,2048\" data-comments-opened=\"0\" data-image-meta=\"{&quot;aperture&quot;:&quot;0&quot;,&quot;credit&quot;:&quot;&quot;,&quot;camera&quot;:&quot;&quot;,&quot;caption&quot;:&quot;&quot;,&quot;created_timestamp&quot;:&quot;0&quot;,&quot;copyright&quot;:&quot;&quot;,&quot;focal_length&quot;:&quot;0&quot;,&quot;iso&quot;:&quot;0&quot;,&quot;shutter_speed&quot;:&quot;0&quot;,&quot;title&quot;:&quot;&quot;,&quot;orientation&quot;:&quot;0&quot;}\" data-image-title=\"Tag_des_Waldes_2023_Du\u0308sseldorf_IGBAU_99\" data-image-description=\"\" data-image-caption=\"\" data-large-file=\"https:\/\/i0.wp.com\/forst.igbau.nrw\/wp-content\/uploads\/2023\/03\/Tag_des_Waldes_2023_Duesseldorf_IGBAU_99.jpg?fit=640%2C853\" class=\"alignnone size-large wp-image-2471\" src=\"https:\/\/i0.wp.com\/forst.igbau.nrw\/wp-content\/uploads\/2023\/03\/Tag_des_Waldes_2023_Duesseldorf_IGBAU_99.jpg?resize=640%2C853\" alt=\"\" width=\"640\" height=\"853\" srcset=\"https:\/\/i0.wp.com\/forst.igbau.nrw\/wp-content\/uploads\/2023\/03\/Tag_des_Waldes_2023_Duesseldorf_IGBAU_99.jpg?resize=768%2C1024 768w, https:\/\/i0.wp.com\/forst.igbau.nrw\/wp-content\/uploads\/2023\/03\/Tag_des_Waldes_2023_Duesseldorf_IGBAU_99.jpg?resize=225%2C300 225w, https:\/\/i0.wp.com\/forst.igbau.nrw\/wp-content\/uploads\/2023\/03\/Tag_des_Waldes_2023_Duesseldorf_IGBAU_99.jpg?resize=1152%2C1536 1152w, https:\/\/i0.wp.com\/forst.igbau.nrw\/wp-content\/uploads\/2023\/03\/Tag_des_Waldes_2023_Duesseldorf_IGBAU_99.jpg?resize=1140%2C1520 1140w, https:\/\/i0.wp.com\/forst.igbau.nrw\/wp-content\/uploads\/2023\/03\/Tag_des_Waldes_2023_Duesseldorf_IGBAU_99.jpg?w=1536 1536w, https:\/\/i0.wp.com\/forst.igbau.nrw\/wp-content\/uploads\/2023\/03\/Tag_des_Waldes_2023_Duesseldorf_IGBAU_99.jpg?w=1280 1280w\" sizes=\"(max-width: 640px) 100vw, 640px\" \/><\/p>\n<p>Reinhard Steffen (IGBAU), Peter Wicke (IGBAU) Thomas K\u00e4mmerling (Wald und Holz NRW) im Gespr\u00e4ch \u00fcber die besonderen Anforderungen an den Landesbetrieb Wald und Holz Nordrhein-Westfalen und dessen Besch\u00e4ftigte.<\/p>\n<p>&nbsp;<\/p>\n","protected":false},"excerpt":{"rendered":"<p>Der Bezirksverband der IGBAU in D\u00fcsseldorf und die Landesvertretung Forst und Naturschutz in NRW nutzten gemeinsam die bundesweite Aktion der IG Bauen-Agrar-Umwelt,<\/p>\n<p class=\"link-more\"><a class=\"myButt \" href=\"http:\/\/forst.igbau.nrw\/?p=2468\">Weitere Infos &#8230;<\/a><\/p>\n","protected":false},"author":1,"featured_media":2469,"comment_status":"closed","ping_status":"open","sticky":false,"template":"","format":"standard","meta":{"ngg_post_thumbnail":0,"jetpack_post_was_ever_published":false,"_jetpack_newsletter_access":"","_jetpack_dont_email_post_to_subs":false,"_jetpack_newsletter_tier_id":0,"_jetpack_memberships_contains_paywalled_content":false,"_jetpack_memberships_contains_paid_content":false,"footnotes":"","jetpack_publicize_message":"","jetpack_publicize_feature_enabled":true,"jetpack_social_post_already_shared":true,"jetpack_social_options":{"image_generator_settings":{"template":"highway","default_image_id":0,"font":"","enabled":false},"version":2}},"categories":[4,20],"tags":[],"class_list":["post-2468","post","type-post","status-publish","format-standard","has-post-thumbnail","hentry","category-forstpolitik","category-landesbetrieb-wald-und-holz"],"jetpack_publicize_connections":[],"jetpack_featured_media_url":"https:\/\/i0.wp.com\/forst.igbau.nrw\/wp-content\/uploads\/2023\/03\/Tag_des_Waldes_2023_Duesseldorf_IGBAU_09.jpg?fit=1536%2C1737","jetpack_sharing_enabled":true,"jetpack_shortlink":"https:\/\/wp.me\/p8x7f7-DO","jetpack-related-posts":[],"_links":{"self":[{"href":"http:\/\/forst.igbau.nrw\/index.php?rest_route=\/wp\/v2\/posts\/2468","targetHints":{"allow":["GET"]}}],"collection":[{"href":"http:\/\/forst.igbau.nrw\/index.php?rest_route=\/wp\/v2\/posts"}],"about":[{"href":"http:\/\/forst.igbau.nrw\/index.php?rest_route=\/wp\/v2\/types\/post"}],"author":[{"embeddable":true,"href":"http:\/\/forst.igbau.nrw\/index.php?rest_route=\/wp\/v2\/users\/1"}],"replies":[{"embeddable":true,"href":"http:\/\/forst.igbau.nrw\/index.php?rest_route=%2Fwp%2Fv2%2Fcomments&post=2468"}],"version-history":[{"count":5,"href":"http:\/\/forst.igbau.nrw\/index.php?rest_route=\/wp\/v2\/posts\/2468\/revisions"}],"predecessor-version":[{"id":2477,"href":"http:\/\/forst.igbau.nrw\/index.php?rest_route=\/wp\/v2\/posts\/2468\/revisions\/2477"}],"wp:featuredmedia":[{"embeddable":true,"href":"http:\/\/forst.igbau.nrw\/index.php?rest_route=\/wp\/v2\/media\/2469"}],"wp:attachment":[{"href":"http:\/\/forst.igbau.nrw\/index.php?rest_route=%2Fwp%2Fv2%2Fmedia&parent=2468"}],"wp:term":[{"taxonomy":"category","embeddable":true,"href":"http:\/\/forst.igbau.nrw\/index.php?rest_route=%2Fwp%2Fv2%2Fcategories&post=2468"},{"taxonomy":"post_tag","embeddable":true,"href":"http:\/\/forst.igbau.nrw\/index.php?rest_route=%2Fwp%2Fv2%2Ftags&post=2468"}],"curies":[{"name":"wp","href":"https:\/\/api.w.org\/{rel}","templated":true}]}}