{"id":2481,"date":"2023-04-04T09:29:03","date_gmt":"2023-04-04T09:29:03","guid":{"rendered":"http:\/\/forst.igbau.nrw\/?p=2481"},"modified":"2023-04-04T12:26:14","modified_gmt":"2023-04-04T12:26:14","slug":"igbau-treffen-mit-staatssekretaer-dr-berges-im-mlv-nrw","status":"publish","type":"post","link":"http:\/\/forst.igbau.nrw\/?p=2481","title":{"rendered":"IGBAU Treffen mit Staatssekret\u00e4r Dr. Berges im MLV NRW"},"content":{"rendered":"<p>Am 31.03. hatte die Landesvertretung Forst und die Fachgruppe der Forstwirte nach einer langen Anlaufphase die M\u00f6glichkeit mit Herrn Staatssekret\u00e4r Dr. Berges im <strong><a href=\"https:\/\/www.mlv.nrw.de\/\" target=\"_blank\" rel=\"noopener\">Ministerium f\u00fcr Landwirtschaft und Verbraucherschutz<\/a><\/strong> ein erstes Kennenlern- und Arbeitsgespr\u00e4ch zu f\u00fchren. Dazu fand im neuen Dienstgeb\u00e4ude des MLV im Stadttor unweit des Nordrhein-Westf\u00e4lischen Landtages eine Hybridveranstaltung gemeinsam mit den Kollegen des BDF statt. Seitens des Ministeriums waren Herr Dr. Berges in Vertretung f\u00fcr Frau Ministerin Gori\u00dfen, der Landesforstchef Herr Hartmann, sowie die Kollegen aus der<\/p>\n<figure id=\"attachment_1505\" aria-describedby=\"caption-attachment-1505\" style=\"width: 225px\" class=\"wp-caption alignright\"><img data-recalc-dims=\"1\" fetchpriority=\"high\" decoding=\"async\" data-attachment-id=\"1505\" data-permalink=\"http:\/\/forst.igbau.nrw\/?attachment_id=1505\" data-orig-file=\"https:\/\/i0.wp.com\/forst.igbau.nrw\/wp-content\/uploads\/2020\/02\/Wiese_Peter_PR_Wahl_2020.jpg?fit=1123%2C1497\" data-orig-size=\"1123,1497\" data-comments-opened=\"1\" data-image-meta=\"{&quot;aperture&quot;:&quot;3.5&quot;,&quot;credit&quot;:&quot;Peter Wicke&quot;,&quot;camera&quot;:&quot;Canon PowerShot SX20 IS&quot;,&quot;caption&quot;:&quot;&quot;,&quot;created_timestamp&quot;:&quot;315532997&quot;,&quot;copyright&quot;:&quot;Peter Wicke&quot;,&quot;focal_length&quot;:&quot;8.521&quot;,&quot;iso&quot;:&quot;160&quot;,&quot;shutter_speed&quot;:&quot;0.01&quot;,&quot;title&quot;:&quot;&quot;,&quot;orientation&quot;:&quot;1&quot;}\" data-image-title=\"Wiese_Peter_PR_Wahl_2020\" data-image-description=\"\" data-image-caption=\"\" data-large-file=\"https:\/\/i0.wp.com\/forst.igbau.nrw\/wp-content\/uploads\/2020\/02\/Wiese_Peter_PR_Wahl_2020.jpg?fit=640%2C853\" class=\"wp-image-1505 size-medium\" src=\"https:\/\/i0.wp.com\/forst.igbau.nrw\/wp-content\/uploads\/2020\/02\/Wiese_Peter_PR_Wahl_2020.jpg?resize=225%2C300\" alt=\"\" width=\"225\" height=\"300\" srcset=\"https:\/\/i0.wp.com\/forst.igbau.nrw\/wp-content\/uploads\/2020\/02\/Wiese_Peter_PR_Wahl_2020.jpg?resize=225%2C300 225w, https:\/\/i0.wp.com\/forst.igbau.nrw\/wp-content\/uploads\/2020\/02\/Wiese_Peter_PR_Wahl_2020.jpg?resize=768%2C1024 768w, https:\/\/i0.wp.com\/forst.igbau.nrw\/wp-content\/uploads\/2020\/02\/Wiese_Peter_PR_Wahl_2020.jpg?w=1123 1123w\" sizes=\"(max-width: 225px) 100vw, 225px\" \/><figcaption id=\"caption-attachment-1505\" class=\"wp-caption-text\">Peter Wiese Fachgruppe Forstwirte<\/figcaption><\/figure>\n<p>Forstabteilung Herr Daamen und Herr Hueck teil. Erstmalig nahm auch Frau Biro f\u00fcr den Bereich Personal Gesch\u00e4ftsbereich, Grundsatzangelegenheiten, Aus- und Fortbildung teil.<\/p>\n<p>Seitens der IGBAU diskutierten Marc Redemann und Peter Wicke die Themen und Fragestellungen sowohl der Gewerkschaft als auch der Personalvertretung von Wald und Holz NRW. Kollege Peter Wiese f\u00fcr die Fachgruppe musste leider kurzfristig absagen.<\/p>\n<p>Besonders umfangreich wurde das Thema einer gerechteren Bezahlung f\u00fcr die Besch\u00e4ftigten im Bereich des TV-L Forstes besprochen. Die IGBAU sieht hier das Land NRW in einer gr\u00f6\u00dferen Verantwortung als bisher die Interessen des Landes auch auf der Ebene der Tarifverhandlungen zu vertreten. Die Landesvertretung und die Fachgruppe sehen es nicht mehr als zeitgem\u00e4\u00df an, dass es noch immer keine Entgeltordnung f\u00fcr den TV-L Forst gibt. In Zeiten von immer umfangreicheren T\u00e4tigkeiten und Aufgaben f\u00fcr Forstwirte und Forstwirtinnen reichen die Eingruppierungsm\u00f6glichkeiten schon seit l\u00e4ngeren nicht mehr aus.<\/p>\n<p>Insbesondere die Aufgaben als Revierleitung, die T\u00e4tigkeiten als Ranger au\u00dferhalb des Nationalparkes, die Arbeitslehrer am FBZ, die DIWA Funktionen in den FBB\u2019s, die Umweltbildung an den Jugendwaldheimen entsprechen aus unserer Sicht nicht mehr den Grundgedanken der Tarifbildung im TV-L Forst.<\/p>\n<p>Aber auch die Eingruppierung in der Eingangsstufe EG 5 im TV-L Forst muss aus der Sicht der IGBAU dringend reformiert werden, um auch in Zukunft dem demografischen Wandel auch im Wald entgegenzuwirken. Auch wenn der Landesbetrieb grunds\u00e4tzlich bewusst \u00fcber den eigenen Bedarf ausbildet, muss er als Arbeitgeber weiterhin konkurrenzf\u00e4hig gegen\u00fcber Dritten bleiben. Und dazu geh\u00f6rt auch eine angemessene Bezahlung f\u00fcr die fachlich qualifizierte Arbeit als Forstwirtin und Forstwirt.<\/p>\n<p>Das MLV sagte hier eine verst\u00e4rkte Wahrnehmung letztendlich auch der eigenen Interessen auf der Ebene der TDL zu.<\/p>\n<p>Auch die andauernden Diskussion \u00fcber eine angemessen Eingruppierung und Besoldung im fortstlichen Aussendienst war ein Thema der Sitzung. Der Personalrat, die IGBAU und der BDF fordern bereits seit vielen Monaten hier eine angemessene Bezahlung und Anerkennung im Einstiegsamt als F\u00f6rsterin und F\u00f6rster. Aber auch die Entwicklungsm\u00f6glichkeiten und vor allem die Karrierem\u00f6glichkeiten f\u00fcr den Gehobenen Dienst sehen die Personalvertretung und die IGBAU und der BDF als dringend verbesserungsw\u00fcrdig an.<\/p>\n<figure id=\"attachment_1581\" aria-describedby=\"caption-attachment-1581\" style=\"width: 200px\" class=\"wp-caption alignleft\"><img data-recalc-dims=\"1\" decoding=\"async\" data-attachment-id=\"1581\" data-permalink=\"http:\/\/forst.igbau.nrw\/?attachment_id=1581\" data-orig-file=\"https:\/\/i0.wp.com\/forst.igbau.nrw\/wp-content\/uploads\/2020\/03\/Redemann_Marc_HPR_PR_Wahl_2020-scaled.jpg?fit=1707%2C2560\" data-orig-size=\"1707,2560\" data-comments-opened=\"1\" data-image-meta=\"{&quot;aperture&quot;:&quot;5&quot;,&quot;credit&quot;:&quot;Peter Wicke&quot;,&quot;camera&quot;:&quot;Canon EOS 5D Mark III&quot;,&quot;caption&quot;:&quot;&quot;,&quot;created_timestamp&quot;:&quot;1507549449&quot;,&quot;copyright&quot;:&quot;Peter Wicke&quot;,&quot;focal_length&quot;:&quot;47&quot;,&quot;iso&quot;:&quot;400&quot;,&quot;shutter_speed&quot;:&quot;0.002&quot;,&quot;title&quot;:&quot;&quot;,&quot;orientation&quot;:&quot;1&quot;}\" data-image-title=\"Redemann_Marc_HPR_PR_Wahl_2020\" data-image-description=\"\" data-image-caption=\"\" data-large-file=\"https:\/\/i0.wp.com\/forst.igbau.nrw\/wp-content\/uploads\/2020\/03\/Redemann_Marc_HPR_PR_Wahl_2020-scaled.jpg?fit=640%2C960\" class=\"wp-image-1581 size-medium\" src=\"https:\/\/i0.wp.com\/forst.igbau.nrw\/wp-content\/uploads\/2020\/03\/Redemann_Marc_HPR_PR_Wahl_2020.jpg?resize=200%2C300\" alt=\"Marc Redemann\" width=\"200\" height=\"300\" srcset=\"https:\/\/i0.wp.com\/forst.igbau.nrw\/wp-content\/uploads\/2020\/03\/Redemann_Marc_HPR_PR_Wahl_2020-scaled.jpg?resize=200%2C300 200w, https:\/\/i0.wp.com\/forst.igbau.nrw\/wp-content\/uploads\/2020\/03\/Redemann_Marc_HPR_PR_Wahl_2020-scaled.jpg?resize=683%2C1024 683w, https:\/\/i0.wp.com\/forst.igbau.nrw\/wp-content\/uploads\/2020\/03\/Redemann_Marc_HPR_PR_Wahl_2020-scaled.jpg?resize=768%2C1152 768w, https:\/\/i0.wp.com\/forst.igbau.nrw\/wp-content\/uploads\/2020\/03\/Redemann_Marc_HPR_PR_Wahl_2020-scaled.jpg?resize=1024%2C1536 1024w, https:\/\/i0.wp.com\/forst.igbau.nrw\/wp-content\/uploads\/2020\/03\/Redemann_Marc_HPR_PR_Wahl_2020-scaled.jpg?resize=1365%2C2048 1365w, https:\/\/i0.wp.com\/forst.igbau.nrw\/wp-content\/uploads\/2020\/03\/Redemann_Marc_HPR_PR_Wahl_2020-scaled.jpg?resize=1140%2C1710 1140w, https:\/\/i0.wp.com\/forst.igbau.nrw\/wp-content\/uploads\/2020\/03\/Redemann_Marc_HPR_PR_Wahl_2020-scaled.jpg?w=1707 1707w, https:\/\/i0.wp.com\/forst.igbau.nrw\/wp-content\/uploads\/2020\/03\/Redemann_Marc_HPR_PR_Wahl_2020-scaled.jpg?w=1280 1280w\" sizes=\"(max-width: 200px) 100vw, 200px\" \/><figcaption id=\"caption-attachment-1581\" class=\"wp-caption-text\">Marc Redemann Landesvertretung Forst NRW<\/figcaption><\/figure>\n<p>Der Einstieg in die Laufbahn muss mit der EG 10 bzw. der A10 vergleichbar dem technischen Dienst die Grundlage der T\u00e4tigkeit sein, leider wird bis heute die Zusatzqualifikation druch die Laufbahnpr\u00fcfung und das Anw\u00e4rterjahr noch immer nicht in der Festlegung der Bezahlung ber\u00fccksichtigt. Eine verbindliche Aussage zu diesem Thema gab es Seitens des MLV nicht, die Konkurrenz mit anderen Arbeitgebern ist dem Ministerium bewusst.&nbsp; Jedoch sind aus Sicht des MLV oft pers\u00f6nliche Gr\u00fcnde f\u00fcr den Weggang von Besch\u00e4ftigten im Revierdienst und nicht die monet\u00e4re Situation entscheidend. Das sieht die Landesvertretung jedoch differenzierter und l\u00e4sst die Aussage nicht unkommentiert gelten.<\/p>\n<p>Als weiteren Punkt wurde die unklare Situation der Besch\u00e4ftigten des Nationalparkforstamtes angesprochen. Eine erste Sitzung der Personalr\u00e4te mit der Verwaltungsebene und der Besuch von Frau B\u00f6nnighaus aus dem MUNV und Herrn Hartmann aus dem MLV im Nationalpark haben zwar die Aussage einer &#8222;T\u00fcrschildl\u00f6sung&#8220; best\u00e4tigt, jedoch konnte auch Herr Dr. Berges nur den aktuellen Stand dieser Entwikclung mit diesem Begriff best\u00e4tigen. Die politischen Vorgaben einer Zuordnung zum MUNV sind klar. Welche Bedeutung dies jedoch f\u00fcr die Besch\u00e4ftigten, die Anbindung an den Landesbetrieb etc. hat konnte nicht<\/p>\n<figure id=\"attachment_1155\" aria-describedby=\"caption-attachment-1155\" style=\"width: 300px\" class=\"wp-caption alignright\"><img data-recalc-dims=\"1\" decoding=\"async\" data-attachment-id=\"1155\" data-permalink=\"http:\/\/forst.igbau.nrw\/?attachment_id=1155\" data-orig-file=\"https:\/\/i0.wp.com\/forst.igbau.nrw\/wp-content\/uploads\/2019\/09\/Klimademo_2019_09_20_03.jpg?fit=1137%2C1137\" data-orig-size=\"1137,1137\" data-comments-opened=\"1\" data-image-meta=\"{&quot;aperture&quot;:&quot;2.2&quot;,&quot;credit&quot;:&quot;Peter Wicke&quot;,&quot;camera&quot;:&quot;iPhone SE&quot;,&quot;caption&quot;:&quot;&quot;,&quot;created_timestamp&quot;:&quot;1568972221&quot;,&quot;copyright&quot;:&quot;Peter Wicke&quot;,&quot;focal_length&quot;:&quot;4.15&quot;,&quot;iso&quot;:&quot;25&quot;,&quot;shutter_speed&quot;:&quot;0.0091743119266055&quot;,&quot;title&quot;:&quot;&quot;,&quot;orientation&quot;:&quot;1&quot;}\" data-image-title=\"Klimademo_2019_09_20_03\" data-image-description=\"\" data-image-caption=\"\" data-large-file=\"https:\/\/i0.wp.com\/forst.igbau.nrw\/wp-content\/uploads\/2019\/09\/Klimademo_2019_09_20_03.jpg?fit=640%2C640\" class=\"wp-image-1155 size-medium\" src=\"https:\/\/i0.wp.com\/forst.igbau.nrw\/wp-content\/uploads\/2019\/09\/Klimademo_2019_09_20_03.jpg?resize=300%2C300\" alt=\"\" width=\"300\" height=\"300\" srcset=\"https:\/\/i0.wp.com\/forst.igbau.nrw\/wp-content\/uploads\/2019\/09\/Klimademo_2019_09_20_03.jpg?resize=300%2C300 300w, https:\/\/i0.wp.com\/forst.igbau.nrw\/wp-content\/uploads\/2019\/09\/Klimademo_2019_09_20_03.jpg?resize=150%2C150 150w, https:\/\/i0.wp.com\/forst.igbau.nrw\/wp-content\/uploads\/2019\/09\/Klimademo_2019_09_20_03.jpg?resize=768%2C768 768w, https:\/\/i0.wp.com\/forst.igbau.nrw\/wp-content\/uploads\/2019\/09\/Klimademo_2019_09_20_03.jpg?resize=1024%2C1024 1024w, https:\/\/i0.wp.com\/forst.igbau.nrw\/wp-content\/uploads\/2019\/09\/Klimademo_2019_09_20_03.jpg?w=1137 1137w\" sizes=\"(max-width: 300px) 100vw, 300px\" \/><figcaption id=\"caption-attachment-1155\" class=\"wp-caption-text\">Peter Wicke Landesvertretung Forst NRW<\/figcaption><\/figure>\n<p>abschlie\u00dfend beantwortet werden. Peter Wicke stellte f\u00fcr den Personalrat beim Landesbetrieb klar, dass vor dem Hintergrund der fehlenden Entscheidungen und dem laufenden Prozess eine Information der Besch\u00e4ftigten bei Wald und Holz NRW durch eine PR Info nicht erfolgen wird, da man letztendlich nichts wei\u00df. Herr Hartmann sagte auch weiterhin eine laufende Information der Betroffenen zu.<\/p>\n<p>Neben den Themen die vordringlich die Besch\u00e4ftigten betreffen wurden noch weitere aktuelle Fragestellungen bearbeitet, diese k\u00f6nnen jedoch aus Gr\u00fcnden der Vertraulichkeit an dieser Stelle nicht kommentiert werden.<\/p>\n<p>Die Landesvertretung und die Fachgruppe sehen diesen Termin nur als Auftakt an und vereinbarten abschlie\u00dfend mit MLV eine in Zukunft bessere und kurzfristigere Terminierung f\u00fcr den Austausch im Sinne der Besch\u00e4ftigten.<\/p>\n","protected":false},"excerpt":{"rendered":"<p>Am 31.03. hatte die Landesvertretung Forst und die Fachgruppe der Forstwirte nach einer langen Anlaufphase die M\u00f6glichkeit mit Herrn Staatssekret\u00e4r Dr. Berges<\/p>\n<p class=\"link-more\"><a class=\"myButt \" href=\"http:\/\/forst.igbau.nrw\/?p=2481\">Weitere Infos &#8230;<\/a><\/p>\n","protected":false},"author":1,"featured_media":1255,"comment_status":"closed","ping_status":"open","sticky":false,"template":"","format":"standard","meta":{"ngg_post_thumbnail":0,"jetpack_post_was_ever_published":false,"_jetpack_newsletter_access":"","_jetpack_dont_email_post_to_subs":false,"_jetpack_newsletter_tier_id":0,"_jetpack_memberships_contains_paywalled_content":false,"_jetpack_memberships_contains_paid_content":false,"footnotes":"","jetpack_publicize_message":"","jetpack_publicize_feature_enabled":true,"jetpack_social_post_already_shared":true,"jetpack_social_options":{"image_generator_settings":{"template":"highway","default_image_id":0,"font":"","enabled":false},"version":2}},"categories":[4,5,8,20,43],"tags":[],"class_list":["post-2481","post","type-post","status-publish","format-standard","has-post-thumbnail","hentry","category-forstpolitik","category-forstwirtschaft","category-ig-bau","category-landesbetrieb-wald-und-holz","category-tarif"],"jetpack_publicize_connections":[],"jetpack_featured_media_url":"https:\/\/i0.wp.com\/forst.igbau.nrw\/wp-content\/uploads\/2019\/10\/igbau.jpeg?fit=320%2C160","jetpack_sharing_enabled":true,"jetpack_shortlink":"https:\/\/wp.me\/p8x7f7-E1","jetpack-related-posts":[],"_links":{"self":[{"href":"http:\/\/forst.igbau.nrw\/index.php?rest_route=\/wp\/v2\/posts\/2481","targetHints":{"allow":["GET"]}}],"collection":[{"href":"http:\/\/forst.igbau.nrw\/index.php?rest_route=\/wp\/v2\/posts"}],"about":[{"href":"http:\/\/forst.igbau.nrw\/index.php?rest_route=\/wp\/v2\/types\/post"}],"author":[{"embeddable":true,"href":"http:\/\/forst.igbau.nrw\/index.php?rest_route=\/wp\/v2\/users\/1"}],"replies":[{"embeddable":true,"href":"http:\/\/forst.igbau.nrw\/index.php?rest_route=%2Fwp%2Fv2%2Fcomments&post=2481"}],"version-history":[{"count":11,"href":"http:\/\/forst.igbau.nrw\/index.php?rest_route=\/wp\/v2\/posts\/2481\/revisions"}],"predecessor-version":[{"id":2498,"href":"http:\/\/forst.igbau.nrw\/index.php?rest_route=\/wp\/v2\/posts\/2481\/revisions\/2498"}],"wp:featuredmedia":[{"embeddable":true,"href":"http:\/\/forst.igbau.nrw\/index.php?rest_route=\/wp\/v2\/media\/1255"}],"wp:attachment":[{"href":"http:\/\/forst.igbau.nrw\/index.php?rest_route=%2Fwp%2Fv2%2Fmedia&parent=2481"}],"wp:term":[{"taxonomy":"category","embeddable":true,"href":"http:\/\/forst.igbau.nrw\/index.php?rest_route=%2Fwp%2Fv2%2Fcategories&post=2481"},{"taxonomy":"post_tag","embeddable":true,"href":"http:\/\/forst.igbau.nrw\/index.php?rest_route=%2Fwp%2Fv2%2Ftags&post=2481"}],"curies":[{"name":"wp","href":"https:\/\/api.w.org\/{rel}","templated":true}]}}