{"id":2490,"date":"2023-04-04T12:13:19","date_gmt":"2023-04-04T12:13:19","guid":{"rendered":"http:\/\/forst.igbau.nrw\/?p=2490"},"modified":"2023-04-04T12:20:58","modified_gmt":"2023-04-04T12:20:58","slug":"waldpakt-2-0","status":"publish","type":"post","link":"http:\/\/forst.igbau.nrw\/?p=2490","title":{"rendered":"Waldpakt 2.0"},"content":{"rendered":"<p>Gemeinsam mit weiteren beteiligten Verb\u00e4nden engagiert sich die Landesvertretung Forst aktuell in einer Arbeitsgruppe zur Fortschreibung bzw. Neugestaltung des Waldpaktes f\u00fcr Nordrhein-Westfalen. Der bestehende Waldpakt wurde in dieser Gruppe der Beteiligten auf seine Aktualit\u00e4t hin angepasst und wird nun kurz nach den Ostferfeiertagen als Entwurf in den Forstausschuss beim Ministerium f\u00fcr Landwirtschaft und Verbraucherschutz zur\u00fcckgespielt. Sobald dies erfolgt wird die Landesvertretung die Inhalte auch an die Mitglieder der IGBAU schicken mit der Bitte dazu Stellung zu nehmen. Ziele ist es dass die Landesregierung in NRW den Pakt erneuert und die Inhalte politisch unterst\u00fctzt und umsetzt.<\/p>\n<p>&nbsp;<\/p>\n<p>Wir werden an diese Stelle beizeiten die Informationen erg\u00e4nzen und aktualisieren.<\/p>\n","protected":false},"excerpt":{"rendered":"<p>Gemeinsam mit weiteren beteiligten Verb\u00e4nden engagiert sich die Landesvertretung Forst aktuell in einer Arbeitsgruppe zur Fortschreibung bzw. Neugestaltung des Waldpaktes f\u00fcr Nordrhein-Westfalen.<\/p>\n<p class=\"link-more\"><a class=\"myButt \" href=\"http:\/\/forst.igbau.nrw\/?p=2490\">Weitere Infos &#8230;<\/a><\/p>\n","protected":false},"author":1,"featured_media":2491,"comment_status":"closed","ping_status":"open","sticky":false,"template":"","format":"standard","meta":{"ngg_post_thumbnail":0,"jetpack_post_was_ever_published":false,"_jetpack_newsletter_access":"","_jetpack_dont_email_post_to_subs":false,"_jetpack_newsletter_tier_id":0,"_jetpack_memberships_contains_paywalled_content":false,"_jetpack_memberships_contains_paid_content":false,"footnotes":"","jetpack_publicize_message":"","jetpack_publicize_feature_enabled":true,"jetpack_social_post_already_shared":true,"jetpack_social_options":{"image_generator_settings":{"template":"highway","default_image_id":0,"font":"","enabled":false},"version":2}},"categories":[4,8,22,20,9,45],"tags":[],"class_list":["post-2490","post","type-post","status-publish","format-standard","has-post-thumbnail","hentry","category-forstpolitik","category-ig-bau","category-klimawandel","category-landesbetrieb-wald-und-holz","category-naturschutz","category-waldpakt"],"jetpack_publicize_connections":[],"jetpack_featured_media_url":"https:\/\/i0.wp.com\/forst.igbau.nrw\/wp-content\/uploads\/2023\/04\/Wald_und_Holz_NRW_Nationalpark-Eifel_Drohne_Martin_Weisgerber_01-scaled.jpg?fit=2560%2C1707","jetpack_sharing_enabled":true,"jetpack_shortlink":"https:\/\/wp.me\/p8x7f7-Ea","jetpack-related-posts":[],"_links":{"self":[{"href":"http:\/\/forst.igbau.nrw\/index.php?rest_route=\/wp\/v2\/posts\/2490","targetHints":{"allow":["GET"]}}],"collection":[{"href":"http:\/\/forst.igbau.nrw\/index.php?rest_route=\/wp\/v2\/posts"}],"about":[{"href":"http:\/\/forst.igbau.nrw\/index.php?rest_route=\/wp\/v2\/types\/post"}],"author":[{"embeddable":true,"href":"http:\/\/forst.igbau.nrw\/index.php?rest_route=\/wp\/v2\/users\/1"}],"replies":[{"embeddable":true,"href":"http:\/\/forst.igbau.nrw\/index.php?rest_route=%2Fwp%2Fv2%2Fcomments&post=2490"}],"version-history":[{"count":3,"href":"http:\/\/forst.igbau.nrw\/index.php?rest_route=\/wp\/v2\/posts\/2490\/revisions"}],"predecessor-version":[{"id":2495,"href":"http:\/\/forst.igbau.nrw\/index.php?rest_route=\/wp\/v2\/posts\/2490\/revisions\/2495"}],"wp:featuredmedia":[{"embeddable":true,"href":"http:\/\/forst.igbau.nrw\/index.php?rest_route=\/wp\/v2\/media\/2491"}],"wp:attachment":[{"href":"http:\/\/forst.igbau.nrw\/index.php?rest_route=%2Fwp%2Fv2%2Fmedia&parent=2490"}],"wp:term":[{"taxonomy":"category","embeddable":true,"href":"http:\/\/forst.igbau.nrw\/index.php?rest_route=%2Fwp%2Fv2%2Fcategories&post=2490"},{"taxonomy":"post_tag","embeddable":true,"href":"http:\/\/forst.igbau.nrw\/index.php?rest_route=%2Fwp%2Fv2%2Ftags&post=2490"}],"curies":[{"name":"wp","href":"https:\/\/api.w.org\/{rel}","templated":true}]}}