{"id":2506,"date":"2023-04-21T06:17:33","date_gmt":"2023-04-21T06:17:33","guid":{"rendered":"http:\/\/forst.igbau.nrw\/?p=2506"},"modified":"2023-04-21T06:17:33","modified_gmt":"2023-04-21T06:17:33","slug":"tvoed-verhandlungen-2023-bund-und-kommunen-schlichtung-endet-mit-einigungsempfehlung-verhandlungen-werden-fortgesetzt","status":"publish","type":"post","link":"http:\/\/forst.igbau.nrw\/?p=2506","title":{"rendered":"TV\u00d6D Verhandlungen 2023 BUND UND KOMMUNEN: SCHLICHTUNG ENDET MIT EINIGUNGSEMPFEHLUNG \u2013 VERHANDLUNGEN WERDEN FORTGESETZT"},"content":{"rendered":"<p>Nach der Anrufung der Schlichtung in der Tarif- und Besoldungsrunde f\u00fcr die Besch\u00e4ftigten des \u00f6ffentlichen Dienstes von Bund und Kommunen liegt nun eine Einigungsempfehlung vor. Die Schlichtungskommission hat dieser Empfehlung mehrheitlich zugestimmt, sie ist noch kein Tarifergebnis<\/p>\n<p><strong><a href=\"https:\/\/igbau.de\/Tarif-und-Besoldungsrunde-Einigungsempfehlung.html\" target=\"_blank\" rel=\"noopener\">https:\/\/igbau.de\/Tarif-und-Besoldungsrunde-Einigungsempfehlung.html<\/a><\/strong><\/p>\n","protected":false},"excerpt":{"rendered":"<p>Nach der Anrufung der Schlichtung in der Tarif- und Besoldungsrunde f\u00fcr die Besch\u00e4ftigten des \u00f6ffentlichen Dienstes von Bund und Kommunen liegt nun<\/p>\n<p class=\"link-more\"><a class=\"myButt \" href=\"http:\/\/forst.igbau.nrw\/?p=2506\">Weitere Infos &#8230;<\/a><\/p>\n","protected":false},"author":1,"featured_media":1297,"comment_status":"closed","ping_status":"open","sticky":false,"template":"","format":"standard","meta":{"ngg_post_thumbnail":0,"jetpack_post_was_ever_published":false,"_jetpack_newsletter_access":"","_jetpack_dont_email_post_to_subs":false,"_jetpack_newsletter_tier_id":0,"_jetpack_memberships_contains_paywalled_content":false,"_jetpack_memberships_contains_paid_content":false,"footnotes":"","jetpack_publicize_message":"","jetpack_publicize_feature_enabled":true,"jetpack_social_post_already_shared":true,"jetpack_social_options":{"image_generator_settings":{"template":"highway","default_image_id":0,"font":"","enabled":false},"version":2}},"categories":[21,5,8,43],"tags":[],"class_list":["post-2506","post","type-post","status-publish","format-standard","has-post-thumbnail","hentry","category-dgb-gewerkschaften","category-forstwirtschaft","category-ig-bau","category-tarif"],"jetpack_publicize_connections":[],"jetpack_featured_media_url":"https:\/\/i0.wp.com\/forst.igbau.nrw\/wp-content\/uploads\/2019\/08\/IG_BAU-Logo_150_150_.jpg?fit=150%2C150","jetpack_sharing_enabled":true,"jetpack_shortlink":"https:\/\/wp.me\/p8x7f7-Eq","jetpack-related-posts":[],"_links":{"self":[{"href":"http:\/\/forst.igbau.nrw\/index.php?rest_route=\/wp\/v2\/posts\/2506","targetHints":{"allow":["GET"]}}],"collection":[{"href":"http:\/\/forst.igbau.nrw\/index.php?rest_route=\/wp\/v2\/posts"}],"about":[{"href":"http:\/\/forst.igbau.nrw\/index.php?rest_route=\/wp\/v2\/types\/post"}],"author":[{"embeddable":true,"href":"http:\/\/forst.igbau.nrw\/index.php?rest_route=\/wp\/v2\/users\/1"}],"replies":[{"embeddable":true,"href":"http:\/\/forst.igbau.nrw\/index.php?rest_route=%2Fwp%2Fv2%2Fcomments&post=2506"}],"version-history":[{"count":2,"href":"http:\/\/forst.igbau.nrw\/index.php?rest_route=\/wp\/v2\/posts\/2506\/revisions"}],"predecessor-version":[{"id":2509,"href":"http:\/\/forst.igbau.nrw\/index.php?rest_route=\/wp\/v2\/posts\/2506\/revisions\/2509"}],"wp:featuredmedia":[{"embeddable":true,"href":"http:\/\/forst.igbau.nrw\/index.php?rest_route=\/wp\/v2\/media\/1297"}],"wp:attachment":[{"href":"http:\/\/forst.igbau.nrw\/index.php?rest_route=%2Fwp%2Fv2%2Fmedia&parent=2506"}],"wp:term":[{"taxonomy":"category","embeddable":true,"href":"http:\/\/forst.igbau.nrw\/index.php?rest_route=%2Fwp%2Fv2%2Fcategories&post=2506"},{"taxonomy":"post_tag","embeddable":true,"href":"http:\/\/forst.igbau.nrw\/index.php?rest_route=%2Fwp%2Fv2%2Ftags&post=2506"}],"curies":[{"name":"wp","href":"https:\/\/api.w.org\/{rel}","templated":true}]}}