{"id":2516,"date":"2023-05-25T09:45:29","date_gmt":"2023-05-25T09:45:29","guid":{"rendered":"http:\/\/forst.igbau.nrw\/?p=2516"},"modified":"2023-12-04T19:05:24","modified_gmt":"2023-12-04T19:05:24","slug":"berufswettbewerb-forstwirtschaft-2023-fuer-nrw","status":"publish","type":"post","link":"http:\/\/forst.igbau.nrw\/?p=2516","title":{"rendered":"Berufswettbewerb Forstwirtschaft 2023 f\u00fcr NRW"},"content":{"rendered":"<p>Im Waldp\u00e4dagogischen Zentrum in Wuppertal, einer Einrichtung des Landesbetriebes Wald und Holz Nordrhein-Westfalen konnte im April nach einer 4 j\u00e4hrigen Unterbrechung endlich wieder der Berufswettbewerb f\u00fcr zuk\u00fcnftige Forstwirtinnen und Forstwirte stattfinden. Die Landwirtschaftskammer Nordrhein-Westfalen und das Regionalforstamt Rhein-Sieg Erft hatten dazu einen Parcour mit forstfachlichen praktischen Aufgaben erstellt. Der Wettbewerb umfasste klassische T\u00e4tigkeiten aus dem forstlichen Alltag. Unter Pr\u00fcfungsstress mussten die teilnehmenden Kolleginnen und Kollegen Baum- und Straucharten erkennen, mit der Motors\u00e4ge Pr\u00e4zisionschnitte durchf\u00fchren, Motors\u00e4genketten wechseln und Waldb\u00e4ume pflanzen. Neben dem Praxisteil wurden auch die theoretischen Kenntnisse bewertet.<\/p>\n<p><img data-recalc-dims=\"1\" fetchpriority=\"high\" decoding=\"async\" data-attachment-id=\"2517\" data-permalink=\"http:\/\/forst.igbau.nrw\/?attachment_id=2517\" data-orig-file=\"https:\/\/i0.wp.com\/forst.igbau.nrw\/wp-content\/uploads\/2023\/05\/Ohne-Titel-scaled.jpg?fit=2560%2C1275\" data-orig-size=\"2560,1275\" data-comments-opened=\"0\" data-image-meta=\"{&quot;aperture&quot;:&quot;0&quot;,&quot;credit&quot;:&quot;&quot;,&quot;camera&quot;:&quot;&quot;,&quot;caption&quot;:&quot;&quot;,&quot;created_timestamp&quot;:&quot;0&quot;,&quot;copyright&quot;:&quot;&quot;,&quot;focal_length&quot;:&quot;0&quot;,&quot;iso&quot;:&quot;0&quot;,&quot;shutter_speed&quot;:&quot;0&quot;,&quot;title&quot;:&quot;&quot;,&quot;orientation&quot;:&quot;1&quot;}\" data-image-title=\"Berufswettbewerb 2023\" data-image-description=\"\" data-image-caption=\"\" data-large-file=\"https:\/\/i0.wp.com\/forst.igbau.nrw\/wp-content\/uploads\/2023\/05\/Ohne-Titel-scaled.jpg?fit=640%2C319\" class=\"alignnone size-large wp-image-2517\" src=\"https:\/\/i0.wp.com\/forst.igbau.nrw\/wp-content\/uploads\/2023\/05\/Ohne-Titel.jpg?resize=640%2C319\" alt=\"\" width=\"640\" height=\"319\" srcset=\"https:\/\/i0.wp.com\/forst.igbau.nrw\/wp-content\/uploads\/2023\/05\/Ohne-Titel-scaled.jpg?resize=1024%2C510 1024w, https:\/\/i0.wp.com\/forst.igbau.nrw\/wp-content\/uploads\/2023\/05\/Ohne-Titel-scaled.jpg?resize=300%2C149 300w, https:\/\/i0.wp.com\/forst.igbau.nrw\/wp-content\/uploads\/2023\/05\/Ohne-Titel-scaled.jpg?resize=768%2C383 768w, https:\/\/i0.wp.com\/forst.igbau.nrw\/wp-content\/uploads\/2023\/05\/Ohne-Titel-scaled.jpg?resize=1536%2C765 1536w, https:\/\/i0.wp.com\/forst.igbau.nrw\/wp-content\/uploads\/2023\/05\/Ohne-Titel-scaled.jpg?resize=2048%2C1020 2048w, https:\/\/i0.wp.com\/forst.igbau.nrw\/wp-content\/uploads\/2023\/05\/Ohne-Titel-scaled.jpg?resize=1140%2C568 1140w, https:\/\/i0.wp.com\/forst.igbau.nrw\/wp-content\/uploads\/2023\/05\/Ohne-Titel-scaled.jpg?w=1280 1280w, https:\/\/i0.wp.com\/forst.igbau.nrw\/wp-content\/uploads\/2023\/05\/Ohne-Titel-scaled.jpg?w=1920 1920w\" sizes=\"(max-width: 640px) 100vw, 640px\" \/><\/p>\n<p>Foto: Ute Messerschmidt LWK NRW<\/p>\n<p>Die IGBAU hat f\u00fcr den Wettbewerb gemeinsam mit dem Forstverein NRW und dem BDF NRW Geldpreise f\u00fcr die Erstplazierten ausgelobt. Auch die weiteren Teilnehmer und Teilnehmerinnen wurden mit Sachpreisen f\u00fcr Ihre Teilnahme belohnt.<\/p>\n<p>Robin M\u00fcller von der Forstabteilung des Landesverbandes Lippe setzte sich als Gewinner des Wettbewerbes durch. Den zweiten Platz belegte Marius Z\u00f6llner vom Stadtforst Schmallenberg, den dritten Platz Sebastian von Seydlitz vom Regionalforstamt Rhein-Sieg-Erft.<\/p>\n<p>Quelle Informationen: Ute Messerschmidt LWK NRW<\/p>\n","protected":false},"excerpt":{"rendered":"<p>Im Waldp\u00e4dagogischen Zentrum in Wuppertal, einer Einrichtung des Landesbetriebes Wald und Holz Nordrhein-Westfalen konnte im April nach einer 4 j\u00e4hrigen Unterbrechung endlich<\/p>\n<p class=\"link-more\"><a class=\"myButt \" href=\"http:\/\/forst.igbau.nrw\/?p=2516\">Weitere Infos &#8230;<\/a><\/p>\n","protected":false},"author":1,"featured_media":1957,"comment_status":"closed","ping_status":"open","sticky":false,"template":"","format":"standard","meta":{"ngg_post_thumbnail":0,"jetpack_post_was_ever_published":false,"_jetpack_newsletter_access":"","_jetpack_dont_email_post_to_subs":false,"_jetpack_newsletter_tier_id":0,"_jetpack_memberships_contains_paywalled_content":false,"_jetpack_memberships_contains_paid_content":false,"footnotes":"","jetpack_publicize_message":"","jetpack_publicize_feature_enabled":true,"jetpack_social_post_already_shared":true,"jetpack_social_options":{"image_generator_settings":{"template":"highway","default_image_id":0,"font":"","enabled":false},"version":2}},"categories":[5,8],"tags":[],"class_list":["post-2516","post","type-post","status-publish","format-standard","has-post-thumbnail","hentry","category-forstwirtschaft","category-ig-bau"],"jetpack_publicize_connections":[],"jetpack_featured_media_url":"https:\/\/i0.wp.com\/forst.igbau.nrw\/wp-content\/uploads\/2021\/04\/Fotos_LIGNA_2019_90.jpg?fit=1506%2C903","jetpack_sharing_enabled":true,"jetpack_shortlink":"https:\/\/wp.me\/p8x7f7-EA","jetpack-related-posts":[],"_links":{"self":[{"href":"http:\/\/forst.igbau.nrw\/index.php?rest_route=\/wp\/v2\/posts\/2516","targetHints":{"allow":["GET"]}}],"collection":[{"href":"http:\/\/forst.igbau.nrw\/index.php?rest_route=\/wp\/v2\/posts"}],"about":[{"href":"http:\/\/forst.igbau.nrw\/index.php?rest_route=\/wp\/v2\/types\/post"}],"author":[{"embeddable":true,"href":"http:\/\/forst.igbau.nrw\/index.php?rest_route=\/wp\/v2\/users\/1"}],"replies":[{"embeddable":true,"href":"http:\/\/forst.igbau.nrw\/index.php?rest_route=%2Fwp%2Fv2%2Fcomments&post=2516"}],"version-history":[{"count":1,"href":"http:\/\/forst.igbau.nrw\/index.php?rest_route=\/wp\/v2\/posts\/2516\/revisions"}],"predecessor-version":[{"id":2518,"href":"http:\/\/forst.igbau.nrw\/index.php?rest_route=\/wp\/v2\/posts\/2516\/revisions\/2518"}],"wp:featuredmedia":[{"embeddable":true,"href":"http:\/\/forst.igbau.nrw\/index.php?rest_route=\/wp\/v2\/media\/1957"}],"wp:attachment":[{"href":"http:\/\/forst.igbau.nrw\/index.php?rest_route=%2Fwp%2Fv2%2Fmedia&parent=2516"}],"wp:term":[{"taxonomy":"category","embeddable":true,"href":"http:\/\/forst.igbau.nrw\/index.php?rest_route=%2Fwp%2Fv2%2Fcategories&post=2516"},{"taxonomy":"post_tag","embeddable":true,"href":"http:\/\/forst.igbau.nrw\/index.php?rest_route=%2Fwp%2Fv2%2Ftags&post=2516"}],"curies":[{"name":"wp","href":"https:\/\/api.w.org\/{rel}","templated":true}]}}