{"id":2554,"date":"2023-08-07T13:53:31","date_gmt":"2023-08-07T13:53:31","guid":{"rendered":"http:\/\/forst.igbau.nrw\/?p=2554"},"modified":"2023-08-07T13:53:31","modified_gmt":"2023-08-07T13:53:31","slug":"mehrarbeit-darf-nicht-verfallen","status":"publish","type":"post","link":"http:\/\/forst.igbau.nrw\/?p=2554","title":{"rendered":"Mehrarbeit darf nicht verfallen?"},"content":{"rendered":"<p>Auch oder gerade im \u00d6ffentlichen Dienst wird von den Besch\u00e4ftigten in einigen Bereichen die Arbeitszeit auch au\u00dferhalb der &#8222;normalen&#8220; Arbeitszeiten gefordert, dazu kommen die Schichtarbeit und die Arbeiten an Wochenenden und Feiertagen.<\/p>\n<p>Leider kommt es all zu oft vor, dass diese \u00dcberstunden sich fortlaufend aufsummieren und nicht abgebaut werden k\u00f6nnen.<\/p>\n<p>Dazu hat nun heute im Landtag NRW die FDP Fraktion einen Antrag eingereicht. Unter dem Link <a href=\"https:\/\/www.landtag.nrw.de\/portal\/WWW\/dokumentenarchiv\/Dokument\/MMD18-4132.pdf\"><strong>MMD18-4132.pdf (nrw.de)<\/strong><\/a> finden Sie den dazugeh\u00f6rigen Antrag mit dem Tenor &#8222;Landesregierung muss hohe \u00dcberstundenberge rechtssicher vor Verfall sch\u00fctzen \u2013 Mehrarbeit wertsch\u00e4tzen und bei Bedarf in Langzeitarbeitskonten \u00fcberf\u00fchren&#8220;.<\/p>\n<p>Die Landesvertretung der IGBAU Forst in NRW fordert dies schon lange auch f\u00fcr die Besch\u00e4ftigten im Wald. Seit nunmehr 5 Jahren arbeiten viele Kolleginnen und Kollegen bei Wald und Holz NRW \u00fcber ihr normales Ma\u00df hinaus an den Folgen der D\u00fcrre und der K\u00e4ferkalamit\u00e4t. Diese \u00fcberwiegend unbemerkt stattfindende Katastrophe im Wald in NRW konnte und kann nicht mit der ann\u00e4hernd gleichen Anzahl an Besch\u00e4ftigten wie zu Normalzeiten abgearbeitet werden. Das hat zur Folge, dass unsere Kolleginnen und Kollegen im Wald ein vielfaches an Mehrarbeit geleistet haben und auch weiterhin leisten. Nur das diese Stunden nicht erfasst und honoriert werden, da die Besch\u00e4ftigten im Revier auf der Basis einer Vertrauensarbeit t\u00e4tig werden.<\/p>\n<p>Der Versuch diese Stunden auf ein Langzeitarbeitskonto zu \u00fcbertragen wurde bisher leider abgelehnt, obwohl dies das Beamtenrecht als auch der TV-L hergeben w\u00fcrden.<\/p>\n<p>Vielleicht hilft ja der Ansatz aus dem Landtag hier noch einmal den Vorsto\u00df der Personalvertretung zu unterst\u00fctzen dies auch bei Wald und Holz NRW umzusetzen.<\/p>\n<p>Die IGBAU wird diesen Antrag durch ihre Mitglieder im Personalrat im Sinne eines attraktiven Arbeitgebers Land NRW als Standardoption einfordern.<\/p>\n<p>&nbsp;<\/p>\n<p>Tagesordnung und Sitzungsunterlagen finden Sie hier: <strong><a href=\"https:\/\/www.landtag.nrw.de\/home\/der-landtag\/tagesordnungen\/WP18\/300\/E18-390.html\">Landtag NRW: E18-390<\/a><\/strong><\/p>\n<p>&nbsp;<\/p>\n<p>&nbsp;<\/p>\n<p>&nbsp;<\/p>\n","protected":false},"excerpt":{"rendered":"<p>Auch oder gerade im \u00d6ffentlichen Dienst wird von den Besch\u00e4ftigten in einigen Bereichen die Arbeitszeit auch au\u00dferhalb der &#8222;normalen&#8220; Arbeitszeiten gefordert, dazu<\/p>\n<p class=\"link-more\"><a class=\"myButt \" href=\"http:\/\/forst.igbau.nrw\/?p=2554\">Weitere Infos &#8230;<\/a><\/p>\n","protected":false},"author":1,"featured_media":1899,"comment_status":"closed","ping_status":"open","sticky":false,"template":"","format":"standard","meta":{"ngg_post_thumbnail":0,"jetpack_post_was_ever_published":false,"_jetpack_newsletter_access":"","_jetpack_dont_email_post_to_subs":false,"_jetpack_newsletter_tier_id":0,"_jetpack_memberships_contains_paywalled_content":false,"_jetpack_memberships_contains_paid_content":false,"footnotes":"","jetpack_publicize_message":"","jetpack_publicize_feature_enabled":true,"jetpack_social_post_already_shared":true,"jetpack_social_options":{"image_generator_settings":{"template":"highway","default_image_id":0,"font":"","enabled":false},"version":2}},"categories":[21,8,20,42,43],"tags":[],"class_list":["post-2554","post","type-post","status-publish","format-standard","has-post-thumbnail","hentry","category-dgb-gewerkschaften","category-ig-bau","category-landesbetrieb-wald-und-holz","category-rechtsschutz","category-tarif"],"jetpack_publicize_connections":[],"jetpack_featured_media_url":"https:\/\/i0.wp.com\/forst.igbau.nrw\/wp-content\/uploads\/2020\/12\/IGBAU_Forst-scaled.jpg?fit=2560%2C1706","jetpack_sharing_enabled":true,"jetpack_shortlink":"https:\/\/wp.me\/p8x7f7-Fc","jetpack-related-posts":[],"_links":{"self":[{"href":"http:\/\/forst.igbau.nrw\/index.php?rest_route=\/wp\/v2\/posts\/2554","targetHints":{"allow":["GET"]}}],"collection":[{"href":"http:\/\/forst.igbau.nrw\/index.php?rest_route=\/wp\/v2\/posts"}],"about":[{"href":"http:\/\/forst.igbau.nrw\/index.php?rest_route=\/wp\/v2\/types\/post"}],"author":[{"embeddable":true,"href":"http:\/\/forst.igbau.nrw\/index.php?rest_route=\/wp\/v2\/users\/1"}],"replies":[{"embeddable":true,"href":"http:\/\/forst.igbau.nrw\/index.php?rest_route=%2Fwp%2Fv2%2Fcomments&post=2554"}],"version-history":[{"count":1,"href":"http:\/\/forst.igbau.nrw\/index.php?rest_route=\/wp\/v2\/posts\/2554\/revisions"}],"predecessor-version":[{"id":2555,"href":"http:\/\/forst.igbau.nrw\/index.php?rest_route=\/wp\/v2\/posts\/2554\/revisions\/2555"}],"wp:featuredmedia":[{"embeddable":true,"href":"http:\/\/forst.igbau.nrw\/index.php?rest_route=\/wp\/v2\/media\/1899"}],"wp:attachment":[{"href":"http:\/\/forst.igbau.nrw\/index.php?rest_route=%2Fwp%2Fv2%2Fmedia&parent=2554"}],"wp:term":[{"taxonomy":"category","embeddable":true,"href":"http:\/\/forst.igbau.nrw\/index.php?rest_route=%2Fwp%2Fv2%2Fcategories&post=2554"},{"taxonomy":"post_tag","embeddable":true,"href":"http:\/\/forst.igbau.nrw\/index.php?rest_route=%2Fwp%2Fv2%2Ftags&post=2554"}],"curies":[{"name":"wp","href":"https:\/\/api.w.org\/{rel}","templated":true}]}}