{"id":2578,"date":"2023-11-25T11:46:01","date_gmt":"2023-11-25T11:46:01","guid":{"rendered":"http:\/\/forst.igbau.nrw\/?p=2578"},"modified":"2023-12-04T19:03:50","modified_gmt":"2023-12-04T19:03:50","slug":"tarifverhandlungern-der-beschaeftigten-in-den-laender-2023","status":"publish","type":"post","link":"http:\/\/forst.igbau.nrw\/?p=2578","title":{"rendered":"Tarifverhandlungen der Besch\u00e4ftigten in den L\u00e4nder 2023"},"content":{"rendered":"<p>Mehr als 200 Besch\u00e4ftigte der Forstwirtschaft der IG BAU Regionen Niedersachsen, Weser-Ems und einige aus Nord haben sich am 21. November am zentralen IG BAU Warnstreiktag in Hannover beteiligt. Bei einer Zwischenkundgebung vor dem Nieders\u00e4chsischen Landwirtschaftsministerium machten unser Stellvertretender Bundesvorsitzender Harald Schaum und Forstwirt Holger Henze deutlich, dass die Tarifgemeinschaft deutscher L\u00e4nder endlich die Situation der Besch\u00e4ftigten ernst nehmen und ein vern\u00fcnftiges Angebot vorlegen muss! Bis dahin werden die Kolleg*innen jedenfalls keine Ruhe geben und das Dr\u00f6hnen der Motors\u00e4gen noch die ein oder andere Innenstadt erf\u00fcllen.<\/p>\n<p><a href=\"https:\/\/www.youtube.com\/watch?v=57psNsmniGI\"><img data-recalc-dims=\"1\" fetchpriority=\"high\" decoding=\"async\" data-attachment-id=\"2579\" data-permalink=\"http:\/\/forst.igbau.nrw\/?attachment_id=2579\" data-orig-file=\"https:\/\/i0.wp.com\/forst.igbau.nrw\/wp-content\/uploads\/2023\/12\/Bildschirmfoto-2023-12-04-um-11.48.39.png?fit=1338%2C902\" data-orig-size=\"1338,902\" data-comments-opened=\"0\" data-image-meta=\"{&quot;aperture&quot;:&quot;0&quot;,&quot;credit&quot;:&quot;&quot;,&quot;camera&quot;:&quot;&quot;,&quot;caption&quot;:&quot;&quot;,&quot;created_timestamp&quot;:&quot;0&quot;,&quot;copyright&quot;:&quot;&quot;,&quot;focal_length&quot;:&quot;0&quot;,&quot;iso&quot;:&quot;0&quot;,&quot;shutter_speed&quot;:&quot;0&quot;,&quot;title&quot;:&quot;&quot;,&quot;orientation&quot;:&quot;0&quot;}\" data-image-title=\"Bildschirmfoto 2023-12-04 um 11.48.39\" data-image-description=\"\" data-image-caption=\"\" data-large-file=\"https:\/\/i0.wp.com\/forst.igbau.nrw\/wp-content\/uploads\/2023\/12\/Bildschirmfoto-2023-12-04-um-11.48.39.png?fit=640%2C431\" class=\"aligncenter wp-image-2579 size-large\" src=\"https:\/\/i0.wp.com\/forst.igbau.nrw\/wp-content\/uploads\/2023\/12\/Bildschirmfoto-2023-12-04-um-11.48.39.png?resize=640%2C431\" alt=\"\" width=\"640\" height=\"431\" srcset=\"https:\/\/i0.wp.com\/forst.igbau.nrw\/wp-content\/uploads\/2023\/12\/Bildschirmfoto-2023-12-04-um-11.48.39.png?resize=1024%2C690 1024w, https:\/\/i0.wp.com\/forst.igbau.nrw\/wp-content\/uploads\/2023\/12\/Bildschirmfoto-2023-12-04-um-11.48.39.png?resize=300%2C202 300w, https:\/\/i0.wp.com\/forst.igbau.nrw\/wp-content\/uploads\/2023\/12\/Bildschirmfoto-2023-12-04-um-11.48.39.png?resize=768%2C518 768w, https:\/\/i0.wp.com\/forst.igbau.nrw\/wp-content\/uploads\/2023\/12\/Bildschirmfoto-2023-12-04-um-11.48.39.png?resize=1140%2C769 1140w, https:\/\/i0.wp.com\/forst.igbau.nrw\/wp-content\/uploads\/2023\/12\/Bildschirmfoto-2023-12-04-um-11.48.39.png?w=1338 1338w, https:\/\/i0.wp.com\/forst.igbau.nrw\/wp-content\/uploads\/2023\/12\/Bildschirmfoto-2023-12-04-um-11.48.39.png?w=1280 1280w\" sizes=\"(max-width: 640px) 100vw, 640px\" \/><\/a><\/p>\n","protected":false},"excerpt":{"rendered":"<p>Mehr als 200 Besch\u00e4ftigte der Forstwirtschaft der IG BAU Regionen Niedersachsen, Weser-Ems und einige aus Nord haben sich am 21. November am<\/p>\n<p class=\"link-more\"><a class=\"myButt \" href=\"http:\/\/forst.igbau.nrw\/?p=2578\">Weitere Infos &#8230;<\/a><\/p>\n","protected":false},"author":1,"featured_media":2579,"comment_status":"closed","ping_status":"open","sticky":false,"template":"","format":"standard","meta":{"ngg_post_thumbnail":0,"jetpack_post_was_ever_published":false,"_jetpack_newsletter_access":"","_jetpack_dont_email_post_to_subs":false,"_jetpack_newsletter_tier_id":0,"_jetpack_memberships_contains_paywalled_content":false,"_jetpack_memberships_contains_paid_content":false,"footnotes":"","jetpack_publicize_message":"","jetpack_publicize_feature_enabled":true,"jetpack_social_post_already_shared":true,"jetpack_social_options":{"image_generator_settings":{"template":"highway","default_image_id":0,"font":"","enabled":false},"version":2}},"categories":[21,8,22,43],"tags":[],"class_list":["post-2578","post","type-post","status-publish","format-standard","has-post-thumbnail","hentry","category-dgb-gewerkschaften","category-ig-bau","category-klimawandel","category-tarif"],"jetpack_publicize_connections":[],"jetpack_featured_media_url":"https:\/\/i0.wp.com\/forst.igbau.nrw\/wp-content\/uploads\/2023\/12\/Bildschirmfoto-2023-12-04-um-11.48.39.png?fit=1338%2C902","jetpack_sharing_enabled":true,"jetpack_shortlink":"https:\/\/wp.me\/p8x7f7-FA","jetpack-related-posts":[],"_links":{"self":[{"href":"http:\/\/forst.igbau.nrw\/index.php?rest_route=\/wp\/v2\/posts\/2578","targetHints":{"allow":["GET"]}}],"collection":[{"href":"http:\/\/forst.igbau.nrw\/index.php?rest_route=\/wp\/v2\/posts"}],"about":[{"href":"http:\/\/forst.igbau.nrw\/index.php?rest_route=\/wp\/v2\/types\/post"}],"author":[{"embeddable":true,"href":"http:\/\/forst.igbau.nrw\/index.php?rest_route=\/wp\/v2\/users\/1"}],"replies":[{"embeddable":true,"href":"http:\/\/forst.igbau.nrw\/index.php?rest_route=%2Fwp%2Fv2%2Fcomments&post=2578"}],"version-history":[{"count":2,"href":"http:\/\/forst.igbau.nrw\/index.php?rest_route=\/wp\/v2\/posts\/2578\/revisions"}],"predecessor-version":[{"id":2618,"href":"http:\/\/forst.igbau.nrw\/index.php?rest_route=\/wp\/v2\/posts\/2578\/revisions\/2618"}],"wp:featuredmedia":[{"embeddable":true,"href":"http:\/\/forst.igbau.nrw\/index.php?rest_route=\/wp\/v2\/media\/2579"}],"wp:attachment":[{"href":"http:\/\/forst.igbau.nrw\/index.php?rest_route=%2Fwp%2Fv2%2Fmedia&parent=2578"}],"wp:term":[{"taxonomy":"category","embeddable":true,"href":"http:\/\/forst.igbau.nrw\/index.php?rest_route=%2Fwp%2Fv2%2Fcategories&post=2578"},{"taxonomy":"post_tag","embeddable":true,"href":"http:\/\/forst.igbau.nrw\/index.php?rest_route=%2Fwp%2Fv2%2Ftags&post=2578"}],"curies":[{"name":"wp","href":"https:\/\/api.w.org\/{rel}","templated":true}]}}