{"id":2581,"date":"2023-06-04T12:04:21","date_gmt":"2023-06-04T12:04:21","guid":{"rendered":"http:\/\/forst.igbau.nrw\/?p=2581"},"modified":"2023-12-04T12:18:13","modified_gmt":"2023-12-04T12:18:13","slug":"klares-ergebnis-nach-umfrage-zur-werkzeuggestellung","status":"publish","type":"post","link":"http:\/\/forst.igbau.nrw\/?p=2581","title":{"rendered":"Klares Ergebnis nach Umfrage zur Werkzeuggestellung!"},"content":{"rendered":"<p>Die Fachgruppe Forstwirtschaft der IGBAU in NRW hatte die Besch\u00e4ftigten beim Landesbetrieb gebeten sich an unserer Umfrage zur Gestellung der Motors\u00e4gen durch den Arbeitgeber, die Frage lautete:<\/p>\n<p>Sind wir bei sich wandelnden Arbeitsbedingungen zukunftsf\u00e4hig und attraktiv, wenn wir unsere Motors\u00e4gen und Werkzeuge noch selbst beschaffen?<\/p>\n<p style=\"text-align: center;\"><strong>Die R\u00fcckmeldungen auf die Umfrage zeigen ein eindeutiges Ergebnis! <\/strong><\/p>\n<p>&nbsp;<\/p>\n<p><img data-recalc-dims=\"1\" fetchpriority=\"high\" decoding=\"async\" data-attachment-id=\"2582\" data-permalink=\"http:\/\/forst.igbau.nrw\/?attachment_id=2582\" data-orig-file=\"https:\/\/i0.wp.com\/forst.igbau.nrw\/wp-content\/uploads\/2023\/12\/Werkzeug.jpg?fit=1084%2C724\" data-orig-size=\"1084,724\" data-comments-opened=\"0\" data-image-meta=\"{&quot;aperture&quot;:&quot;0&quot;,&quot;credit&quot;:&quot;&quot;,&quot;camera&quot;:&quot;&quot;,&quot;caption&quot;:&quot;&quot;,&quot;created_timestamp&quot;:&quot;0&quot;,&quot;copyright&quot;:&quot;&quot;,&quot;focal_length&quot;:&quot;0&quot;,&quot;iso&quot;:&quot;0&quot;,&quot;shutter_speed&quot;:&quot;0&quot;,&quot;title&quot;:&quot;&quot;,&quot;orientation&quot;:&quot;1&quot;}\" data-image-title=\"Werkzeug\" data-image-description=\"\" data-image-caption=\"\" data-large-file=\"https:\/\/i0.wp.com\/forst.igbau.nrw\/wp-content\/uploads\/2023\/12\/Werkzeug.jpg?fit=640%2C428\" class=\"aligncenter wp-image-2582 size-large\" src=\"https:\/\/i0.wp.com\/forst.igbau.nrw\/wp-content\/uploads\/2023\/12\/Werkzeug.jpg?resize=640%2C427\" alt=\"\" width=\"640\" height=\"427\" srcset=\"https:\/\/i0.wp.com\/forst.igbau.nrw\/wp-content\/uploads\/2023\/12\/Werkzeug.jpg?resize=1024%2C684 1024w, https:\/\/i0.wp.com\/forst.igbau.nrw\/wp-content\/uploads\/2023\/12\/Werkzeug.jpg?resize=300%2C200 300w, https:\/\/i0.wp.com\/forst.igbau.nrw\/wp-content\/uploads\/2023\/12\/Werkzeug.jpg?resize=768%2C513 768w, https:\/\/i0.wp.com\/forst.igbau.nrw\/wp-content\/uploads\/2023\/12\/Werkzeug.jpg?w=1084 1084w\" sizes=\"(max-width: 640px) 100vw, 640px\" \/><\/p>\n<p><strong>86 % der Forstwirtinnen und Forstwirte sprachen sich f\u00fcr eine komplette Gestellung des Werkzeuges durch den Landesbetrieb Wald und Holz aus.<\/strong><\/p>\n<p>Damit folgen sie einem Trend, der in anderen Bundesl\u00e4ndern ebenfalls bereits seit l\u00e4ngerer Zeit l\u00e4uft. Schade nur, dass NRW hier nicht wie fr\u00fcher einmal ein Vorreiter bei beruflichen Entwicklungen in der Forstwirtschaft ist, sondern der allgemeinen Neuerung hinterherl\u00e4uft.<\/p>\n<p>Unter den sich ver\u00e4ndernden Arbeits- und Rahmenbedingungen in der heutigen Zeit ist es nicht mehr sachgerecht, althergebrachte Entsch\u00e4digungsl\u00f6sungen in die Zukunft zu verl\u00e4ngern. Aus diesem Grund und mit durch die Umfrage gest\u00e4rktem R\u00fccken werden die Vertreter der IGBAU in NRW nun das Gespr\u00e4ch mit dem Landesbetrieb suchen, um die komplette Werkzeuggestellung auch beim Landesbetrieb einzuf\u00fchren. Dabei gilt es, einen planbaren \u00dcbergang f\u00fcr die Besch\u00e4ftigten und eine f\u00fcr alle zufriedenstellende Vereinbarung zu erzielen. M\u00f6glich ist auch, dass die zuk\u00fcnftigen Tarifverhandlungen f\u00fcr den TV-Forst zwischen der IGBAU und der Tarifgemeinschaft deutscher L\u00e4nder eine L\u00f6sung bringen.<\/p>\n<p><strong>Die IG BAU steht f\u00fcr eine ausnahmslose Gestellung der Motors\u00e4gen, Werkzeuge und Betriebsmittel.<\/strong><\/p>\n<p>Eure Fachgruppe f\u00fcr Forstwirtschaft in NRW<\/p>\n<p>&nbsp;<\/p>\n<p>Peter Wiese<\/p>\n","protected":false},"excerpt":{"rendered":"<p>Die Fachgruppe Forstwirtschaft der IGBAU in NRW hatte die Besch\u00e4ftigten beim Landesbetrieb gebeten sich an unserer Umfrage zur Gestellung der Motors\u00e4gen durch<\/p>\n<p class=\"link-more\"><a class=\"myButt \" href=\"http:\/\/forst.igbau.nrw\/?p=2581\">Weitere Infos &#8230;<\/a><\/p>\n","protected":false},"author":1,"featured_media":0,"comment_status":"closed","ping_status":"open","sticky":false,"template":"","format":"standard","meta":{"ngg_post_thumbnail":0,"jetpack_post_was_ever_published":false,"_jetpack_newsletter_access":"","_jetpack_dont_email_post_to_subs":false,"_jetpack_newsletter_tier_id":0,"_jetpack_memberships_contains_paywalled_content":false,"_jetpack_memberships_contains_paid_content":false,"footnotes":"","jetpack_publicize_message":"","jetpack_publicize_feature_enabled":true,"jetpack_social_post_already_shared":true,"jetpack_social_options":{"image_generator_settings":{"template":"highway","default_image_id":0,"font":"","enabled":false},"version":2}},"categories":[8,20],"tags":[],"class_list":["post-2581","post","type-post","status-publish","format-standard","hentry","category-ig-bau","category-landesbetrieb-wald-und-holz"],"jetpack_publicize_connections":[],"jetpack_featured_media_url":"","jetpack_sharing_enabled":true,"jetpack_shortlink":"https:\/\/wp.me\/p8x7f7-FD","jetpack-related-posts":[],"_links":{"self":[{"href":"http:\/\/forst.igbau.nrw\/index.php?rest_route=\/wp\/v2\/posts\/2581","targetHints":{"allow":["GET"]}}],"collection":[{"href":"http:\/\/forst.igbau.nrw\/index.php?rest_route=\/wp\/v2\/posts"}],"about":[{"href":"http:\/\/forst.igbau.nrw\/index.php?rest_route=\/wp\/v2\/types\/post"}],"author":[{"embeddable":true,"href":"http:\/\/forst.igbau.nrw\/index.php?rest_route=\/wp\/v2\/users\/1"}],"replies":[{"embeddable":true,"href":"http:\/\/forst.igbau.nrw\/index.php?rest_route=%2Fwp%2Fv2%2Fcomments&post=2581"}],"version-history":[{"count":1,"href":"http:\/\/forst.igbau.nrw\/index.php?rest_route=\/wp\/v2\/posts\/2581\/revisions"}],"predecessor-version":[{"id":2583,"href":"http:\/\/forst.igbau.nrw\/index.php?rest_route=\/wp\/v2\/posts\/2581\/revisions\/2583"}],"wp:attachment":[{"href":"http:\/\/forst.igbau.nrw\/index.php?rest_route=%2Fwp%2Fv2%2Fmedia&parent=2581"}],"wp:term":[{"taxonomy":"category","embeddable":true,"href":"http:\/\/forst.igbau.nrw\/index.php?rest_route=%2Fwp%2Fv2%2Fcategories&post=2581"},{"taxonomy":"post_tag","embeddable":true,"href":"http:\/\/forst.igbau.nrw\/index.php?rest_route=%2Fwp%2Fv2%2Ftags&post=2581"}],"curies":[{"name":"wp","href":"https:\/\/api.w.org\/{rel}","templated":true}]}}