{"id":2637,"date":"2023-12-05T07:33:10","date_gmt":"2023-12-05T07:33:10","guid":{"rendered":"http:\/\/forst.igbau.nrw\/?p=2637"},"modified":"2023-12-08T19:30:36","modified_gmt":"2023-12-08T19:30:36","slug":"steik-tarif-tv-l-beteiligung-und-resonanz-ueberwaeltigend","status":"publish","type":"post","link":"http:\/\/forst.igbau.nrw\/?p=2637","title":{"rendered":"Streik Tarifdemo TV-L in D\u00fcsseldorf: Beteiligung und Resonanz \u00fcberw\u00e4ltigend"},"content":{"rendered":"<p>Am 05.12.2023 fanden sich in D\u00fcsseldorf eine gro\u00dfe Anzahl von Kolleginnen und Kollegen aus dem Landesbetrieb Wald und Holz Nordrhein-Westfalen ein, um sich am Streik zu den Verhandlungen im Tarif TV-L zu beteiligen und ihrer Forderung eines angemessenen Tarifabschlusses Nachdruck zu verleihen.<\/p>\n<p>Die beeindruckende Beteiligung mit ca. 15.000 Teilnehmenden und die hohe Resonanz der Besch\u00e4ftigten, trotz des tr\u00fcben verregneten Wetters, aus dem \u00f6ffentlichen Dienst haben mit ihrem Engagement ein deutliches Zeichen f\u00fcr ihre Forderungen gesetzt.<\/p>\n<p>Die Teilnehmerzahl bei den Streikaktionen in ganz Deutschland ist hoch, und die Vielfalt der beteiligten Berufsgruppen spiegelt die breite Unterst\u00fctzung f\u00fcr die Tarifverhandlungen wider. Lehrer, Pflegekr\u00e4fte, Polizei, Strassen NRW, Finanz\u00e4mter, Verwaltungsangestellte&#8230;&#8230;&nbsp; aus allen Bereichen nahmen viele weitere Berufsgruppen teil und zeigen ihre Bereitschaft f\u00fcr eine gerechte Arbeitsbedingungen und eine angemessene Bezahlung auf die Strasse zu gehen.<\/p>\n<p>Unter der \u00dcberschrift &#8222;Laute(r) F\u00f6rster vor dem DGB Haus wurden unsere Kolleginnen und Kollegen der IGBAU tituliert und fanden mehrmals im Zuge der Veranstaltung breite Zustimmung und Beifall f\u00fcr ihre lautstarke Begleitung des Demonstrationszuges.<\/p>\n<figure id=\"attachment_2639\" aria-describedby=\"caption-attachment-2639\" style=\"width: 640px\" class=\"wp-caption aligncenter\"><img data-recalc-dims=\"1\" fetchpriority=\"high\" decoding=\"async\" data-attachment-id=\"2639\" data-permalink=\"http:\/\/forst.igbau.nrw\/?attachment_id=2639\" data-orig-file=\"https:\/\/i0.wp.com\/forst.igbau.nrw\/wp-content\/uploads\/2023\/12\/Tarifstreik_2023_20-scaled.jpeg?fit=2560%2C1382\" data-orig-size=\"2560,1382\" data-comments-opened=\"0\" data-image-meta=\"{&quot;aperture&quot;:&quot;1.8&quot;,&quot;credit&quot;:&quot;&quot;,&quot;camera&quot;:&quot;iPhone SE (3rd generation)&quot;,&quot;caption&quot;:&quot;&quot;,&quot;created_timestamp&quot;:&quot;1701783168&quot;,&quot;copyright&quot;:&quot;&quot;,&quot;focal_length&quot;:&quot;3.99&quot;,&quot;iso&quot;:&quot;50&quot;,&quot;shutter_speed&quot;:&quot;0.0082644628099174&quot;,&quot;title&quot;:&quot;&quot;,&quot;orientation&quot;:&quot;1&quot;}\" data-image-title=\"Tarifstreik_2023_20\" data-image-description=\"\" data-image-caption=\"\" data-large-file=\"https:\/\/i0.wp.com\/forst.igbau.nrw\/wp-content\/uploads\/2023\/12\/Tarifstreik_2023_20-scaled.jpeg?fit=640%2C346\" class=\"wp-image-2639 size-large\" src=\"https:\/\/i0.wp.com\/forst.igbau.nrw\/wp-content\/uploads\/2023\/12\/Tarifstreik_2023_20.jpeg?resize=640%2C346\" alt=\"Teilnehmerinnen und Teilnehmer der IGBAU vor dem Landtag in D\u00fcsseldorf\" width=\"640\" height=\"346\" srcset=\"https:\/\/i0.wp.com\/forst.igbau.nrw\/wp-content\/uploads\/2023\/12\/Tarifstreik_2023_20-scaled.jpeg?resize=1024%2C553 1024w, https:\/\/i0.wp.com\/forst.igbau.nrw\/wp-content\/uploads\/2023\/12\/Tarifstreik_2023_20-scaled.jpeg?resize=300%2C162 300w, https:\/\/i0.wp.com\/forst.igbau.nrw\/wp-content\/uploads\/2023\/12\/Tarifstreik_2023_20-scaled.jpeg?resize=768%2C415 768w, https:\/\/i0.wp.com\/forst.igbau.nrw\/wp-content\/uploads\/2023\/12\/Tarifstreik_2023_20-scaled.jpeg?resize=1536%2C829 1536w, https:\/\/i0.wp.com\/forst.igbau.nrw\/wp-content\/uploads\/2023\/12\/Tarifstreik_2023_20-scaled.jpeg?resize=2048%2C1106 2048w, https:\/\/i0.wp.com\/forst.igbau.nrw\/wp-content\/uploads\/2023\/12\/Tarifstreik_2023_20-scaled.jpeg?w=1280 1280w, https:\/\/i0.wp.com\/forst.igbau.nrw\/wp-content\/uploads\/2023\/12\/Tarifstreik_2023_20-scaled.jpeg?w=1920 1920w\" sizes=\"(max-width: 640px) 100vw, 640px\" \/><figcaption id=\"caption-attachment-2639\" class=\"wp-caption-text\">Teilnehmerinnen und Teilnehmer der IGBAU vor dem Landtag in D\u00fcsseldorf<\/figcaption><\/figure>\n<p>Auch in den Medien findet der Streik Tarif TV-L Beachtung. Zahlreiche Pressevertreter berichten \u00fcber die Streikma\u00dfnahmen und geben den Besch\u00e4ftigten eine Plattform, ihre Anliegen zu kommunizieren. Die Resonanz aus den Pressestimmen zeigt eine klare Sensibilisierung f\u00fcr die Thematik und ein Verst\u00e4ndnis f\u00fcr die berechtigten Forderungen der Besch\u00e4ftigten.<\/p>\n<p>Die Gewerkschaften sind optimistisch, dass diese breite Unterst\u00fctzung und mediale Aufmerksamkeit den Druck auf die Arbeitgeberseite verst\u00e4rken wird. Der Streik der Tarifbesch\u00e4ftigten und Beamten\/Beamtinnen f\u00fcr den&nbsp; TV-L bleibt damit nicht nur ein Signal der Entschlossenheit, sondern ist ein wichtiges Element in den laufenden Tarifverhandlungen.<\/p>\n<p>Ohne das wir Flagge auf der Stra\u00dfe zeigen wird es kein Entgegenkommen der L\u00e4nder geben.<\/p>\n<p>&nbsp;<\/p>\n<p>Aber unsere Kolleginnen und Kollegen sind entschlossen, ihre Forderungen nach angemessenen L\u00f6hnen, verbesserten Arbeitsbedingungen und einer fairen Entlohnung auch weiterhin zu vertreten. Die Beteiligung an Warnstreiks zum Tarif TV-L bleibt somit ein bedeutendes Kapitel im Streben nach gerechten Tarifvertr\u00e4gen im \u00f6ffentlichen Dienst.<\/p>\n<p>Weiter geht es mit dem 3. Verhandlungstag am 07.12.2023.<\/p>\n","protected":false},"excerpt":{"rendered":"<p>Am 05.12.2023 fanden sich in D\u00fcsseldorf eine gro\u00dfe Anzahl von Kolleginnen und Kollegen aus dem Landesbetrieb Wald und Holz Nordrhein-Westfalen ein, um<\/p>\n<p class=\"link-more\"><a class=\"myButt \" href=\"http:\/\/forst.igbau.nrw\/?p=2637\">Weitere Infos &#8230;<\/a><\/p>\n","protected":false},"author":1,"featured_media":2638,"comment_status":"closed","ping_status":"open","sticky":false,"template":"","format":"standard","meta":{"ngg_post_thumbnail":0,"jetpack_post_was_ever_published":false,"_jetpack_newsletter_access":"","_jetpack_dont_email_post_to_subs":false,"_jetpack_newsletter_tier_id":0,"_jetpack_memberships_contains_paywalled_content":false,"_jetpack_memberships_contains_paid_content":false,"footnotes":"","jetpack_publicize_message":"","jetpack_publicize_feature_enabled":true,"jetpack_social_post_already_shared":true,"jetpack_social_options":{"image_generator_settings":{"template":"highway","default_image_id":0,"font":"","enabled":false},"version":2}},"categories":[5],"tags":[],"class_list":["post-2637","post","type-post","status-publish","format-standard","has-post-thumbnail","hentry","category-forstwirtschaft"],"jetpack_publicize_connections":[],"jetpack_featured_media_url":"https:\/\/i0.wp.com\/forst.igbau.nrw\/wp-content\/uploads\/2023\/12\/Tarifstreik_2023_42-scaled.jpg?fit=2560%2C1922","jetpack_sharing_enabled":true,"jetpack_shortlink":"https:\/\/wp.me\/p8x7f7-Gx","jetpack-related-posts":[],"_links":{"self":[{"href":"http:\/\/forst.igbau.nrw\/index.php?rest_route=\/wp\/v2\/posts\/2637","targetHints":{"allow":["GET"]}}],"collection":[{"href":"http:\/\/forst.igbau.nrw\/index.php?rest_route=\/wp\/v2\/posts"}],"about":[{"href":"http:\/\/forst.igbau.nrw\/index.php?rest_route=\/wp\/v2\/types\/post"}],"author":[{"embeddable":true,"href":"http:\/\/forst.igbau.nrw\/index.php?rest_route=\/wp\/v2\/users\/1"}],"replies":[{"embeddable":true,"href":"http:\/\/forst.igbau.nrw\/index.php?rest_route=%2Fwp%2Fv2%2Fcomments&post=2637"}],"version-history":[{"count":7,"href":"http:\/\/forst.igbau.nrw\/index.php?rest_route=\/wp\/v2\/posts\/2637\/revisions"}],"predecessor-version":[{"id":2652,"href":"http:\/\/forst.igbau.nrw\/index.php?rest_route=\/wp\/v2\/posts\/2637\/revisions\/2652"}],"wp:featuredmedia":[{"embeddable":true,"href":"http:\/\/forst.igbau.nrw\/index.php?rest_route=\/wp\/v2\/media\/2638"}],"wp:attachment":[{"href":"http:\/\/forst.igbau.nrw\/index.php?rest_route=%2Fwp%2Fv2%2Fmedia&parent=2637"}],"wp:term":[{"taxonomy":"category","embeddable":true,"href":"http:\/\/forst.igbau.nrw\/index.php?rest_route=%2Fwp%2Fv2%2Fcategories&post=2637"},{"taxonomy":"post_tag","embeddable":true,"href":"http:\/\/forst.igbau.nrw\/index.php?rest_route=%2Fwp%2Fv2%2Ftags&post=2637"}],"curies":[{"name":"wp","href":"https:\/\/api.w.org\/{rel}","templated":true}]}}