{"id":2654,"date":"2023-12-09T17:09:30","date_gmt":"2023-12-09T17:09:30","guid":{"rendered":"http:\/\/forst.igbau.nrw\/?p=2654"},"modified":"2023-12-21T13:20:05","modified_gmt":"2023-12-21T13:20:05","slug":"nach-erfolgreichen-warnstreiks-auf-ein-verhandlungsergebnis-verstaendigt","status":"publish","type":"post","link":"http:\/\/forst.igbau.nrw\/?p=2654","title":{"rendered":"Nach erfolgreichen Warnstreiks auf ein Verhandlungsergebnis verst\u00e4ndigt."},"content":{"rendered":"<p>Am 9. Dezember 2023 konnten sich die Gewerkschaften mit der Tarifgemeinschaft deutscher L\u00e4nder (TdL) nach erfolgreichen Warnstreiks auf ein Verhandlungsergebnis verst\u00e4ndigen. <strong><a href=\"https:\/\/igbau.de\/Tarif-und-Besoldungsrunde-2023-Laender-ohne-Hessen-Einigung-in-der-dritten-Verhandlungsrunde.html\" target=\"_blank\" rel=\"noopener\">Die Einigung sieht folgendes vor, &#8230;..&nbsp; weitere Infos auf der IGBAU Seite &#8230;&#8230;.<\/a><\/strong><\/p>\n<p>Zur Beteiligung unserer Kolleginnen und Kollegen aus der Fachgruppe Forstwirte und der Landesvertretung Forst und Naturschutz in NRW in D\u00fcsseldorf hier ein kleiner Zusammenschnitt.<\/p>\n<p>&nbsp;<\/p>\n<div style=\"width: 640px;\" class=\"wp-video\"><video class=\"wp-video-shortcode\" id=\"video-2654-1\" width=\"640\" height=\"360\" poster=\"http:\/\/forst.igbau.nrw\/wp-content\/uploads\/2023\/12\/Tarif_2023_1080-m4v-image-1.jpg\" preload=\"metadata\" controls=\"controls\"><source type=\"video\/mp4\" src=\"http:\/\/forst.igbau.nrw\/wp-content\/uploads\/2023\/12\/Video_Duesseldorf_2023_10_05.m4v?_=1\" \/><a href=\"http:\/\/forst.igbau.nrw\/wp-content\/uploads\/2023\/12\/Video_Duesseldorf_2023_10_05.m4v\">http:\/\/forst.igbau.nrw\/wp-content\/uploads\/2023\/12\/Video_Duesseldorf_2023_10_05.m4v<\/a><\/video><\/div>\n<p>Noch einmal ein gro\u00dfes Dankesch\u00f6n f\u00fcr euer Engagement und die Unterst\u00fctzung, ohne euch h\u00e4tten wir es nicht erreicht.<\/p>\nngg_shortcode_0_placeholder\n","protected":false},"excerpt":{"rendered":"<p>Am 9. Dezember 2023 konnten sich die Gewerkschaften mit der Tarifgemeinschaft deutscher L\u00e4nder (TdL) nach erfolgreichen Warnstreiks auf ein Verhandlungsergebnis verst\u00e4ndigen. Die<\/p>\n<p class=\"link-more\"><a class=\"myButt \" href=\"http:\/\/forst.igbau.nrw\/?p=2654\">Weitere Infos &#8230;<\/a><\/p>\n","protected":false},"author":1,"featured_media":2655,"comment_status":"closed","ping_status":"open","sticky":false,"template":"","format":"standard","meta":{"ngg_post_thumbnail":0,"jetpack_post_was_ever_published":false,"_jetpack_newsletter_access":"","_jetpack_dont_email_post_to_subs":false,"_jetpack_newsletter_tier_id":0,"_jetpack_memberships_contains_paywalled_content":false,"_jetpack_memberships_contains_paid_content":false,"footnotes":"","jetpack_publicize_message":"","jetpack_publicize_feature_enabled":true,"jetpack_social_post_already_shared":true,"jetpack_social_options":{"image_generator_settings":{"template":"highway","default_image_id":0,"font":"","enabled":false},"version":2}},"categories":[21,8,43],"tags":[],"class_list":["post-2654","post","type-post","status-publish","format-standard","has-post-thumbnail","hentry","category-dgb-gewerkschaften","category-ig-bau","category-tarif"],"jetpack_publicize_connections":[],"jetpack_featured_media_url":"https:\/\/i0.wp.com\/forst.igbau.nrw\/wp-content\/uploads\/2023\/12\/Forst-Flagge-GemeinsamFuerMehr-Zukunft-NEU-230525-Gruen-Hell-Gerade.890.png?fit=890%2C426","jetpack_sharing_enabled":true,"jetpack_shortlink":"https:\/\/wp.me\/p8x7f7-GO","jetpack-related-posts":[],"_links":{"self":[{"href":"http:\/\/forst.igbau.nrw\/index.php?rest_route=\/wp\/v2\/posts\/2654","targetHints":{"allow":["GET"]}}],"collection":[{"href":"http:\/\/forst.igbau.nrw\/index.php?rest_route=\/wp\/v2\/posts"}],"about":[{"href":"http:\/\/forst.igbau.nrw\/index.php?rest_route=\/wp\/v2\/types\/post"}],"author":[{"embeddable":true,"href":"http:\/\/forst.igbau.nrw\/index.php?rest_route=\/wp\/v2\/users\/1"}],"replies":[{"embeddable":true,"href":"http:\/\/forst.igbau.nrw\/index.php?rest_route=%2Fwp%2Fv2%2Fcomments&post=2654"}],"version-history":[{"count":12,"href":"http:\/\/forst.igbau.nrw\/index.php?rest_route=\/wp\/v2\/posts\/2654\/revisions"}],"predecessor-version":[{"id":2726,"href":"http:\/\/forst.igbau.nrw\/index.php?rest_route=\/wp\/v2\/posts\/2654\/revisions\/2726"}],"wp:featuredmedia":[{"embeddable":true,"href":"http:\/\/forst.igbau.nrw\/index.php?rest_route=\/wp\/v2\/media\/2655"}],"wp:attachment":[{"href":"http:\/\/forst.igbau.nrw\/index.php?rest_route=%2Fwp%2Fv2%2Fmedia&parent=2654"}],"wp:term":[{"taxonomy":"category","embeddable":true,"href":"http:\/\/forst.igbau.nrw\/index.php?rest_route=%2Fwp%2Fv2%2Fcategories&post=2654"},{"taxonomy":"post_tag","embeddable":true,"href":"http:\/\/forst.igbau.nrw\/index.php?rest_route=%2Fwp%2Fv2%2Ftags&post=2654"}],"curies":[{"name":"wp","href":"https:\/\/api.w.org\/{rel}","templated":true}]}}