{"id":2713,"date":"2023-12-13T11:54:59","date_gmt":"2023-12-13T11:54:59","guid":{"rendered":"http:\/\/forst.igbau.nrw\/?p=2713"},"modified":"2023-12-13T11:57:16","modified_gmt":"2023-12-13T11:57:16","slug":"igbau-initiative-zur-werkzeuggestellung-fuer-forstwirte-und-forstwirtinnen-bei-wald-und-holz-nrw","status":"publish","type":"post","link":"http:\/\/forst.igbau.nrw\/?p=2713","title":{"rendered":"IGBAU Initiative zur Werkzeuggestellung f\u00fcr Forstwirte und Forstwirtinnen bei Wald und Holz NRW"},"content":{"rendered":"<p>Umfrage zur Werkzeuggestellung beim Landesbetrieb \u00fcbergeben!<\/p>\n<p>Bereits am 14.09.2023 wurden anl\u00e4sslich eines informellen Gespr\u00e4ches zwischen dem Leiter des Landesbetriebes Wald und Holz NRW Herrn Thomas K\u00e4mmerling und den IGBAU Vertretern der Landesfachgruppe NRW Herrn Peter Wiese und dem Landesvorstand Forst und Naturschutz Herrn Peter Wicke die Umfrageergebnisse zur Werkzeuggestellung \u00fcbergeben.<\/p>\n<p><strong>86 % der Teilnehmenden hatten auf die Umfrage f\u00fcr eine komplette Gestellung der Motors\u00e4gen und Werkzeuge f\u00fcr die Forstwirtinnen und Forstwirte gestimmt.<\/strong><\/p>\n<p>Herr K\u00e4mmerling nahm sich in einem ausf\u00fchrlichen Gespr\u00e4ch Zeit um \u00fcber die Arbeitsbedingungen der Forstwirtinnen und Forstwirte im Landesbetrieb zu sprechen. Dabei ging es um die Attraktivit\u00e4t der Arbeitspl\u00e4tze und die Herausforderungen diese Arbeitspl\u00e4tze auch f\u00fcr die Zukunft zu gestalten. Zu den Ergebnissen der Befragung wurde durch Herrn K\u00e4mmerling eine grunds\u00e4tzliche Bereitschaft zur Gestellung und eine wohlwollende Pr\u00fcfung zugesichert. Der Landesbetrieb wird nun eine Kostenabsch\u00e4tzung und eine Gegen\u00fcberstellung mit der bisherigen Regelung durchf\u00fchren um eine Entscheidungsgrundlage zu erstellen.<\/p>\n<figure id=\"attachment_2714\" aria-describedby=\"caption-attachment-2714\" style=\"width: 640px\" class=\"wp-caption aligncenter\"><a href=\"https:\/\/i0.wp.com\/forst.igbau.nrw\/wp-content\/uploads\/2023\/12\/Fotos_Werkzeug_Wiese_Wicke_Kaemmerling_IGBAU-scaled.jpg\"><img data-recalc-dims=\"1\" fetchpriority=\"high\" decoding=\"async\" data-attachment-id=\"2714\" data-permalink=\"http:\/\/forst.igbau.nrw\/?attachment_id=2714\" data-orig-file=\"https:\/\/i0.wp.com\/forst.igbau.nrw\/wp-content\/uploads\/2023\/12\/Fotos_Werkzeug_Wiese_Wicke_Kaemmerling_IGBAU-scaled.jpg?fit=2560%2C1920\" data-orig-size=\"2560,1920\" data-comments-opened=\"0\" data-image-meta=\"{&quot;aperture&quot;:&quot;0&quot;,&quot;credit&quot;:&quot;&quot;,&quot;camera&quot;:&quot;&quot;,&quot;caption&quot;:&quot;&quot;,&quot;created_timestamp&quot;:&quot;0&quot;,&quot;copyright&quot;:&quot;&quot;,&quot;focal_length&quot;:&quot;0&quot;,&quot;iso&quot;:&quot;0&quot;,&quot;shutter_speed&quot;:&quot;0&quot;,&quot;title&quot;:&quot;&quot;,&quot;orientation&quot;:&quot;0&quot;}\" data-image-title=\"Fotos_Werkzeug_Wiese_Wicke_K\u00e4mmerling_IGBAU\" data-image-description=\"\" data-image-caption=\"&lt;p&gt;Peter Wicke, Peter Wiese, Thomas K\u00e4mmerling&lt;\/p&gt;\n\" data-large-file=\"https:\/\/i0.wp.com\/forst.igbau.nrw\/wp-content\/uploads\/2023\/12\/Fotos_Werkzeug_Wiese_Wicke_Kaemmerling_IGBAU-scaled.jpg?fit=640%2C480\" class=\"wp-image-2714 size-large\" src=\"https:\/\/i0.wp.com\/forst.igbau.nrw\/wp-content\/uploads\/2023\/12\/Fotos_Werkzeug_Wiese_Wicke_Kaemmerling_IGBAU.jpg?resize=640%2C480\" alt=\"\" width=\"640\" height=\"480\" srcset=\"https:\/\/i0.wp.com\/forst.igbau.nrw\/wp-content\/uploads\/2023\/12\/Fotos_Werkzeug_Wiese_Wicke_Kaemmerling_IGBAU-scaled.jpg?resize=1024%2C768 1024w, https:\/\/i0.wp.com\/forst.igbau.nrw\/wp-content\/uploads\/2023\/12\/Fotos_Werkzeug_Wiese_Wicke_Kaemmerling_IGBAU-scaled.jpg?resize=300%2C225 300w, https:\/\/i0.wp.com\/forst.igbau.nrw\/wp-content\/uploads\/2023\/12\/Fotos_Werkzeug_Wiese_Wicke_Kaemmerling_IGBAU-scaled.jpg?resize=768%2C576 768w, https:\/\/i0.wp.com\/forst.igbau.nrw\/wp-content\/uploads\/2023\/12\/Fotos_Werkzeug_Wiese_Wicke_Kaemmerling_IGBAU-scaled.jpg?resize=1536%2C1152 1536w, https:\/\/i0.wp.com\/forst.igbau.nrw\/wp-content\/uploads\/2023\/12\/Fotos_Werkzeug_Wiese_Wicke_Kaemmerling_IGBAU-scaled.jpg?resize=2048%2C1536 2048w, https:\/\/i0.wp.com\/forst.igbau.nrw\/wp-content\/uploads\/2023\/12\/Fotos_Werkzeug_Wiese_Wicke_Kaemmerling_IGBAU-scaled.jpg?w=1280 1280w, https:\/\/i0.wp.com\/forst.igbau.nrw\/wp-content\/uploads\/2023\/12\/Fotos_Werkzeug_Wiese_Wicke_Kaemmerling_IGBAU-scaled.jpg?w=1920 1920w\" sizes=\"(max-width: 640px) 100vw, 640px\" \/><\/a><figcaption id=\"caption-attachment-2714\" class=\"wp-caption-text\">Peter Wicke(IGBAU), Peter Wiese(IGBAU), Thomas K\u00e4mmerling(Wald und Holz NRW)<\/figcaption><\/figure>\n<p>Dem Leiter des Betriebes ist klar, dass der Arbeitsplatz Wald eine deutlich sichtbare Verbesserung der Rahmenbedingungen verdient hat. Auch die Themen Dienstfahrzeuge und autonome Arbeitsgruppen wurden in dem Gespr\u00e4ch in den Blick genommen. Die Vertreter der IGBAU stellten die derzeitige Erh\u00f6hung der Kilometerentsch\u00e4digung auf 0,57\u20ac bei dem befahren von Waldwegen in Hessen vor. Was dort erreicht worden ist, sollte auch in NRW m\u00f6glich sein! Am besten ist jedoch die Gestellung von Dienstfahrzeugen.<\/p>\n<p>F\u00fcr den Landesbetrieb Wald und Holz steht fest, dass die ausgelaufene Dienstvereinbarung f\u00fcr den Einsatz der im Landeswald besch\u00e4ftigten Forstwirtinnen und Forstwirte \u00fcberarbeitet und erneuert werden soll. Dazu wird es noch im laufenden Jahr Gespr\u00e4che mit dem Personalrat geben, um im Jahr 2024 zu einer neuen Dienstvereinbarung zu kommen. Herr K\u00e4mmerling zeigte sich in dem Gespr\u00e4ch sehr offen und interessiert an den Themen der Waldarbeit, dabei vermittelte er den Eindruck einer deutlichen Wertsch\u00e4tzung f\u00fcr die im Wald arbeitenden Besch\u00e4ftigten. Allein die Zukunft wird zeigen ob den Absichten auch Taten folgen k\u00f6nnen. Dabei gilt es auch Hindernisse aus dem Weg zu r\u00e4umen die nicht innerbetrieblich, sondern nur tariflich zu l\u00f6sen sind. Es wurde vereinbart, im Gespr\u00e4ch zu bleiben und weiter den Austausch zu pflegen<\/p>\n","protected":false},"excerpt":{"rendered":"<p>Umfrage zur Werkzeuggestellung beim Landesbetrieb \u00fcbergeben! Bereits am 14.09.2023 wurden anl\u00e4sslich eines informellen Gespr\u00e4ches zwischen dem Leiter des Landesbetriebes Wald und Holz<\/p>\n<p class=\"link-more\"><a class=\"myButt \" href=\"http:\/\/forst.igbau.nrw\/?p=2713\">Weitere Infos &#8230;<\/a><\/p>\n","protected":false},"author":13,"featured_media":2714,"comment_status":"closed","ping_status":"open","sticky":false,"template":"","format":"standard","meta":{"ngg_post_thumbnail":0,"jetpack_post_was_ever_published":false,"_jetpack_newsletter_access":"","_jetpack_dont_email_post_to_subs":false,"_jetpack_newsletter_tier_id":0,"_jetpack_memberships_contains_paywalled_content":false,"_jetpack_memberships_contains_paid_content":false,"footnotes":"","jetpack_publicize_message":"","jetpack_publicize_feature_enabled":true,"jetpack_social_post_already_shared":true,"jetpack_social_options":{"image_generator_settings":{"template":"highway","default_image_id":0,"font":"","enabled":false},"version":2}},"categories":[5],"tags":[],"class_list":["post-2713","post","type-post","status-publish","format-standard","has-post-thumbnail","hentry","category-forstwirtschaft"],"jetpack_publicize_connections":[],"jetpack_featured_media_url":"https:\/\/i0.wp.com\/forst.igbau.nrw\/wp-content\/uploads\/2023\/12\/Fotos_Werkzeug_Wiese_Wicke_Kaemmerling_IGBAU-scaled.jpg?fit=2560%2C1920","jetpack_sharing_enabled":true,"jetpack_shortlink":"https:\/\/wp.me\/p8x7f7-HL","jetpack-related-posts":[],"_links":{"self":[{"href":"http:\/\/forst.igbau.nrw\/index.php?rest_route=\/wp\/v2\/posts\/2713","targetHints":{"allow":["GET"]}}],"collection":[{"href":"http:\/\/forst.igbau.nrw\/index.php?rest_route=\/wp\/v2\/posts"}],"about":[{"href":"http:\/\/forst.igbau.nrw\/index.php?rest_route=\/wp\/v2\/types\/post"}],"author":[{"embeddable":true,"href":"http:\/\/forst.igbau.nrw\/index.php?rest_route=\/wp\/v2\/users\/13"}],"replies":[{"embeddable":true,"href":"http:\/\/forst.igbau.nrw\/index.php?rest_route=%2Fwp%2Fv2%2Fcomments&post=2713"}],"version-history":[{"count":3,"href":"http:\/\/forst.igbau.nrw\/index.php?rest_route=\/wp\/v2\/posts\/2713\/revisions"}],"predecessor-version":[{"id":2717,"href":"http:\/\/forst.igbau.nrw\/index.php?rest_route=\/wp\/v2\/posts\/2713\/revisions\/2717"}],"wp:featuredmedia":[{"embeddable":true,"href":"http:\/\/forst.igbau.nrw\/index.php?rest_route=\/wp\/v2\/media\/2714"}],"wp:attachment":[{"href":"http:\/\/forst.igbau.nrw\/index.php?rest_route=%2Fwp%2Fv2%2Fmedia&parent=2713"}],"wp:term":[{"taxonomy":"category","embeddable":true,"href":"http:\/\/forst.igbau.nrw\/index.php?rest_route=%2Fwp%2Fv2%2Fcategories&post=2713"},{"taxonomy":"post_tag","embeddable":true,"href":"http:\/\/forst.igbau.nrw\/index.php?rest_route=%2Fwp%2Fv2%2Ftags&post=2713"}],"curies":[{"name":"wp","href":"https:\/\/api.w.org\/{rel}","templated":true}]}}