{"id":2719,"date":"2023-12-21T06:36:40","date_gmt":"2023-12-21T06:36:40","guid":{"rendered":"http:\/\/forst.igbau.nrw\/?p=2719"},"modified":"2023-12-21T06:38:43","modified_gmt":"2023-12-21T06:38:43","slug":"bestaetigung-des-streikverbotes-fuer-verbeamtete-lehrerinnen","status":"publish","type":"post","link":"http:\/\/forst.igbau.nrw\/?p=2719","title":{"rendered":"Best\u00e4tigung des Streikverbotes f\u00fcr verbeamtete Lehrer*innen!"},"content":{"rendered":"<p>Der Europ\u00e4ische Gerichtshof (EuGH) hat am 14.12.2023 eine wegweisende Entscheidung getroffen, indem er das Streikverbot f\u00fcr Beamte in Deutschland best\u00e4tigt hat. Die Entscheidung st\u00fctzt sich auf die besondere Stellung der Beamten im \u00f6ffentlichen Dienst und die damit verbundenen Verantwortlichkeiten.<\/p>\n<p>Das Urteil reflektiert die Auffassung des EuGH, dass das Streikverbot f\u00fcr Beamte notwendig ist, um die Kontinuit\u00e4t und Stabilit\u00e4t \u00f6ffentlicher Dienstleistungen sicherzustellen. Beamte spielen eine entscheidende Rolle bei der Aufrechterhaltung der \u00f6ffentlichen Ordnung, Sicherheit und Verwaltung, und das Streikverbot soll sicherstellen, dass diese Aufgaben ohne Unterbrechungen wahrgenommen werden.<\/p>\n<p>Die Entscheidung wurde von verschiedenen Seiten kontrovers diskutiert. Gewerkschaften argumentierten f\u00fcr das Recht der Beamten auf Streik, w\u00e4hrend Bef\u00fcrworter des Streikverbots die Wahrung der \u00f6ffentlichen Interessen betonten.<\/p>\n<p>In einer ersten Reaktion auf das Urteil bedauern die DGB Gewerkschaften die Entscheidung, sie sind aber weiterhin bestrebt, die Interessen der Beamten zu vertreten und f\u00fcr ihre Rechte einzustehen.<\/p>\n<p>Die Entscheidung des EuGH wirft neue Fragen auf bez\u00fcglich der Balance zwischen den Rechten der Arbeitnehmer und der Notwendigkeit, einen reibungslosen Ablauf der \u00f6ffentlichen Dienstleistungen zu gew\u00e4hrleisten. Die Diskussion \u00fcber die Rolle der Beamten und ihre Gewerkschaftsrechte d\u00fcrfte in den kommenden Wochen intensiv gef\u00fchrt werden.<\/p>\n<p>&nbsp;<\/p>\n<p><a href=\"https:\/\/beamte.verdi.de\/themen\/beamtenpolitik_und_recht\/++co++243dfc32-9e59-11ee-aa0c-bd97053fdbd1\">Weiter Infos finden Sie hier &#8230;&#8230;..<img data-recalc-dims=\"1\" decoding=\"async\" data-attachment-id=\"1295\" data-permalink=\"http:\/\/forst.igbau.nrw\/?attachment_id=1295\" data-orig-file=\"https:\/\/i0.wp.com\/forst.igbau.nrw\/wp-content\/uploads\/2019\/10\/verdi_150_150.jpg?fit=150%2C150\" data-orig-size=\"150,150\" data-comments-opened=\"1\" data-image-meta=\"{&quot;aperture&quot;:&quot;0&quot;,&quot;credit&quot;:&quot;&quot;,&quot;camera&quot;:&quot;&quot;,&quot;caption&quot;:&quot;&quot;,&quot;created_timestamp&quot;:&quot;0&quot;,&quot;copyright&quot;:&quot;&quot;,&quot;focal_length&quot;:&quot;0&quot;,&quot;iso&quot;:&quot;0&quot;,&quot;shutter_speed&quot;:&quot;0&quot;,&quot;title&quot;:&quot;&quot;,&quot;orientation&quot;:&quot;1&quot;}\" data-image-title=\"verdi_150_150\" data-image-description=\"\" data-image-caption=\"\" data-large-file=\"https:\/\/i0.wp.com\/forst.igbau.nrw\/wp-content\/uploads\/2019\/10\/verdi_150_150.jpg?fit=150%2C150\" class=\"aligncenter wp-image-1295 size-full\" src=\"https:\/\/i0.wp.com\/forst.igbau.nrw\/wp-content\/uploads\/2019\/10\/verdi_150_150.jpg?resize=150%2C150\" alt=\"\" width=\"150\" height=\"150\"><\/a><\/p>\n","protected":false},"excerpt":{"rendered":"<p>Der Europ\u00e4ische Gerichtshof (EuGH) hat am 14.12.2023 eine wegweisende Entscheidung getroffen, indem er das Streikverbot f\u00fcr Beamte in Deutschland best\u00e4tigt hat. Die<\/p>\n<p class=\"link-more\"><a class=\"myButt \" href=\"http:\/\/forst.igbau.nrw\/?p=2719\">Weitere Infos &#8230;<\/a><\/p>\n","protected":false},"author":1,"featured_media":1028,"comment_status":"closed","ping_status":"open","sticky":false,"template":"","format":"standard","meta":{"ngg_post_thumbnail":0,"jetpack_post_was_ever_published":false,"_jetpack_newsletter_access":"","_jetpack_dont_email_post_to_subs":false,"_jetpack_newsletter_tier_id":0,"_jetpack_memberships_contains_paywalled_content":false,"_jetpack_memberships_contains_paid_content":false,"footnotes":"","jetpack_publicize_message":"","jetpack_publicize_feature_enabled":true,"jetpack_social_post_already_shared":true,"jetpack_social_options":{"image_generator_settings":{"template":"highway","default_image_id":0,"font":"","enabled":false},"version":2}},"categories":[5],"tags":[],"class_list":["post-2719","post","type-post","status-publish","format-standard","has-post-thumbnail","hentry","category-forstwirtschaft"],"jetpack_publicize_connections":[],"jetpack_featured_media_url":"https:\/\/i0.wp.com\/forst.igbau.nrw\/wp-content\/uploads\/2019\/05\/EU_Gerichtshof_logo.png?fit=233%2C215","jetpack_sharing_enabled":true,"jetpack_shortlink":"https:\/\/wp.me\/p8x7f7-HR","jetpack-related-posts":[],"_links":{"self":[{"href":"http:\/\/forst.igbau.nrw\/index.php?rest_route=\/wp\/v2\/posts\/2719","targetHints":{"allow":["GET"]}}],"collection":[{"href":"http:\/\/forst.igbau.nrw\/index.php?rest_route=\/wp\/v2\/posts"}],"about":[{"href":"http:\/\/forst.igbau.nrw\/index.php?rest_route=\/wp\/v2\/types\/post"}],"author":[{"embeddable":true,"href":"http:\/\/forst.igbau.nrw\/index.php?rest_route=\/wp\/v2\/users\/1"}],"replies":[{"embeddable":true,"href":"http:\/\/forst.igbau.nrw\/index.php?rest_route=%2Fwp%2Fv2%2Fcomments&post=2719"}],"version-history":[{"count":1,"href":"http:\/\/forst.igbau.nrw\/index.php?rest_route=\/wp\/v2\/posts\/2719\/revisions"}],"predecessor-version":[{"id":2720,"href":"http:\/\/forst.igbau.nrw\/index.php?rest_route=\/wp\/v2\/posts\/2719\/revisions\/2720"}],"wp:featuredmedia":[{"embeddable":true,"href":"http:\/\/forst.igbau.nrw\/index.php?rest_route=\/wp\/v2\/media\/1028"}],"wp:attachment":[{"href":"http:\/\/forst.igbau.nrw\/index.php?rest_route=%2Fwp%2Fv2%2Fmedia&parent=2719"}],"wp:term":[{"taxonomy":"category","embeddable":true,"href":"http:\/\/forst.igbau.nrw\/index.php?rest_route=%2Fwp%2Fv2%2Fcategories&post=2719"},{"taxonomy":"post_tag","embeddable":true,"href":"http:\/\/forst.igbau.nrw\/index.php?rest_route=%2Fwp%2Fv2%2Ftags&post=2719"}],"curies":[{"name":"wp","href":"https:\/\/api.w.org\/{rel}","templated":true}]}}