{"id":2723,"date":"2023-12-15T07:38:29","date_gmt":"2023-12-15T07:38:29","guid":{"rendered":"http:\/\/forst.igbau.nrw\/?p=2723"},"modified":"2023-12-21T07:45:05","modified_gmt":"2023-12-21T07:45:05","slug":"das-tarifergebnis-wird-in-nordrhein-westfalen-11-auf-beamtinnen-und-beamte-uebertragen","status":"publish","type":"post","link":"http:\/\/forst.igbau.nrw\/?p=2723","title":{"rendered":"Das Tarifergebnis wird in Nordrhein-Westfalen 1:1 auf Beamtinnen und Beamte \u00fcbertragen."},"content":{"rendered":"<p>Das Tarifergebnis der aktuellen Verhandlungen im \u00f6ffentlichen Dienst wird uneingeschr\u00e4nkt auf die Beamtinnen und Beamten in Nordrhein-Westfalen \u00fcbertragen. Nach intensiven Verhandlungen haben sich die Tarifparteien auf eine einheitliche Anpassung geeinigt, um eine gerechte Entlohnung sicherzustellen.<\/p>\n<p>Die \u00dcbertragung des Tarifergebnisses auf die Beamtenschaft unterstreicht den gemeinsamen Einsatz f\u00fcr faire Arbeitsbedingungen und die Wertsch\u00e4tzung der \u00f6ffentlichen Bediensteten in Nordrhein-Westfalen. Die entsprechenden Anpassungen werden zeitnah in Kraft treten, um den Besch\u00e4ftigten Planungssicherheit zu bieten.<\/p>\n<p>Mit dieser Entscheidung setzen die Verhandlungspartner ein Zeichen f\u00fcr eine ausgewogene und gerechte Entlohnung im \u00f6ffentlichen Dienst. Die Landesregierung von Nordrhein-Westfalen bekr\u00e4ftigt damit ihr Engagement f\u00fcr eine angemessene Bezahlung und Anerkennung der Leistungen der Beamtinnen und Beamten im Dienste der B\u00fcrgerinnen und B\u00fcrger.<\/p>\n<p><a href=\"https:\/\/www.finanzverwaltung.nrw.de\/uebersicht-rubrik-aktuelles-und-presse\/pressemitteilungen\/tarifverhandlungen-fuer-den-oeffentlichen\" target=\"_blank\" rel=\"noopener\">F\u00fcr weitere Informationen dazu finden sich auch auf der Informationsseite der Finanzverwaltung NRW.<\/a><\/p>\n","protected":false},"excerpt":{"rendered":"<p>Das Tarifergebnis der aktuellen Verhandlungen im \u00f6ffentlichen Dienst wird uneingeschr\u00e4nkt auf die Beamtinnen und Beamten in Nordrhein-Westfalen \u00fcbertragen. Nach intensiven Verhandlungen haben<\/p>\n<p class=\"link-more\"><a class=\"myButt \" href=\"http:\/\/forst.igbau.nrw\/?p=2723\">Weitere Infos &#8230;<\/a><\/p>\n","protected":false},"author":1,"featured_media":2724,"comment_status":"closed","ping_status":"open","sticky":false,"template":"","format":"standard","meta":{"ngg_post_thumbnail":0,"jetpack_post_was_ever_published":false,"_jetpack_newsletter_access":"","_jetpack_dont_email_post_to_subs":false,"_jetpack_newsletter_tier_id":0,"_jetpack_memberships_contains_paywalled_content":false,"_jetpack_memberships_contains_paid_content":false,"footnotes":"","jetpack_publicize_message":"","jetpack_publicize_feature_enabled":true,"jetpack_social_post_already_shared":true,"jetpack_social_options":{"image_generator_settings":{"template":"highway","default_image_id":0,"font":"","enabled":false},"version":2}},"categories":[5],"tags":[],"class_list":["post-2723","post","type-post","status-publish","format-standard","has-post-thumbnail","hentry","category-forstwirtschaft"],"jetpack_publicize_connections":[],"jetpack_featured_media_url":"https:\/\/i0.wp.com\/forst.igbau.nrw\/wp-content\/uploads\/2023\/12\/germany-2291581_1280.jpg?fit=1280%2C853","jetpack_sharing_enabled":true,"jetpack_shortlink":"https:\/\/wp.me\/p8x7f7-HV","jetpack-related-posts":[],"_links":{"self":[{"href":"http:\/\/forst.igbau.nrw\/index.php?rest_route=\/wp\/v2\/posts\/2723","targetHints":{"allow":["GET"]}}],"collection":[{"href":"http:\/\/forst.igbau.nrw\/index.php?rest_route=\/wp\/v2\/posts"}],"about":[{"href":"http:\/\/forst.igbau.nrw\/index.php?rest_route=\/wp\/v2\/types\/post"}],"author":[{"embeddable":true,"href":"http:\/\/forst.igbau.nrw\/index.php?rest_route=\/wp\/v2\/users\/1"}],"replies":[{"embeddable":true,"href":"http:\/\/forst.igbau.nrw\/index.php?rest_route=%2Fwp%2Fv2%2Fcomments&post=2723"}],"version-history":[{"count":1,"href":"http:\/\/forst.igbau.nrw\/index.php?rest_route=\/wp\/v2\/posts\/2723\/revisions"}],"predecessor-version":[{"id":2725,"href":"http:\/\/forst.igbau.nrw\/index.php?rest_route=\/wp\/v2\/posts\/2723\/revisions\/2725"}],"wp:featuredmedia":[{"embeddable":true,"href":"http:\/\/forst.igbau.nrw\/index.php?rest_route=\/wp\/v2\/media\/2724"}],"wp:attachment":[{"href":"http:\/\/forst.igbau.nrw\/index.php?rest_route=%2Fwp%2Fv2%2Fmedia&parent=2723"}],"wp:term":[{"taxonomy":"category","embeddable":true,"href":"http:\/\/forst.igbau.nrw\/index.php?rest_route=%2Fwp%2Fv2%2Fcategories&post=2723"},{"taxonomy":"post_tag","embeddable":true,"href":"http:\/\/forst.igbau.nrw\/index.php?rest_route=%2Fwp%2Fv2%2Ftags&post=2723"}],"curies":[{"name":"wp","href":"https:\/\/api.w.org\/{rel}","templated":true}]}}