{"id":2729,"date":"2024-01-17T09:47:45","date_gmt":"2024-01-17T09:47:45","guid":{"rendered":"http:\/\/forst.igbau.nrw\/?p=2729"},"modified":"2024-01-18T13:52:40","modified_gmt":"2024-01-18T13:52:40","slug":"runder-tisch-zukunft-holzmarkt-24","status":"publish","type":"post","link":"http:\/\/forst.igbau.nrw\/?p=2729","title":{"rendered":"Runder Tisch \u201eZukunft Holzmarkt 24\u201c"},"content":{"rendered":"<p>Heute im Haus der Landwirtschaft in Berlin veranstaltet der DFWR ein Duales Symposium zur Zukunft des Holzmarktes in 2024.<\/p>\n<p><a href=\"https:\/\/i0.wp.com\/forst.igbau.nrw\/wp-content\/uploads\/2024\/01\/IMG_8497-scaled.jpeg\"><img data-recalc-dims=\"1\" fetchpriority=\"high\" decoding=\"async\" data-attachment-id=\"2730\" data-permalink=\"http:\/\/forst.igbau.nrw\/?attachment_id=2730\" data-orig-file=\"https:\/\/i0.wp.com\/forst.igbau.nrw\/wp-content\/uploads\/2024\/01\/IMG_8497-scaled.jpeg?fit=2560%2C1920\" data-orig-size=\"2560,1920\" data-comments-opened=\"0\" data-image-meta=\"{&quot;aperture&quot;:&quot;1.8&quot;,&quot;credit&quot;:&quot;&quot;,&quot;camera&quot;:&quot;iPhone SE (3rd generation)&quot;,&quot;caption&quot;:&quot;&quot;,&quot;created_timestamp&quot;:&quot;1705487927&quot;,&quot;copyright&quot;:&quot;&quot;,&quot;focal_length&quot;:&quot;3.99&quot;,&quot;iso&quot;:&quot;64&quot;,&quot;shutter_speed&quot;:&quot;0.01&quot;,&quot;title&quot;:&quot;&quot;,&quot;orientation&quot;:&quot;1&quot;}\" data-image-title=\"IMG_8497\" data-image-description=\"\" data-image-caption=\"\" data-large-file=\"https:\/\/i0.wp.com\/forst.igbau.nrw\/wp-content\/uploads\/2024\/01\/IMG_8497-scaled.jpeg?fit=640%2C480\" class=\"aligncenter size-medium wp-image-2730\" src=\"https:\/\/i0.wp.com\/forst.igbau.nrw\/wp-content\/uploads\/2024\/01\/IMG_8497.jpeg?resize=300%2C225\" alt=\"\" width=\"300\" height=\"225\" srcset=\"https:\/\/i0.wp.com\/forst.igbau.nrw\/wp-content\/uploads\/2024\/01\/IMG_8497-scaled.jpeg?resize=300%2C225 300w, https:\/\/i0.wp.com\/forst.igbau.nrw\/wp-content\/uploads\/2024\/01\/IMG_8497-scaled.jpeg?resize=1024%2C768 1024w, https:\/\/i0.wp.com\/forst.igbau.nrw\/wp-content\/uploads\/2024\/01\/IMG_8497-scaled.jpeg?resize=768%2C576 768w, https:\/\/i0.wp.com\/forst.igbau.nrw\/wp-content\/uploads\/2024\/01\/IMG_8497-scaled.jpeg?resize=1536%2C1152 1536w, https:\/\/i0.wp.com\/forst.igbau.nrw\/wp-content\/uploads\/2024\/01\/IMG_8497-scaled.jpeg?resize=2048%2C1536 2048w, https:\/\/i0.wp.com\/forst.igbau.nrw\/wp-content\/uploads\/2024\/01\/IMG_8497-scaled.jpeg?w=1280 1280w, https:\/\/i0.wp.com\/forst.igbau.nrw\/wp-content\/uploads\/2024\/01\/IMG_8497-scaled.jpeg?w=1920 1920w\" sizes=\"(max-width: 300px) 100vw, 300px\" \/><\/a><\/p>\n<p>&nbsp;<\/p>\n<p>Der Runde Tisch &#8222;Zukunft Holzmarkt&#8220; richtete sich an Entscheidungstr\u00e4ger aus Verwaltung, Verb\u00e4nden und Unternehmen der Forst- und Holzwirtschaft. Der DFWR bietet auf der Veranstaltung Impulsvortr\u00e4ge zur Marktanalyse 2023, die einen Ausblick auf den Holzmarkt sowie einen \u00dcberblick \u00fcber das aktuelle Kalamit\u00e4tsgeschehen sowohl im Nadel- als auch im Laubwald in Bundesl\u00e4ndern geben sollen.<\/p>\n<p>Im Anschluss diskutierten die beteiligten Vertreter aus der Holz- und Forstwirtschaft im Cluster Forst und Holz \u00fcber die aktuellen Entwicklungen in den Themenfeldern Bauwirtschaft sowie Industrieholz und er\u00f6rtern den wirtschaftlichen und politischen Handlungsbedarf f\u00fcr die Zukunft.<\/p>\n<p>Zur Sprache kamen auch die aktuellen Streichungen in der Bundesf\u00f6rderung und die Auswirkungen der seit dem 01.0.1.2024 zus\u00e4tzlichen Belastungen durch erh\u00f6hte CO2 Abgabe, Inflationsrate und Steigerung der Rohstoffkosten.<\/p>\n<p>Eine Forderung, die allgemeine Zustimmung fand, war die Erwartung einer Vorreiterrolle der \u00d6ffentlichen Hand wonach Bauprojekte vornehmlich in Holzbauweise durchgef\u00fchrt werden m\u00fcssen.<\/p>\n<p>Interessant war die Annahme das alle Beteiligten aus den verarbeitetenden Betrieben keine Gefahr einer Unterdeckung von Nadelstammholz durch die Kalamit\u00e4tsfl\u00e4chen und dem Absterben der Fichtenbest\u00e4nde erkennen. Eine Sicht die durch die IGBAU nicht nachzuvollziehen ist. Hier wird aus unserer Einsch\u00e4tzung die Prognose zu positiv gesehen.<\/p>\n","protected":false},"excerpt":{"rendered":"<p>Heute im Haus der Landwirtschaft in Berlin veranstaltet der DFWR ein Duales Symposium zur Zukunft des Holzmarktes in 2024. &nbsp; Der Runde<\/p>\n<p class=\"link-more\"><a class=\"myButt \" href=\"http:\/\/forst.igbau.nrw\/?p=2729\">Weitere Infos &#8230;<\/a><\/p>\n","protected":false},"author":2,"featured_media":0,"comment_status":"closed","ping_status":"open","sticky":false,"template":"","format":"standard","meta":{"ngg_post_thumbnail":0,"jetpack_post_was_ever_published":false,"_jetpack_newsletter_access":"","_jetpack_dont_email_post_to_subs":false,"_jetpack_newsletter_tier_id":0,"_jetpack_memberships_contains_paywalled_content":false,"_jetpack_memberships_contains_paid_content":false,"footnotes":"","jetpack_publicize_message":"","jetpack_publicize_feature_enabled":true,"jetpack_social_post_already_shared":true,"jetpack_social_options":{"image_generator_settings":{"template":"highway","default_image_id":0,"font":"","enabled":false},"version":2}},"categories":[5],"tags":[],"class_list":["post-2729","post","type-post","status-publish","format-standard","hentry","category-forstwirtschaft"],"jetpack_publicize_connections":[],"jetpack_featured_media_url":"","jetpack_sharing_enabled":true,"jetpack_shortlink":"https:\/\/wp.me\/p8x7f7-I1","jetpack-related-posts":[],"_links":{"self":[{"href":"http:\/\/forst.igbau.nrw\/index.php?rest_route=\/wp\/v2\/posts\/2729","targetHints":{"allow":["GET"]}}],"collection":[{"href":"http:\/\/forst.igbau.nrw\/index.php?rest_route=\/wp\/v2\/posts"}],"about":[{"href":"http:\/\/forst.igbau.nrw\/index.php?rest_route=\/wp\/v2\/types\/post"}],"author":[{"embeddable":true,"href":"http:\/\/forst.igbau.nrw\/index.php?rest_route=\/wp\/v2\/users\/2"}],"replies":[{"embeddable":true,"href":"http:\/\/forst.igbau.nrw\/index.php?rest_route=%2Fwp%2Fv2%2Fcomments&post=2729"}],"version-history":[{"count":3,"href":"http:\/\/forst.igbau.nrw\/index.php?rest_route=\/wp\/v2\/posts\/2729\/revisions"}],"predecessor-version":[{"id":2734,"href":"http:\/\/forst.igbau.nrw\/index.php?rest_route=\/wp\/v2\/posts\/2729\/revisions\/2734"}],"wp:attachment":[{"href":"http:\/\/forst.igbau.nrw\/index.php?rest_route=%2Fwp%2Fv2%2Fmedia&parent=2729"}],"wp:term":[{"taxonomy":"category","embeddable":true,"href":"http:\/\/forst.igbau.nrw\/index.php?rest_route=%2Fwp%2Fv2%2Fcategories&post=2729"},{"taxonomy":"post_tag","embeddable":true,"href":"http:\/\/forst.igbau.nrw\/index.php?rest_route=%2Fwp%2Fv2%2Ftags&post=2729"}],"curies":[{"name":"wp","href":"https:\/\/api.w.org\/{rel}","templated":true}]}}