{"id":2738,"date":"2024-01-25T15:34:15","date_gmt":"2024-01-25T15:34:15","guid":{"rendered":"http:\/\/forst.igbau.nrw\/?p=2738"},"modified":"2024-01-25T15:34:15","modified_gmt":"2024-01-25T15:34:15","slug":"tarifabschluss-tv-l-angenommen","status":"publish","type":"post","link":"http:\/\/forst.igbau.nrw\/?p=2738","title":{"rendered":"Tarifabschluss TV-L angenommen!"},"content":{"rendered":"<p>Die Mitglieder stimmen den Ergebnissen zum Tarifvertrag TVL 2023 zu. Die Einigung beinhaltet bedeutende Verbesserungen f\u00fcr die Besch\u00e4ftigten, darunter Gehaltserh\u00f6hungen, Arbeitszeitregelungen und weitere soziale Leistungen. Dieser Tarifabschluss st\u00e4rkt die Arbeitsbedingungen und f\u00f6rdert eine positive Entwicklung in der \u00f6ffentlichen Verwaltung.<\/p>\n<p><a href=\"http:\/\/forst.igbau.nrw\/wp-content\/uploads\/2024\/01\/TI-TARIFRUNDE-2023-TDL-ANNAHME-TARIFEINIGUNG-MV_25421.PDF.pdf\">Den Pressetext dazu finden Sie hier&#8230;&#8230;.<\/a><\/p>\n<p>&nbsp;<\/p>\n","protected":false},"excerpt":{"rendered":"<p>Die Mitglieder stimmen den Ergebnissen zum Tarifvertrag TVL 2023 zu. Die Einigung beinhaltet bedeutende Verbesserungen f\u00fcr die Besch\u00e4ftigten, darunter Gehaltserh\u00f6hungen, Arbeitszeitregelungen und<\/p>\n<p class=\"link-more\"><a class=\"myButt \" href=\"http:\/\/forst.igbau.nrw\/?p=2738\">Weitere Infos &#8230;<\/a><\/p>\n","protected":false},"author":2,"featured_media":2655,"comment_status":"closed","ping_status":"open","sticky":false,"template":"","format":"standard","meta":{"ngg_post_thumbnail":0,"jetpack_post_was_ever_published":false,"_jetpack_newsletter_access":"","_jetpack_dont_email_post_to_subs":false,"_jetpack_newsletter_tier_id":0,"_jetpack_memberships_contains_paywalled_content":false,"_jetpack_memberships_contains_paid_content":false,"footnotes":"","jetpack_publicize_message":"","jetpack_publicize_feature_enabled":true,"jetpack_social_post_already_shared":true,"jetpack_social_options":{"image_generator_settings":{"template":"highway","default_image_id":0,"font":"","enabled":false},"version":2}},"categories":[8,43],"tags":[],"class_list":["post-2738","post","type-post","status-publish","format-standard","has-post-thumbnail","hentry","category-ig-bau","category-tarif"],"jetpack_publicize_connections":[],"jetpack_featured_media_url":"https:\/\/i0.wp.com\/forst.igbau.nrw\/wp-content\/uploads\/2023\/12\/Forst-Flagge-GemeinsamFuerMehr-Zukunft-NEU-230525-Gruen-Hell-Gerade.890.png?fit=890%2C426","jetpack_sharing_enabled":true,"jetpack_shortlink":"https:\/\/wp.me\/p8x7f7-Ia","jetpack-related-posts":[],"_links":{"self":[{"href":"http:\/\/forst.igbau.nrw\/index.php?rest_route=\/wp\/v2\/posts\/2738","targetHints":{"allow":["GET"]}}],"collection":[{"href":"http:\/\/forst.igbau.nrw\/index.php?rest_route=\/wp\/v2\/posts"}],"about":[{"href":"http:\/\/forst.igbau.nrw\/index.php?rest_route=\/wp\/v2\/types\/post"}],"author":[{"embeddable":true,"href":"http:\/\/forst.igbau.nrw\/index.php?rest_route=\/wp\/v2\/users\/2"}],"replies":[{"embeddable":true,"href":"http:\/\/forst.igbau.nrw\/index.php?rest_route=%2Fwp%2Fv2%2Fcomments&post=2738"}],"version-history":[{"count":1,"href":"http:\/\/forst.igbau.nrw\/index.php?rest_route=\/wp\/v2\/posts\/2738\/revisions"}],"predecessor-version":[{"id":2740,"href":"http:\/\/forst.igbau.nrw\/index.php?rest_route=\/wp\/v2\/posts\/2738\/revisions\/2740"}],"wp:featuredmedia":[{"embeddable":true,"href":"http:\/\/forst.igbau.nrw\/index.php?rest_route=\/wp\/v2\/media\/2655"}],"wp:attachment":[{"href":"http:\/\/forst.igbau.nrw\/index.php?rest_route=%2Fwp%2Fv2%2Fmedia&parent=2738"}],"wp:term":[{"taxonomy":"category","embeddable":true,"href":"http:\/\/forst.igbau.nrw\/index.php?rest_route=%2Fwp%2Fv2%2Fcategories&post=2738"},{"taxonomy":"post_tag","embeddable":true,"href":"http:\/\/forst.igbau.nrw\/index.php?rest_route=%2Fwp%2Fv2%2Ftags&post=2738"}],"curies":[{"name":"wp","href":"https:\/\/api.w.org\/{rel}","templated":true}]}}