{"id":2741,"date":"2024-01-25T15:58:58","date_gmt":"2024-01-25T15:58:58","guid":{"rendered":"http:\/\/forst.igbau.nrw\/?p=2741"},"modified":"2024-01-25T16:04:06","modified_gmt":"2024-01-25T16:04:06","slug":"tarifforderungen-zum-tv-l-forst-2024","status":"publish","type":"post","link":"http:\/\/forst.igbau.nrw\/?p=2741","title":{"rendered":"Tarifforderungen zum TV-L Forst 2024"},"content":{"rendered":"<p><strong>Zus\u00e4tzlich erwarten wir von den Arbeitgebern:<\/strong><\/p>\n<p>Die Anpassung der Arbeitszeit im Tarifgebiet Ost an die Arbeitszeit im Tarifgebiet West sowie die \u00dcbertragung des besonderen K\u00fcndigungsschutzes auf die Besch\u00e4ftigten im Tarifgebiet Ost.<\/p>\n<p>Die Einf\u00fchrung der Forstzulage f\u00fcr die Besch\u00e4ftigten der L\u00e4nder Sachsen, Sachsen-Anhalt und Th\u00fcringen. Die Erh\u00f6hung der Forstzulage auf 150 Euro sowie die Dynamisierung ab 1. November 2025.<\/p>\n<p>Die Weiterentwicklung des Vorarbeiterzuschlags.<\/p>\n<p>Die Weiterentwicklung der T\u00e4tigkeitsmerkmale in der Entgeltordnung Forst, insbesondere die H\u00f6hergruppierung der Forstwirt*innen in die Entgeltgruppe 6 und die Einf\u00fchrung der Entgeltgruppe 9a f\u00fcr Forstwirtschaftsmeister<sup>* <\/sup>innen<\/p>\n<p>Die Einf\u00fchrung der M\u00f6glichkeit der Gew\u00e4hrung von pers\u00f6nlichen Zulage f\u00fcr vor\u00fcbergehend \u00fcbertragene h\u00f6herwertige T\u00e4tigkeiten, gleichlautend dem TV-L<\/p>\n<p>Zur Teilnahme an \u00fcberbetrieblichen Ausbildungsma\u00dfnahmen und zum Besuch einer ausw\u00e4rtigen Berufsschule sind die notwendigen Fahrtkosten nach den Regelungen f\u00fcr die unter den TV-Forst fallenden Besch\u00e4ftigten Auszubildenden zu erstatten.<\/p>\n<p>Erh\u00f6hung der Entsch\u00e4digungss\u00e4tze zur Kraftfahrzeug-, Entfernungs- und Transportentsch\u00e4digung zur Mitnahme von Kraftfahrzeuganh\u00e4ngern.<\/p>\n<p><strong><a href=\"http:\/\/forst.igbau.nrw\/wp-content\/uploads\/2024\/01\/TI-TARIFRUNDE-2023-TV-FORST-FORDERUNGEN-MV_25455.pdf\" target=\"_blank\" rel=\"noopener\">Unser Forderungen auf einen Blick finden Sie hier.<\/a><\/strong><\/p>\n<p><a href=\"https:\/\/igbau.de\/Binaries\/Binary15306\/Beitrittserklaerung-2023.pdf\"><img data-recalc-dims=\"1\" fetchpriority=\"high\" decoding=\"async\" data-attachment-id=\"2747\" data-permalink=\"http:\/\/forst.igbau.nrw\/?attachment_id=2747\" data-orig-file=\"https:\/\/i0.wp.com\/forst.igbau.nrw\/wp-content\/uploads\/2024\/01\/Bildschirmfoto-2024-01-25-um-16.43.45.png?fit=2916%2C1658\" data-orig-size=\"2916,1658\" data-comments-opened=\"0\" data-image-meta=\"{&quot;aperture&quot;:&quot;0&quot;,&quot;credit&quot;:&quot;&quot;,&quot;camera&quot;:&quot;&quot;,&quot;caption&quot;:&quot;&quot;,&quot;created_timestamp&quot;:&quot;0&quot;,&quot;copyright&quot;:&quot;&quot;,&quot;focal_length&quot;:&quot;0&quot;,&quot;iso&quot;:&quot;0&quot;,&quot;shutter_speed&quot;:&quot;0&quot;,&quot;title&quot;:&quot;&quot;,&quot;orientation&quot;:&quot;0&quot;}\" data-image-title=\"Bildschirmfoto 2024-01-25 um 16.43.45\" data-image-description=\"\" data-image-caption=\"\" data-large-file=\"https:\/\/i0.wp.com\/forst.igbau.nrw\/wp-content\/uploads\/2024\/01\/Bildschirmfoto-2024-01-25-um-16.43.45.png?fit=640%2C364\" class=\"aligncenter wp-image-2747 size-large\" src=\"https:\/\/i0.wp.com\/forst.igbau.nrw\/wp-content\/uploads\/2024\/01\/Bildschirmfoto-2024-01-25-um-16.43.45.png?resize=640%2C364\" alt=\"\" width=\"640\" height=\"364\" srcset=\"https:\/\/i0.wp.com\/forst.igbau.nrw\/wp-content\/uploads\/2024\/01\/Bildschirmfoto-2024-01-25-um-16.43.45.png?resize=1024%2C582 1024w, https:\/\/i0.wp.com\/forst.igbau.nrw\/wp-content\/uploads\/2024\/01\/Bildschirmfoto-2024-01-25-um-16.43.45.png?resize=300%2C171 300w, https:\/\/i0.wp.com\/forst.igbau.nrw\/wp-content\/uploads\/2024\/01\/Bildschirmfoto-2024-01-25-um-16.43.45.png?resize=768%2C437 768w, https:\/\/i0.wp.com\/forst.igbau.nrw\/wp-content\/uploads\/2024\/01\/Bildschirmfoto-2024-01-25-um-16.43.45.png?resize=1536%2C873 1536w, https:\/\/i0.wp.com\/forst.igbau.nrw\/wp-content\/uploads\/2024\/01\/Bildschirmfoto-2024-01-25-um-16.43.45.png?resize=2048%2C1164 2048w, https:\/\/i0.wp.com\/forst.igbau.nrw\/wp-content\/uploads\/2024\/01\/Bildschirmfoto-2024-01-25-um-16.43.45.png?w=1280 1280w, https:\/\/i0.wp.com\/forst.igbau.nrw\/wp-content\/uploads\/2024\/01\/Bildschirmfoto-2024-01-25-um-16.43.45.png?w=1920 1920w\" sizes=\"(max-width: 640px) 100vw, 640px\" \/><\/a><\/p>\n<p>&nbsp;<\/p>\n","protected":false},"excerpt":{"rendered":"<p>Zus\u00e4tzlich erwarten wir von den Arbeitgebern: Die Anpassung der Arbeitszeit im Tarifgebiet Ost an die Arbeitszeit im Tarifgebiet West sowie die \u00dcbertragung<\/p>\n<p class=\"link-more\"><a class=\"myButt \" href=\"http:\/\/forst.igbau.nrw\/?p=2741\">Weitere Infos &#8230;<\/a><\/p>\n","protected":false},"author":2,"featured_media":2742,"comment_status":"closed","ping_status":"open","sticky":false,"template":"","format":"standard","meta":{"ngg_post_thumbnail":0,"jetpack_post_was_ever_published":false,"_jetpack_newsletter_access":"","_jetpack_dont_email_post_to_subs":false,"_jetpack_newsletter_tier_id":0,"_jetpack_memberships_contains_paywalled_content":false,"_jetpack_memberships_contains_paid_content":false,"footnotes":"","jetpack_publicize_message":"","jetpack_publicize_feature_enabled":true,"jetpack_social_post_already_shared":true,"jetpack_social_options":{"image_generator_settings":{"template":"highway","default_image_id":0,"font":"","enabled":false},"version":2}},"categories":[5],"tags":[],"class_list":["post-2741","post","type-post","status-publish","format-standard","has-post-thumbnail","hentry","category-forstwirtschaft"],"jetpack_publicize_connections":[],"jetpack_featured_media_url":"http:\/\/forst.igbau.nrw\/wp-content\/uploads\/2024\/01\/Tarifrunde-2023-Laender-Tarifeinigung-vom-09_12_2023-final-pdf.jpg","jetpack_sharing_enabled":true,"jetpack_shortlink":"https:\/\/wp.me\/p8x7f7-Id","jetpack-related-posts":[],"_links":{"self":[{"href":"http:\/\/forst.igbau.nrw\/index.php?rest_route=\/wp\/v2\/posts\/2741","targetHints":{"allow":["GET"]}}],"collection":[{"href":"http:\/\/forst.igbau.nrw\/index.php?rest_route=\/wp\/v2\/posts"}],"about":[{"href":"http:\/\/forst.igbau.nrw\/index.php?rest_route=\/wp\/v2\/types\/post"}],"author":[{"embeddable":true,"href":"http:\/\/forst.igbau.nrw\/index.php?rest_route=\/wp\/v2\/users\/2"}],"replies":[{"embeddable":true,"href":"http:\/\/forst.igbau.nrw\/index.php?rest_route=%2Fwp%2Fv2%2Fcomments&post=2741"}],"version-history":[{"count":4,"href":"http:\/\/forst.igbau.nrw\/index.php?rest_route=\/wp\/v2\/posts\/2741\/revisions"}],"predecessor-version":[{"id":2748,"href":"http:\/\/forst.igbau.nrw\/index.php?rest_route=\/wp\/v2\/posts\/2741\/revisions\/2748"}],"wp:featuredmedia":[{"embeddable":true,"href":"http:\/\/forst.igbau.nrw\/index.php?rest_route=\/wp\/v2\/media\/2742"}],"wp:attachment":[{"href":"http:\/\/forst.igbau.nrw\/index.php?rest_route=%2Fwp%2Fv2%2Fmedia&parent=2741"}],"wp:term":[{"taxonomy":"category","embeddable":true,"href":"http:\/\/forst.igbau.nrw\/index.php?rest_route=%2Fwp%2Fv2%2Fcategories&post=2741"},{"taxonomy":"post_tag","embeddable":true,"href":"http:\/\/forst.igbau.nrw\/index.php?rest_route=%2Fwp%2Fv2%2Ftags&post=2741"}],"curies":[{"name":"wp","href":"https:\/\/api.w.org\/{rel}","templated":true}]}}