{"id":2763,"date":"2024-03-01T09:14:28","date_gmt":"2024-03-01T09:14:28","guid":{"rendered":"http:\/\/forst.igbau.nrw\/?p=2763"},"modified":"2024-03-01T09:28:33","modified_gmt":"2024-03-01T09:28:33","slug":"tarif-tv-l-fortst-2024","status":"publish","type":"post","link":"http:\/\/forst.igbau.nrw\/?p=2763","title":{"rendered":"Tarif TV-L Forst 2024"},"content":{"rendered":"<p>Pressetext der IGBAU,<\/p>\n<p>&#8222;Am 20. Februar 2024 hat sich die IG BAU in der zweiten Verhandlungsrunde mit der Tarifgemeinschaft deutscher L\u00e4nder (TdL) darauf verst\u00e4ndigt, zun\u00e4chst den Inflationsausgleich und die Erh\u00f6hung der Tabellenentgelte auf die TV-Forst-Besch\u00e4ftigten zu \u00fcbertragen. Des Weiteren werden die \u00dcbernahmeregelungen f\u00fcr Auszubildende \u00fcbernommen und die Entgeltumwandlung zum Leasing eines Fahrrads erm\u00f6glicht. Zur Forstzulage, Entgeltordnung Forst, pers\u00f6nlichen Zulage f\u00fcr vor\u00fcbergehend h\u00f6herwertige T\u00e4tigkeiten sowie zum Vorarbeiterzuschlag soll es ein Attraktivit\u00e4tspaket geben. Die Verhandlungen werden am 8. und 9. April 2024 fortgesetzt.&#8220;<\/p>\n<p><a href=\"https:\/\/igbau.de\/Binaries\/Binary19865\/TI-Tarifrunde-2023-TV-Forst-zweite-Verhandlungsrunde-MV.pdf\" target=\"_blank\" rel=\"noopener\"><img data-recalc-dims=\"1\" fetchpriority=\"high\" decoding=\"async\" data-attachment-id=\"2764\" data-permalink=\"http:\/\/forst.igbau.nrw\/?attachment_id=2764\" data-orig-file=\"https:\/\/i0.wp.com\/forst.igbau.nrw\/wp-content\/uploads\/2024\/03\/iScreen-Shoter-Safari-240301101048.jpg?fit=1504%2C2105\" data-orig-size=\"1504,2105\" data-comments-opened=\"0\" data-image-meta=\"{&quot;aperture&quot;:&quot;0&quot;,&quot;credit&quot;:&quot;&quot;,&quot;camera&quot;:&quot;&quot;,&quot;caption&quot;:&quot;&quot;,&quot;created_timestamp&quot;:&quot;0&quot;,&quot;copyright&quot;:&quot;&quot;,&quot;focal_length&quot;:&quot;0&quot;,&quot;iso&quot;:&quot;0&quot;,&quot;shutter_speed&quot;:&quot;0&quot;,&quot;title&quot;:&quot;&quot;,&quot;orientation&quot;:&quot;0&quot;}\" data-image-title=\"iScreen Shoter &amp;#8211; Safari &amp;#8211; 240301101048\" data-image-description=\"\" data-image-caption=\"\" data-large-file=\"https:\/\/i0.wp.com\/forst.igbau.nrw\/wp-content\/uploads\/2024\/03\/iScreen-Shoter-Safari-240301101048.jpg?fit=640%2C895\" class=\"aligncenter wp-image-2764 size-large\" src=\"https:\/\/i0.wp.com\/forst.igbau.nrw\/wp-content\/uploads\/2024\/03\/iScreen-Shoter-Safari-240301101048.jpg?resize=640%2C895\" alt=\"\" width=\"640\" height=\"895\" srcset=\"https:\/\/i0.wp.com\/forst.igbau.nrw\/wp-content\/uploads\/2024\/03\/iScreen-Shoter-Safari-240301101048.jpg?resize=732%2C1024 732w, https:\/\/i0.wp.com\/forst.igbau.nrw\/wp-content\/uploads\/2024\/03\/iScreen-Shoter-Safari-240301101048.jpg?resize=214%2C300 214w, https:\/\/i0.wp.com\/forst.igbau.nrw\/wp-content\/uploads\/2024\/03\/iScreen-Shoter-Safari-240301101048.jpg?resize=768%2C1075 768w, https:\/\/i0.wp.com\/forst.igbau.nrw\/wp-content\/uploads\/2024\/03\/iScreen-Shoter-Safari-240301101048.jpg?resize=1097%2C1536 1097w, https:\/\/i0.wp.com\/forst.igbau.nrw\/wp-content\/uploads\/2024\/03\/iScreen-Shoter-Safari-240301101048.jpg?resize=1463%2C2048 1463w, https:\/\/i0.wp.com\/forst.igbau.nrw\/wp-content\/uploads\/2024\/03\/iScreen-Shoter-Safari-240301101048.jpg?w=1504 1504w, https:\/\/i0.wp.com\/forst.igbau.nrw\/wp-content\/uploads\/2024\/03\/iScreen-Shoter-Safari-240301101048.jpg?w=1280 1280w\" sizes=\"(max-width: 640px) 100vw, 640px\" \/><\/a><\/p>\n","protected":false},"excerpt":{"rendered":"<p>Pressetext der IGBAU, &#8222;Am 20. Februar 2024 hat sich die IG BAU in der zweiten Verhandlungsrunde mit der Tarifgemeinschaft deutscher L\u00e4nder (TdL)<\/p>\n<p class=\"link-more\"><a class=\"myButt \" href=\"http:\/\/forst.igbau.nrw\/?p=2763\">Weitere Infos &#8230;<\/a><\/p>\n","protected":false},"author":1,"featured_media":2747,"comment_status":"closed","ping_status":"open","sticky":false,"template":"","format":"standard","meta":{"ngg_post_thumbnail":0,"jetpack_post_was_ever_published":false,"_jetpack_newsletter_access":"","_jetpack_dont_email_post_to_subs":false,"_jetpack_newsletter_tier_id":0,"_jetpack_memberships_contains_paywalled_content":false,"_jetpack_memberships_contains_paid_content":false,"footnotes":"","jetpack_publicize_message":"","jetpack_publicize_feature_enabled":true,"jetpack_social_post_already_shared":true,"jetpack_social_options":{"image_generator_settings":{"template":"highway","default_image_id":0,"font":"","enabled":false},"version":2}},"categories":[21,8,43],"tags":[],"class_list":["post-2763","post","type-post","status-publish","format-standard","has-post-thumbnail","hentry","category-dgb-gewerkschaften","category-ig-bau","category-tarif"],"jetpack_publicize_connections":[],"jetpack_featured_media_url":"https:\/\/i0.wp.com\/forst.igbau.nrw\/wp-content\/uploads\/2024\/01\/Bildschirmfoto-2024-01-25-um-16.43.45.png?fit=2916%2C1658","jetpack_sharing_enabled":true,"jetpack_shortlink":"https:\/\/wp.me\/p8x7f7-Iz","jetpack-related-posts":[],"_links":{"self":[{"href":"http:\/\/forst.igbau.nrw\/index.php?rest_route=\/wp\/v2\/posts\/2763","targetHints":{"allow":["GET"]}}],"collection":[{"href":"http:\/\/forst.igbau.nrw\/index.php?rest_route=\/wp\/v2\/posts"}],"about":[{"href":"http:\/\/forst.igbau.nrw\/index.php?rest_route=\/wp\/v2\/types\/post"}],"author":[{"embeddable":true,"href":"http:\/\/forst.igbau.nrw\/index.php?rest_route=\/wp\/v2\/users\/1"}],"replies":[{"embeddable":true,"href":"http:\/\/forst.igbau.nrw\/index.php?rest_route=%2Fwp%2Fv2%2Fcomments&post=2763"}],"version-history":[{"count":2,"href":"http:\/\/forst.igbau.nrw\/index.php?rest_route=\/wp\/v2\/posts\/2763\/revisions"}],"predecessor-version":[{"id":2766,"href":"http:\/\/forst.igbau.nrw\/index.php?rest_route=\/wp\/v2\/posts\/2763\/revisions\/2766"}],"wp:featuredmedia":[{"embeddable":true,"href":"http:\/\/forst.igbau.nrw\/index.php?rest_route=\/wp\/v2\/media\/2747"}],"wp:attachment":[{"href":"http:\/\/forst.igbau.nrw\/index.php?rest_route=%2Fwp%2Fv2%2Fmedia&parent=2763"}],"wp:term":[{"taxonomy":"category","embeddable":true,"href":"http:\/\/forst.igbau.nrw\/index.php?rest_route=%2Fwp%2Fv2%2Fcategories&post=2763"},{"taxonomy":"post_tag","embeddable":true,"href":"http:\/\/forst.igbau.nrw\/index.php?rest_route=%2Fwp%2Fv2%2Ftags&post=2763"}],"curies":[{"name":"wp","href":"https:\/\/api.w.org\/{rel}","templated":true}]}}