{"id":2782,"date":"2024-04-03T11:34:22","date_gmt":"2024-04-03T11:34:22","guid":{"rendered":"http:\/\/forst.igbau.nrw\/?p=2782"},"modified":"2024-04-15T16:15:20","modified_gmt":"2024-04-15T16:15:20","slug":"eine-fuer-alle-igbau-forst","status":"publish","type":"post","link":"http:\/\/forst.igbau.nrw\/?p=2782","title":{"rendered":"\u201eEine f\u00fcr Alle \u2013 IGBAU Forst\u201c"},"content":{"rendered":"<p>Im Juni wird gew\u00e4hlt, nur wer w\u00e4hlt kann auch mitgestalten!<\/p>\n<p><strong>\u201eEine f\u00fcr Alle \u2013 IGBAU Forst\u201c<\/strong><\/p>\n<p>So wollen wir es angehen!<\/p>\n<p>Im Landesbetrieb wird sich in den n\u00e4chsten Jahren viel ver\u00e4ndern. Der \u00f6ffentliche und interne Ver\u00e4nderungsdruck durch riesige Kahlfl\u00e4chen im Wald und sich stetig versch\u00e4rfende rechtliche Rahmenbedingungen ist hoch. Der Personalmangel auch im Wald sorgt f\u00fcr zus\u00e4tzliche Belastungen f\u00fcr alle Kolleginnen und Kollegen.<\/p>\n<p>Egal in welchem Bereich im Landesbetrieb der eigene Arbeitsplatz gerade ist, es wird nicht einfacher werden!<\/p>\n<p><a href=\"https:\/\/i0.wp.com\/forst.igbau.nrw\/wp-content\/uploads\/2024\/04\/Tarif_2024_IGBAU.png\"><img data-recalc-dims=\"1\" fetchpriority=\"high\" decoding=\"async\" data-attachment-id=\"2810\" data-permalink=\"http:\/\/forst.igbau.nrw\/?attachment_id=2810\" data-orig-file=\"https:\/\/i0.wp.com\/forst.igbau.nrw\/wp-content\/uploads\/2024\/04\/Tarif_2024_IGBAU.png?fit=1197%2C888\" data-orig-size=\"1197,888\" data-comments-opened=\"0\" data-image-meta=\"{&quot;aperture&quot;:&quot;0&quot;,&quot;credit&quot;:&quot;&quot;,&quot;camera&quot;:&quot;&quot;,&quot;caption&quot;:&quot;&quot;,&quot;created_timestamp&quot;:&quot;0&quot;,&quot;copyright&quot;:&quot;&quot;,&quot;focal_length&quot;:&quot;0&quot;,&quot;iso&quot;:&quot;0&quot;,&quot;shutter_speed&quot;:&quot;0&quot;,&quot;title&quot;:&quot;&quot;,&quot;orientation&quot;:&quot;0&quot;}\" data-image-title=\"Tarif_2024_IGBAU\" data-image-description=\"\" data-image-caption=\"\" data-large-file=\"https:\/\/i0.wp.com\/forst.igbau.nrw\/wp-content\/uploads\/2024\/04\/Tarif_2024_IGBAU.png?fit=640%2C475\" class=\"aligncenter wp-image-2810 size-full\" src=\"https:\/\/i0.wp.com\/forst.igbau.nrw\/wp-content\/uploads\/2024\/04\/Tarif_2024_IGBAU.png?resize=640%2C475\" alt=\"\" width=\"640\" height=\"475\" srcset=\"https:\/\/i0.wp.com\/forst.igbau.nrw\/wp-content\/uploads\/2024\/04\/Tarif_2024_IGBAU.png?w=1197 1197w, https:\/\/i0.wp.com\/forst.igbau.nrw\/wp-content\/uploads\/2024\/04\/Tarif_2024_IGBAU.png?resize=300%2C223 300w, https:\/\/i0.wp.com\/forst.igbau.nrw\/wp-content\/uploads\/2024\/04\/Tarif_2024_IGBAU.png?resize=1024%2C760 1024w, https:\/\/i0.wp.com\/forst.igbau.nrw\/wp-content\/uploads\/2024\/04\/Tarif_2024_IGBAU.png?resize=768%2C570 768w\" sizes=\"(max-width: 640px) 100vw, 640px\" \/><\/a><\/p>\n<p>Das macht es umso wichtiger, eine breit aufgestellte und kompetente Personalvertretung zu haben. Das k\u00f6nnen wir mit unseren Kandidatinnen und Kandidaten bieten. Wir haben aus allen Bereichen unseres Betriebes Menschen gefunden, die sich engagieren m\u00f6chten und k\u00f6nnen. Damit sind wir in der Lage, entstandene Schwierigkeiten besser zu verstehen und L\u00f6sungsm\u00f6glichkeiten auf breiter Basis vorzuschlagen.<\/p>\n<p>Der Personalrat mit seinen M\u00f6glichkeiten der:<\/p>\n<p><strong>Mitbestimmung<\/strong><br \/>\nNur wenn der Personalrat zustimmt, kann eine vom Betrieb geplante Ma\u00dfnahme umgesetzt werden. Es ist das st\u00e4rkste Mittel f\u00fcr uns als Personalvertreter und kommt oft dann zum Tragen, wenn es direkt um Kolleginnen und Kollegen geht.<\/p>\n<p><strong>Mitwirkung<\/strong><br \/>\nIn der Mitwirkung befindet sich der Personalrat beispielsweise, wenn es um Stellenausschreibungen oder organisatorischen Ma\u00dfnahmen geht. Es ist gegen\u00fcber der Mitbestimmung das schw\u00e4chere Mittel zur Beteiligung an Entscheidungen. Trotzdem kann sich der Personalrat bei anstehenden Ver\u00e4nderungen im Betrieb einbringen und f\u00fcr uns als Besch\u00e4ftigte positiv wirken.<\/p>\n<p><strong>Anh\u00f6rung<\/strong><br \/>\nAnh\u00f6rung bedeutet, der Personalrat hat das Recht zur Stellungnahme. Das ist zum Beispiel dann der Fall, wenn es um l\u00e4ngerfristige Planungen und strategische Entscheidungen geht, die gro\u00dfe Bedeutung auf Arbeitsbedingungen f\u00fcr die Besch\u00e4ftigten haben und bietet dazu die Plattform um an der betrieblichen Entwicklung teilzuhaben.<\/p>\n<p style=\"text-align: center;\">&nbsp;<\/p>\n<p><a href=\"https:\/\/i0.wp.com\/forst.igbau.nrw\/wp-content\/uploads\/2024\/04\/Beamte_2024_IGBAU.png\"><img data-recalc-dims=\"1\" decoding=\"async\" data-attachment-id=\"2811\" data-permalink=\"http:\/\/forst.igbau.nrw\/?attachment_id=2811\" data-orig-file=\"https:\/\/i0.wp.com\/forst.igbau.nrw\/wp-content\/uploads\/2024\/04\/Beamte_2024_IGBAU.png?fit=1196%2C885\" data-orig-size=\"1196,885\" data-comments-opened=\"0\" data-image-meta=\"{&quot;aperture&quot;:&quot;0&quot;,&quot;credit&quot;:&quot;&quot;,&quot;camera&quot;:&quot;&quot;,&quot;caption&quot;:&quot;&quot;,&quot;created_timestamp&quot;:&quot;0&quot;,&quot;copyright&quot;:&quot;&quot;,&quot;focal_length&quot;:&quot;0&quot;,&quot;iso&quot;:&quot;0&quot;,&quot;shutter_speed&quot;:&quot;0&quot;,&quot;title&quot;:&quot;&quot;,&quot;orientation&quot;:&quot;0&quot;}\" data-image-title=\"Beamte_2024_IGBAU\" data-image-description=\"\" data-image-caption=\"\" data-large-file=\"https:\/\/i0.wp.com\/forst.igbau.nrw\/wp-content\/uploads\/2024\/04\/Beamte_2024_IGBAU.png?fit=640%2C474\" class=\"wp-image-2811 size-full aligncenter\" src=\"https:\/\/i0.wp.com\/forst.igbau.nrw\/wp-content\/uploads\/2024\/04\/Beamte_2024_IGBAU.png?resize=640%2C474\" alt=\"\" width=\"640\" height=\"474\" srcset=\"https:\/\/i0.wp.com\/forst.igbau.nrw\/wp-content\/uploads\/2024\/04\/Beamte_2024_IGBAU.png?w=1196 1196w, https:\/\/i0.wp.com\/forst.igbau.nrw\/wp-content\/uploads\/2024\/04\/Beamte_2024_IGBAU.png?resize=300%2C222 300w, https:\/\/i0.wp.com\/forst.igbau.nrw\/wp-content\/uploads\/2024\/04\/Beamte_2024_IGBAU.png?resize=1024%2C758 1024w, https:\/\/i0.wp.com\/forst.igbau.nrw\/wp-content\/uploads\/2024\/04\/Beamte_2024_IGBAU.png?resize=768%2C568 768w\" sizes=\"(max-width: 640px) 100vw, 640px\" \/><\/a><\/p>\n<p>Der Personalrat dient dazu, alle in unserem Betrieb arbeitenden Besch\u00e4ftigten eine Stimme zu geben und diese gegen\u00fcber dem Arbeitgeber zu Geh\u00f6r zu bringen. Wir wollen streitbar sein, wenn es sein muss, aber auch konstruktiv mitgestalten, wo es m\u00f6glich ist.<\/p>\n<p style=\"text-align: center;\"><strong>Wir als IGBAU sind kein Berufsverband f\u00fcr bestimmte Gruppen, sondern die Gewerkschaft f\u00fcr alle Menschen in unserem Betrieb.<\/strong><\/p>\n<p>In der letzten Zeit wurden durch die IGBAU Kolleginnen und Kollegen in NRW vor allem folgende gerade f\u00fcr den Landesbetrieb wichtigen Themen vorangebracht:<\/p>\n<ul>\n<li>Die IGBAU Umfrage zur Gestellung der Motors\u00e4gen mit einer eindeutigen Pr\u00e4ferenz der Teilnehmenden f\u00fcr eine zuk\u00fcnftige Gestellung durch den Landesbetrieb, wurde so auch in der Personalvertretung \u00fcbernommen.<\/li>\n<li>Anschreiben an Minister Krischer zur Umsetzung der Job Bike Option.<\/li>\n<li>Aktive Teilnahme an den Tarifstreiks in D\u00fcsseldorf.<\/li>\n<li>Tarifinformationen an die Besch\u00e4ftigten bei Wald und Holz NRW aus den Infos der Bundestarifkommission.<\/li>\n<li>Mitwirkung&nbsp; an der Umfrage <a href=\"http:\/\/forst.igbau.nrw\/wp-content\/uploads\/2024\/04\/VLF_Broschuere_WaldentwicklungFacharbeit_web2024_small.pdf\" target=\"_blank\" rel=\"noopener\">&#8222;Waldentwicklung braucht Fachleute&#8220;<\/a><\/li>\n<\/ul>\n<p>&nbsp;&nbsp;<\/p>\n","protected":false},"excerpt":{"rendered":"<p>Im Juni wird gew\u00e4hlt, nur wer w\u00e4hlt kann auch mitgestalten! \u201eEine f\u00fcr Alle \u2013 IGBAU Forst\u201c So wollen wir es angehen! Im<\/p>\n<p class=\"link-more\"><a class=\"myButt \" href=\"http:\/\/forst.igbau.nrw\/?p=2782\">Weitere Infos &#8230;<\/a><\/p>\n","protected":false},"author":1,"featured_media":2783,"comment_status":"closed","ping_status":"open","sticky":false,"template":"","format":"standard","meta":{"ngg_post_thumbnail":0,"jetpack_post_was_ever_published":false,"_jetpack_newsletter_access":"","_jetpack_dont_email_post_to_subs":false,"_jetpack_newsletter_tier_id":0,"_jetpack_memberships_contains_paywalled_content":false,"_jetpack_memberships_contains_paid_content":false,"footnotes":"","jetpack_publicize_message":"","jetpack_publicize_feature_enabled":true,"jetpack_social_post_already_shared":true,"jetpack_social_options":{"image_generator_settings":{"template":"highway","default_image_id":0,"font":"","enabled":false},"version":2}},"categories":[8,20],"tags":[],"class_list":["post-2782","post","type-post","status-publish","format-standard","has-post-thumbnail","hentry","category-ig-bau","category-landesbetrieb-wald-und-holz"],"jetpack_publicize_connections":[],"jetpack_featured_media_url":"https:\/\/i0.wp.com\/forst.igbau.nrw\/wp-content\/uploads\/2024\/04\/Wahl_PR_WuH_Tarif_2024.jpg?fit=2338%2C1653","jetpack_sharing_enabled":true,"jetpack_shortlink":"https:\/\/wp.me\/p8x7f7-IS","jetpack-related-posts":[],"_links":{"self":[{"href":"http:\/\/forst.igbau.nrw\/index.php?rest_route=\/wp\/v2\/posts\/2782","targetHints":{"allow":["GET"]}}],"collection":[{"href":"http:\/\/forst.igbau.nrw\/index.php?rest_route=\/wp\/v2\/posts"}],"about":[{"href":"http:\/\/forst.igbau.nrw\/index.php?rest_route=\/wp\/v2\/types\/post"}],"author":[{"embeddable":true,"href":"http:\/\/forst.igbau.nrw\/index.php?rest_route=\/wp\/v2\/users\/1"}],"replies":[{"embeddable":true,"href":"http:\/\/forst.igbau.nrw\/index.php?rest_route=%2Fwp%2Fv2%2Fcomments&post=2782"}],"version-history":[{"count":7,"href":"http:\/\/forst.igbau.nrw\/index.php?rest_route=\/wp\/v2\/posts\/2782\/revisions"}],"predecessor-version":[{"id":2814,"href":"http:\/\/forst.igbau.nrw\/index.php?rest_route=\/wp\/v2\/posts\/2782\/revisions\/2814"}],"wp:featuredmedia":[{"embeddable":true,"href":"http:\/\/forst.igbau.nrw\/index.php?rest_route=\/wp\/v2\/media\/2783"}],"wp:attachment":[{"href":"http:\/\/forst.igbau.nrw\/index.php?rest_route=%2Fwp%2Fv2%2Fmedia&parent=2782"}],"wp:term":[{"taxonomy":"category","embeddable":true,"href":"http:\/\/forst.igbau.nrw\/index.php?rest_route=%2Fwp%2Fv2%2Fcategories&post=2782"},{"taxonomy":"post_tag","embeddable":true,"href":"http:\/\/forst.igbau.nrw\/index.php?rest_route=%2Fwp%2Fv2%2Ftags&post=2782"}],"curies":[{"name":"wp","href":"https:\/\/api.w.org\/{rel}","templated":true}]}}