{"id":2786,"date":"2024-03-15T13:01:26","date_gmt":"2024-03-15T13:01:26","guid":{"rendered":"http:\/\/forst.igbau.nrw\/?p=2786"},"modified":"2024-04-03T13:17:02","modified_gmt":"2024-04-03T13:17:02","slug":"bike-leasing-auch-fuer-beschaeftigte-im-forst-ermoeglichen","status":"publish","type":"post","link":"http:\/\/forst.igbau.nrw\/?p=2786","title":{"rendered":"&#8222;Bike leasing&#8220; auch f\u00fcr Besch\u00e4ftigte im Forst erm\u00f6glichen."},"content":{"rendered":"<p>Die IGBAU Landesvertretung hat Herrn Minister Krischer als zust\u00e4ndigen Minister f\u00fcr Umwelt und Verkehr in einem offenen Brief angeschrieben mit der Bitte diese Option auch f\u00fcr die Besch\u00e4ftigten des Landes zu erm\u00f6glichen.<\/p>\n<p><strong><em>&#8222;Sehr geehrter Herr Minister Krischer,<\/em><\/strong><\/p>\n<div>\n<div><strong><em>die Einigung der Akteure in den Tarifvereinbarungen zum im \u00f6ffentlichen Dienst der L\u00e4nder am 9. Dezember 2023 beinhaltete auch den Punkt \u00fcber eine Verst\u00e4ndigung darauf den Besch\u00e4ftigten der L\u00e4nder im Gleichklang mit der Privatwirtschaft und dem TV-\u00d6D eine Regelung zum Fahrrad-Leasing zu erm\u00f6glichen.<\/em><\/strong><\/div>\n<div>&nbsp;<\/div>\n<div><strong><em>Seitdem diese Vereinbarung im Tarifvertrag ver\u00f6ffentlicht worden ist h\u00e4ufen sich bei unseren Kolleginnen und Kollegen die Nachfragen, ab wann und wie auch sie dieses Angebotes nutzen k\u00f6nnen.<\/em><\/strong><\/div>\n<div>&nbsp;<\/div>\n<div><strong><em>Unsere Nachfragen \u00fcber die Personalr\u00e4te und Hauptpersonalr\u00e4te in den Dienststellen f\u00fchren immer wieder zur Aussage der Verwaltungen, dass es hier vor einer Umsetzung in den Betrieben und Verwaltungen auf Landesebene eine Freigabe geben muss und das ohne diese Landesl\u00f6sung keine Angebote erarbeitet werden k\u00f6nnen.<\/em><\/strong><\/div>\n<div>&nbsp;<\/div>\n<div><strong><em>Dies trifft auch auf die Besch\u00e4ftigten in Ihrem Zust\u00e4ndigkeitsbereich zu.<\/em><\/strong><\/div>\n<div>&nbsp;<\/div>\n<div><strong><em>Die IGBAU Landesvertretung Forst- und Naturschutz der&nbsp;Beamtinnen\/Beamten&nbsp;und Angestellten in Forst und Naturschutz sowie&nbsp;die Fachgruppe der Forstwirte als Fachgewerkschaft bittet daher stellvertretend Sie als zust\u00e4ndigen Minister f\u00fcr Umwelt und Verkehrsfragen darum hier die f\u00fchrende Rolle zu \u00fcbernehmen.<\/em><\/strong><\/div>\n<div>&nbsp;<\/div>\n<div><strong><em>Wenn nicht in Ihrem Zust\u00e4ndigkeitsbereich, wo sonst w\u00e4re es angezeigt die Initiative aufzunehmen und die sowohl tarifrechtlichen als auch beamtenrechtlichen M\u00f6glichkeiten f\u00fcr einen umweltbewussten Individualverkehr f\u00fcr unsere Kolleginnen und Kollegen auch in Nordrhein-Westfalen umzusetzen.<\/em><\/strong><\/div>\n<div>&nbsp;<\/div>\n<div>\n<div><strong><em>Der IGBAU ist bewusst, dass die Form einer Entgeltumwandlung aus finanzieller Sicht f\u00fcr die Besch\u00e4ftigten nur scheinbar Vorteile f\u00fcr den Arbeitnehmer bringt, die Verluste f\u00fcr die sp\u00e4tere Rente und auch die reduzierten Anspr\u00fcche auf Krankengeld und Arbeitslosenunterst\u00fctzung d\u00fcrfen nicht vernachl\u00e4ssigt werden. &nbsp;Zuz\u00fcglich der Versteuerung des &nbsp;Restwertes beim Abl\u00f6sen der Fahrrades kann dazu f\u00fchrten, dass die Ersparnis am Ende ein Nullsummenspiel ist<\/em><\/strong><\/div>\n<div>&nbsp;<\/div>\n<div><strong><em>Uns geht es an dieser Stelle auch um das Ziel einer m\u00f6glichst gro\u00dfen Anzahl von Besch\u00e4ftigten die diese Option nutzen um umweltbewusst zu Ihrem Arbeitsplatz zu kommen.<\/em><\/strong><\/div>\n<\/div>\n<div>&nbsp;<\/div>\n<div><strong><em>Mit freundlichen Gr\u00fc\u00dfen<\/em><\/strong><\/div>\n<div>&nbsp;<\/div>\n<div><strong><em>Peter Wicke<\/em><\/strong><br \/>\n<strong><em>Landesvorsitzender&#8220;<\/em><\/strong><\/div>\n<\/div>\n<div>&nbsp;<\/div>\n<p>&nbsp;<\/p>\n<p><img data-recalc-dims=\"1\" decoding=\"async\" data-attachment-id=\"1297\" data-permalink=\"http:\/\/forst.igbau.nrw\/?attachment_id=1297\" data-orig-file=\"https:\/\/i0.wp.com\/forst.igbau.nrw\/wp-content\/uploads\/2019\/08\/IG_BAU-Logo_150_150_.jpg?fit=150%2C150\" data-orig-size=\"150,150\" data-comments-opened=\"1\" data-image-meta=\"{&quot;aperture&quot;:&quot;0&quot;,&quot;credit&quot;:&quot;&quot;,&quot;camera&quot;:&quot;&quot;,&quot;caption&quot;:&quot;&quot;,&quot;created_timestamp&quot;:&quot;0&quot;,&quot;copyright&quot;:&quot;&quot;,&quot;focal_length&quot;:&quot;0&quot;,&quot;iso&quot;:&quot;0&quot;,&quot;shutter_speed&quot;:&quot;0&quot;,&quot;title&quot;:&quot;&quot;,&quot;orientation&quot;:&quot;1&quot;}\" data-image-title=\"IG_BAU-Logo_150_150_\" data-image-description=\"\" data-image-caption=\"\" data-large-file=\"https:\/\/i0.wp.com\/forst.igbau.nrw\/wp-content\/uploads\/2019\/08\/IG_BAU-Logo_150_150_.jpg?fit=150%2C150\" class=\"size-full wp-image-1297 aligncenter\" src=\"https:\/\/i0.wp.com\/forst.igbau.nrw\/wp-content\/uploads\/2019\/08\/IG_BAU-Logo_150_150_.jpg?resize=150%2C150\" alt=\"\" width=\"150\" height=\"150\"><\/p>\n","protected":false},"excerpt":{"rendered":"<p>Die IGBAU Landesvertretung hat Herrn Minister Krischer als zust\u00e4ndigen Minister f\u00fcr Umwelt und Verkehr in einem offenen Brief angeschrieben mit der Bitte<\/p>\n<p class=\"link-more\"><a class=\"myButt \" href=\"http:\/\/forst.igbau.nrw\/?p=2786\">Weitere Infos &#8230;<\/a><\/p>\n","protected":false},"author":1,"featured_media":2787,"comment_status":"closed","ping_status":"open","sticky":false,"template":"","format":"standard","meta":{"ngg_post_thumbnail":0,"jetpack_post_was_ever_published":false,"_jetpack_newsletter_access":"","_jetpack_dont_email_post_to_subs":false,"_jetpack_newsletter_tier_id":0,"_jetpack_memberships_contains_paywalled_content":false,"_jetpack_memberships_contains_paid_content":false,"footnotes":"","jetpack_publicize_message":"","jetpack_publicize_feature_enabled":true,"jetpack_social_post_already_shared":true,"jetpack_social_options":{"image_generator_settings":{"template":"highway","default_image_id":0,"font":"","enabled":false},"version":2}},"categories":[8,22,20,9],"tags":[],"class_list":["post-2786","post","type-post","status-publish","format-standard","has-post-thumbnail","hentry","category-ig-bau","category-klimawandel","category-landesbetrieb-wald-und-holz","category-naturschutz"],"jetpack_publicize_connections":[],"jetpack_featured_media_url":"https:\/\/i0.wp.com\/forst.igbau.nrw\/wp-content\/uploads\/2024\/04\/spokes-21207_1920.jpg?fit=1920%2C1272","jetpack_sharing_enabled":true,"jetpack_shortlink":"https:\/\/wp.me\/p8x7f7-IW","jetpack-related-posts":[],"_links":{"self":[{"href":"http:\/\/forst.igbau.nrw\/index.php?rest_route=\/wp\/v2\/posts\/2786","targetHints":{"allow":["GET"]}}],"collection":[{"href":"http:\/\/forst.igbau.nrw\/index.php?rest_route=\/wp\/v2\/posts"}],"about":[{"href":"http:\/\/forst.igbau.nrw\/index.php?rest_route=\/wp\/v2\/types\/post"}],"author":[{"embeddable":true,"href":"http:\/\/forst.igbau.nrw\/index.php?rest_route=\/wp\/v2\/users\/1"}],"replies":[{"embeddable":true,"href":"http:\/\/forst.igbau.nrw\/index.php?rest_route=%2Fwp%2Fv2%2Fcomments&post=2786"}],"version-history":[{"count":2,"href":"http:\/\/forst.igbau.nrw\/index.php?rest_route=\/wp\/v2\/posts\/2786\/revisions"}],"predecessor-version":[{"id":2789,"href":"http:\/\/forst.igbau.nrw\/index.php?rest_route=\/wp\/v2\/posts\/2786\/revisions\/2789"}],"wp:featuredmedia":[{"embeddable":true,"href":"http:\/\/forst.igbau.nrw\/index.php?rest_route=\/wp\/v2\/media\/2787"}],"wp:attachment":[{"href":"http:\/\/forst.igbau.nrw\/index.php?rest_route=%2Fwp%2Fv2%2Fmedia&parent=2786"}],"wp:term":[{"taxonomy":"category","embeddable":true,"href":"http:\/\/forst.igbau.nrw\/index.php?rest_route=%2Fwp%2Fv2%2Fcategories&post=2786"},{"taxonomy":"post_tag","embeddable":true,"href":"http:\/\/forst.igbau.nrw\/index.php?rest_route=%2Fwp%2Fv2%2Ftags&post=2786"}],"curies":[{"name":"wp","href":"https:\/\/api.w.org\/{rel}","templated":true}]}}