{"id":2816,"date":"2024-04-26T06:31:09","date_gmt":"2024-04-26T06:31:09","guid":{"rendered":"http:\/\/forst.igbau.nrw\/?p=2816"},"modified":"2024-04-26T06:31:09","modified_gmt":"2024-04-26T06:31:09","slug":"informationen-aus-der-3-verhandlungsrunde-zum-tv-forst-von-peter-wiese","status":"publish","type":"post","link":"http:\/\/forst.igbau.nrw\/?p=2816","title":{"rendered":"Informationen aus der 3 Verhandlungsrunde zum TV- Forst von Peter Wiese"},"content":{"rendered":"<p>Die Ostertage waren vorbei und es ging mit hoher Motivation in die dritte Verhandlungsrunde zum TV-Forst nach Berlin. Es war klar, dass die Verhandlungen schwierig werden w\u00fcrden. Die IGBAU war mit der ganzen Tarifkommission nach Berlin gereist, um sofort beschlussf\u00e4hig zu sein. Nach den ersten zwei Stunden am Verhandlungstisch wurde aber klar, dass die Differenzen eher noch gr\u00f6\u00dfer wurden als kleiner.<\/p>\n<p>Woran lag es!<br \/>\nDie Bundestarifkommission der IGBAU hatte den Arbeitgebern in der Zeit zwischen der 2.und 3. Verhandlungsrunde ein pr\u00e4zisiertes Papier zu den Verhandlungen und dem sogenannten Attraktivit\u00e4tsangebot zur Verf\u00fcgung gestellt. Dies wurde in den Osterferien durch Sitzungen der Bundestarifkommission erarbeitet. In diesem Text wurde der bisherige Verhandlungsstand aufgegriffen und die Problemzonen aus unserer Sicht verdeutlicht. Dies Papier sorgte f\u00fcr erheblichen Diskussionsbedarf, bei dem deutlich wurde, dass die Vorstellungen noch weit auseinanderlagen. Insbesondere die Forstzulage sorgte f\u00fcr gr\u00f6\u00dfere Diskussionen. Dabei ging es letztlich um die noch fehlenden Bundesl\u00e4nder, aber auch darum, wo mit welchem Zuschlag zuk\u00fcnftig T\u00e4tigkeiten einsortiert werden. Daneben waren auch die Ver\u00e4nderungen in der Entgeltordnung von schwierigen Gegens\u00e4tzen gepr\u00e4gt. Aus diesem Grund kam es trotz intensiven Verhandelns in kleiner Runde zu keiner Einigung. Ebenfalls klar wurde, dass die Finanzminister gegen\u00fcber den Fachministerien die bestimmende Gr\u00f6\u00dfe in den Verhandlungen sind.<\/p>\n<p>&nbsp;<\/p>\n<figure id=\"attachment_2661\" aria-describedby=\"caption-attachment-2661\" style=\"width: 640px\" class=\"wp-caption aligncenter\"><img data-recalc-dims=\"1\" fetchpriority=\"high\" decoding=\"async\" data-attachment-id=\"2661\" data-permalink=\"http:\/\/forst.igbau.nrw\/?attachment_id=2661\" data-orig-file=\"https:\/\/i0.wp.com\/forst.igbau.nrw\/wp-content\/uploads\/2023\/12\/Bildschirmfoto-2023-12-09-um-18.14.59.png?fit=1132%2C638\" data-orig-size=\"1132,638\" data-comments-opened=\"0\" data-image-meta=\"{&quot;aperture&quot;:&quot;0&quot;,&quot;credit&quot;:&quot;&quot;,&quot;camera&quot;:&quot;&quot;,&quot;caption&quot;:&quot;&quot;,&quot;created_timestamp&quot;:&quot;0&quot;,&quot;copyright&quot;:&quot;&quot;,&quot;focal_length&quot;:&quot;0&quot;,&quot;iso&quot;:&quot;0&quot;,&quot;shutter_speed&quot;:&quot;0&quot;,&quot;title&quot;:&quot;&quot;,&quot;orientation&quot;:&quot;0&quot;}\" data-image-title=\"Tarifverhandlung und Neuwahlen 2025\/2026\" data-image-description=\"\" data-image-caption=\"\" data-large-file=\"https:\/\/i0.wp.com\/forst.igbau.nrw\/wp-content\/uploads\/2023\/12\/Bildschirmfoto-2023-12-09-um-18.14.59.png?fit=640%2C361\" class=\"wp-image-2661 size-large\" src=\"https:\/\/i0.wp.com\/forst.igbau.nrw\/wp-content\/uploads\/2023\/12\/Bildschirmfoto-2023-12-09-um-18.14.59.png?resize=640%2C361\" alt=\"\" width=\"640\" height=\"361\" srcset=\"https:\/\/i0.wp.com\/forst.igbau.nrw\/wp-content\/uploads\/2023\/12\/Bildschirmfoto-2023-12-09-um-18.14.59.png?resize=1024%2C577 1024w, https:\/\/i0.wp.com\/forst.igbau.nrw\/wp-content\/uploads\/2023\/12\/Bildschirmfoto-2023-12-09-um-18.14.59.png?resize=300%2C169 300w, https:\/\/i0.wp.com\/forst.igbau.nrw\/wp-content\/uploads\/2023\/12\/Bildschirmfoto-2023-12-09-um-18.14.59.png?resize=768%2C433 768w, https:\/\/i0.wp.com\/forst.igbau.nrw\/wp-content\/uploads\/2023\/12\/Bildschirmfoto-2023-12-09-um-18.14.59.png?w=1132 1132w\" sizes=\"(max-width: 640px) 100vw, 640px\" \/><figcaption id=\"caption-attachment-2661\" class=\"wp-caption-text\">Tarifstreik D\u00fcsseldorf, IGBAU ist mit dabei.<\/figcaption><\/figure>\n<p>Wie geht es weiter?<br \/>\nWir werden in noch einmal verkleinerter Runde am 26.04.2024 in Berlin den bisherigen Verhandlungsstand ein weiteres Mal unter die Lupe nehmen. Dabei werden wir versuchen einen Einigungsvorschlag f\u00fcr die letzte Verhandlungsrunde am 22.05.2024 vorzubereiten. Im Vorfeld wird sich die Bundestarifkommission zu den bisherigen Verhandlungen abstimmen und Grenzlinien entwickeln. Das Ergebnis muss stimmen, eine Einigung zu jedem Preis darf es nicht geben. Attraktivit\u00e4t h\u00f6rt sich gut an, aber muss dann auch in dem Paket drinstecken.<br \/>\nKlar ist aber auch, Bewegung gibt es nicht zum Nulltarif.<br \/>\nDa es aber jetzt nach Jahren des Stillstandes Bewegungsm\u00f6glichkeiten gibt, lohnt es sich durchzuhalten und weiter zu verhandeln!<br \/>\nIch pers\u00f6nlich werde in der kleinen Runde am 26.04.2024 in Berlin dabei sein und unsere Positionen vertreten.<\/p>\n<p>Gru\u00df Peter Wiese<\/p>\n","protected":false},"excerpt":{"rendered":"<p>Die Ostertage waren vorbei und es ging mit hoher Motivation in die dritte Verhandlungsrunde zum TV-Forst nach Berlin. Es war klar, dass<\/p>\n<p class=\"link-more\"><a class=\"myButt \" href=\"http:\/\/forst.igbau.nrw\/?p=2816\">Weitere Infos &#8230;<\/a><\/p>\n","protected":false},"author":1,"featured_media":2777,"comment_status":"closed","ping_status":"open","sticky":false,"template":"","format":"standard","meta":{"ngg_post_thumbnail":0,"jetpack_post_was_ever_published":false,"_jetpack_newsletter_access":"","_jetpack_dont_email_post_to_subs":false,"_jetpack_newsletter_tier_id":0,"_jetpack_memberships_contains_paywalled_content":false,"_jetpack_memberships_contains_paid_content":false,"footnotes":"","jetpack_publicize_message":"","jetpack_publicize_feature_enabled":true,"jetpack_social_post_already_shared":true,"jetpack_social_options":{"image_generator_settings":{"template":"highway","default_image_id":0,"font":"","enabled":false},"version":2}},"categories":[5],"tags":[],"class_list":["post-2816","post","type-post","status-publish","format-standard","has-post-thumbnail","hentry","category-forstwirtschaft"],"jetpack_publicize_connections":[],"jetpack_featured_media_url":"https:\/\/i0.wp.com\/forst.igbau.nrw\/wp-content\/uploads\/2024\/03\/Wiese_Peter-scaled.jpg?fit=2560%2C1920","jetpack_sharing_enabled":true,"jetpack_shortlink":"https:\/\/wp.me\/p8x7f7-Jq","jetpack-related-posts":[],"_links":{"self":[{"href":"http:\/\/forst.igbau.nrw\/index.php?rest_route=\/wp\/v2\/posts\/2816","targetHints":{"allow":["GET"]}}],"collection":[{"href":"http:\/\/forst.igbau.nrw\/index.php?rest_route=\/wp\/v2\/posts"}],"about":[{"href":"http:\/\/forst.igbau.nrw\/index.php?rest_route=\/wp\/v2\/types\/post"}],"author":[{"embeddable":true,"href":"http:\/\/forst.igbau.nrw\/index.php?rest_route=\/wp\/v2\/users\/1"}],"replies":[{"embeddable":true,"href":"http:\/\/forst.igbau.nrw\/index.php?rest_route=%2Fwp%2Fv2%2Fcomments&post=2816"}],"version-history":[{"count":1,"href":"http:\/\/forst.igbau.nrw\/index.php?rest_route=\/wp\/v2\/posts\/2816\/revisions"}],"predecessor-version":[{"id":2817,"href":"http:\/\/forst.igbau.nrw\/index.php?rest_route=\/wp\/v2\/posts\/2816\/revisions\/2817"}],"wp:featuredmedia":[{"embeddable":true,"href":"http:\/\/forst.igbau.nrw\/index.php?rest_route=\/wp\/v2\/media\/2777"}],"wp:attachment":[{"href":"http:\/\/forst.igbau.nrw\/index.php?rest_route=%2Fwp%2Fv2%2Fmedia&parent=2816"}],"wp:term":[{"taxonomy":"category","embeddable":true,"href":"http:\/\/forst.igbau.nrw\/index.php?rest_route=%2Fwp%2Fv2%2Fcategories&post=2816"},{"taxonomy":"post_tag","embeddable":true,"href":"http:\/\/forst.igbau.nrw\/index.php?rest_route=%2Fwp%2Fv2%2Ftags&post=2816"}],"curies":[{"name":"wp","href":"https:\/\/api.w.org\/{rel}","templated":true}]}}