{"id":2818,"date":"2024-04-26T11:16:41","date_gmt":"2024-04-26T11:16:41","guid":{"rendered":"http:\/\/forst.igbau.nrw\/?p=2818"},"modified":"2024-04-26T11:24:18","modified_gmt":"2024-04-26T11:24:18","slug":"nun-auch-fuer-den-hauptpersonalrat-beim-ministerium-fuer-landwirtschaft-und-verbraucherschutz-des-landes-nordrhein-westfalen","status":"publish","type":"post","link":"http:\/\/forst.igbau.nrw\/?p=2818","title":{"rendered":"Nun auch f\u00fcr den Hauptpersonalrat beim Ministerium f\u00fcr Landwirtschaft und Verbraucherschutz des Landes Nordrhein-Westfalen"},"content":{"rendered":"<p>Nachdem nun das Wahlausschreiben durch den Wahlvorstand beim Ministerium f\u00fcr Landwirtschaft und Verbraucherschutz des Landes Nordrhein-Westfalen ver\u00f6ffentlicht wurde stellen wir unsere Kandidatinnen und Kandidaten f\u00fcr die Personalvertretung in D\u00fcsseldorf vor.<\/p>\n<p>Der <b>Hauptpersonalrat<\/b> (oder auch HPR) stellt die oberste Interessenvertretung f\u00fcr Personalangelegenheiten auf Ministerialebene dar. Er ist beim Ministerium f\u00fcr Landwirtschaft und Verbraucherschutz des Landes Nordrhein-Westfalen ( oder auch MLV) angesiedelt und behandelt landesweite Interessen des Personals. Er wird direkt von allen Besch\u00e4ftigten im Gesch\u00e4ftsbereich des MLV gew\u00e4hlt.&nbsp;<\/p>\n<p>Zum Beispiel die aktuellen Entscheidungen rund um den Nationalpark Eifel und die damit verbundenen Folgen f\u00fcr die Besch\u00e4ftigten werden sowohl durch die \u00f6rtlichen Personalr\u00e4te z.B. des Landesbetriebes als auch durch den HPR begleitet.<\/p>\n<p>Die Kandidaten der IGBAU Listen, sowohl f\u00fcr die Tarifbesch\u00e4ftigten als auch f\u00fcr die Gruppe der Beamten wollen sich dieser Aufgabe stellen und die berechtigten Interessen der Besch\u00e4ftigten vertreten.<\/p>\n<p>Unsere Kandidaten und Kandidatinnen stellen wir ihnen mit unseren Flyern kurz vor.<\/p>\n<figure id=\"attachment_2822\" aria-describedby=\"caption-attachment-2822\" style=\"width: 1024px\" class=\"wp-caption alignnone\"><a href=\"https:\/\/i0.wp.com\/forst.igbau.nrw\/wp-content\/uploads\/2024\/04\/Wahl_HPR_MLV_Beamte_2024.001.jpeg\" target=\"_blank\" rel=\"noopener\"><img data-recalc-dims=\"1\" fetchpriority=\"high\" decoding=\"async\" data-attachment-id=\"2822\" data-permalink=\"http:\/\/forst.igbau.nrw\/?attachment_id=2822\" data-orig-file=\"https:\/\/i0.wp.com\/forst.igbau.nrw\/wp-content\/uploads\/2024\/04\/Wahl_HPR_MLV_Beamte_2024.001.jpeg?fit=1024%2C768\" data-orig-size=\"1024,768\" data-comments-opened=\"0\" data-image-meta=\"{&quot;aperture&quot;:&quot;0&quot;,&quot;credit&quot;:&quot;&quot;,&quot;camera&quot;:&quot;&quot;,&quot;caption&quot;:&quot;&quot;,&quot;created_timestamp&quot;:&quot;0&quot;,&quot;copyright&quot;:&quot;&quot;,&quot;focal_length&quot;:&quot;0&quot;,&quot;iso&quot;:&quot;0&quot;,&quot;shutter_speed&quot;:&quot;0&quot;,&quot;title&quot;:&quot;&quot;,&quot;orientation&quot;:&quot;0&quot;}\" data-image-title=\"Wahl_HPR_MLV_Beamte_2024.001\" data-image-description=\"\" data-image-caption=\"\" data-large-file=\"https:\/\/i0.wp.com\/forst.igbau.nrw\/wp-content\/uploads\/2024\/04\/Wahl_HPR_MLV_Beamte_2024.001.jpeg?fit=640%2C480\" class=\"wp-image-2822 size-full\" src=\"https:\/\/i0.wp.com\/forst.igbau.nrw\/wp-content\/uploads\/2024\/04\/Wahl_HPR_MLV_Beamte_2024.001.jpeg?resize=640%2C480\" alt=\"\" width=\"640\" height=\"480\" srcset=\"https:\/\/i0.wp.com\/forst.igbau.nrw\/wp-content\/uploads\/2024\/04\/Wahl_HPR_MLV_Beamte_2024.001.jpeg?w=1024 1024w, https:\/\/i0.wp.com\/forst.igbau.nrw\/wp-content\/uploads\/2024\/04\/Wahl_HPR_MLV_Beamte_2024.001.jpeg?resize=300%2C225 300w, https:\/\/i0.wp.com\/forst.igbau.nrw\/wp-content\/uploads\/2024\/04\/Wahl_HPR_MLV_Beamte_2024.001.jpeg?resize=768%2C576 768w\" sizes=\"(max-width: 640px) 100vw, 640px\" \/><\/a><figcaption id=\"caption-attachment-2822\" class=\"wp-caption-text\">IGBAU Kandidatin und Kandidaten f\u00fcr die Liste der Beamten<\/figcaption><\/figure>\n<p>&nbsp;<\/p>\n<figure id=\"attachment_2823\" aria-describedby=\"caption-attachment-2823\" style=\"width: 1024px\" class=\"wp-caption aligncenter\"><a href=\"http:\/\/forst.igbau.nrw\/wp-content\/uploads\/2024\/04\/Wahl_HPR_MLV_Tarif_2024.pdf\"><img data-recalc-dims=\"1\" decoding=\"async\" data-attachment-id=\"2823\" data-permalink=\"http:\/\/forst.igbau.nrw\/?attachment_id=2823\" data-orig-file=\"https:\/\/i0.wp.com\/forst.igbau.nrw\/wp-content\/uploads\/2024\/04\/Wahl_HPR_MLV_Tarif_2024.001.jpeg?fit=1024%2C768\" data-orig-size=\"1024,768\" data-comments-opened=\"0\" data-image-meta=\"{&quot;aperture&quot;:&quot;0&quot;,&quot;credit&quot;:&quot;&quot;,&quot;camera&quot;:&quot;&quot;,&quot;caption&quot;:&quot;&quot;,&quot;created_timestamp&quot;:&quot;0&quot;,&quot;copyright&quot;:&quot;&quot;,&quot;focal_length&quot;:&quot;0&quot;,&quot;iso&quot;:&quot;0&quot;,&quot;shutter_speed&quot;:&quot;0&quot;,&quot;title&quot;:&quot;&quot;,&quot;orientation&quot;:&quot;0&quot;}\" data-image-title=\"Wahl_HPR_MLV_Tarif_2024.001\" data-image-description=\"\" data-image-caption=\"\" data-large-file=\"https:\/\/i0.wp.com\/forst.igbau.nrw\/wp-content\/uploads\/2024\/04\/Wahl_HPR_MLV_Tarif_2024.001.jpeg?fit=640%2C480\" class=\"wp-image-2823 size-full\" src=\"https:\/\/i0.wp.com\/forst.igbau.nrw\/wp-content\/uploads\/2024\/04\/Wahl_HPR_MLV_Tarif_2024.001.jpeg?resize=640%2C480\" alt=\"\" width=\"640\" height=\"480\" srcset=\"https:\/\/i0.wp.com\/forst.igbau.nrw\/wp-content\/uploads\/2024\/04\/Wahl_HPR_MLV_Tarif_2024.001.jpeg?w=1024 1024w, https:\/\/i0.wp.com\/forst.igbau.nrw\/wp-content\/uploads\/2024\/04\/Wahl_HPR_MLV_Tarif_2024.001.jpeg?resize=300%2C225 300w, https:\/\/i0.wp.com\/forst.igbau.nrw\/wp-content\/uploads\/2024\/04\/Wahl_HPR_MLV_Tarif_2024.001.jpeg?resize=768%2C576 768w\" sizes=\"(max-width: 640px) 100vw, 640px\" \/><\/a><figcaption id=\"caption-attachment-2823\" class=\"wp-caption-text\">Unsere Kandidatinnen und Kandidaten f\u00fcr die Tarifbesch\u00e4ftigten.<\/figcaption><\/figure>\n<p>&nbsp;<\/p>\n<p>&nbsp;<\/p>\n","protected":false},"excerpt":{"rendered":"<p>Nachdem nun das Wahlausschreiben durch den Wahlvorstand beim Ministerium f\u00fcr Landwirtschaft und Verbraucherschutz des Landes Nordrhein-Westfalen ver\u00f6ffentlicht wurde stellen wir unsere Kandidatinnen<\/p>\n<p class=\"link-more\"><a class=\"myButt \" href=\"http:\/\/forst.igbau.nrw\/?p=2818\">Weitere Infos &#8230;<\/a><\/p>\n","protected":false},"author":1,"featured_media":2250,"comment_status":"closed","ping_status":"open","sticky":false,"template":"","format":"standard","meta":{"ngg_post_thumbnail":0,"jetpack_post_was_ever_published":false,"_jetpack_newsletter_access":"","_jetpack_dont_email_post_to_subs":false,"_jetpack_newsletter_tier_id":0,"_jetpack_memberships_contains_paywalled_content":false,"_jetpack_memberships_contains_paid_content":false,"footnotes":"","jetpack_publicize_message":"","jetpack_publicize_feature_enabled":true,"jetpack_social_post_already_shared":true,"jetpack_social_options":{"image_generator_settings":{"template":"highway","default_image_id":0,"font":"","enabled":false},"version":2}},"categories":[5],"tags":[],"class_list":["post-2818","post","type-post","status-publish","format-standard","has-post-thumbnail","hentry","category-forstwirtschaft"],"jetpack_publicize_connections":[],"jetpack_featured_media_url":"https:\/\/i0.wp.com\/forst.igbau.nrw\/wp-content\/uploads\/2021\/10\/Image_Formular_Transparent-e1634220045493.png?fit=340%2C352","jetpack_sharing_enabled":true,"jetpack_shortlink":"https:\/\/wp.me\/p8x7f7-Js","jetpack-related-posts":[],"_links":{"self":[{"href":"http:\/\/forst.igbau.nrw\/index.php?rest_route=\/wp\/v2\/posts\/2818","targetHints":{"allow":["GET"]}}],"collection":[{"href":"http:\/\/forst.igbau.nrw\/index.php?rest_route=\/wp\/v2\/posts"}],"about":[{"href":"http:\/\/forst.igbau.nrw\/index.php?rest_route=\/wp\/v2\/types\/post"}],"author":[{"embeddable":true,"href":"http:\/\/forst.igbau.nrw\/index.php?rest_route=\/wp\/v2\/users\/1"}],"replies":[{"embeddable":true,"href":"http:\/\/forst.igbau.nrw\/index.php?rest_route=%2Fwp%2Fv2%2Fcomments&post=2818"}],"version-history":[{"count":4,"href":"http:\/\/forst.igbau.nrw\/index.php?rest_route=\/wp\/v2\/posts\/2818\/revisions"}],"predecessor-version":[{"id":2826,"href":"http:\/\/forst.igbau.nrw\/index.php?rest_route=\/wp\/v2\/posts\/2818\/revisions\/2826"}],"wp:featuredmedia":[{"embeddable":true,"href":"http:\/\/forst.igbau.nrw\/index.php?rest_route=\/wp\/v2\/media\/2250"}],"wp:attachment":[{"href":"http:\/\/forst.igbau.nrw\/index.php?rest_route=%2Fwp%2Fv2%2Fmedia&parent=2818"}],"wp:term":[{"taxonomy":"category","embeddable":true,"href":"http:\/\/forst.igbau.nrw\/index.php?rest_route=%2Fwp%2Fv2%2Fcategories&post=2818"},{"taxonomy":"post_tag","embeddable":true,"href":"http:\/\/forst.igbau.nrw\/index.php?rest_route=%2Fwp%2Fv2%2Ftags&post=2818"}],"curies":[{"name":"wp","href":"https:\/\/api.w.org\/{rel}","templated":true}]}}