{"id":2829,"date":"2024-05-24T11:25:44","date_gmt":"2024-05-24T11:25:44","guid":{"rendered":"http:\/\/forst.igbau.nrw\/?p=2829"},"modified":"2024-05-24T11:34:34","modified_gmt":"2024-05-24T11:34:34","slug":"endspurt-zur-wahl-des-personalrates-und-des-hauptpersonalrates","status":"publish","type":"post","link":"http:\/\/forst.igbau.nrw\/?p=2829","title":{"rendered":"Endspurt zur Wahl des Personalrates und des Hauptpersonalrates&#8230;&#8230;"},"content":{"rendered":"<p>In den letzten Tagen erreichen die Wahlunterlagen die Besch\u00e4ftigten bei Wald und Holz NRW.&nbsp; Die Kandidatinnen und Kandidaten der IGBAU stehen den W\u00e4hlerinnen und W\u00e4hlern zur Auswahl. Zum ersten Mal hat die IGBAU eine Liste f\u00fcr die Gruppe der Beamten auf der Ebene des Hauptpersonalrates aufgestellt. Die Kandidatinnen und Kandidaten auf dieser Liste sind zu einem \u00fcberwiegenden Teil selbst Tarifbesch\u00e4ftigte, <strong><em>passt das \u00fcberhaupt zusammen<\/em><\/strong>?<\/p>\n<p><strong><em>Kann ein Tarifbesch\u00e4ftigter oder eine Tarifbesch\u00e4ftigte auch f\u00fcr eine andere Besch\u00e4ftigtengruppe eine Option sein ?<\/em><\/strong><\/p>\n<p><strong>Die IGBAU sagt ja &#8230;&#8230;&#8230;..<\/strong><\/p>\n<p>Die IGBAU Bewerber und Bewerberinnen nehmen ihr Ehrenamt unabh\u00e4ngig und motiviert&nbsp; wahr, und sind vor allem und an erster Stelle Kolleginnen und Kollegen aus dem Kreis der Besch\u00e4ftigten. Unabh\u00e4ngig vom eigenen Status vertreten Sie die Interessen und Belange aller Besch\u00e4ftigtengruppen \u00fcbergreifend und ohne Unterschied, daher &#8230;..<\/p>\n<h1 style=\"text-align: center;\"><strong>geben Sie \/ gebt Ihr eure Stimme der Liste der IGBAU.<\/strong><\/h1>\n<p>Unsere Kandidaten f\u00fcr die Wahlen stellen wir Ihnen\/euch hier noch einmal vor.<\/p>\n<figure id=\"attachment_2832\" aria-describedby=\"caption-attachment-2832\" style=\"width: 2560px\" class=\"wp-caption aligncenter\"><a href=\"http:\/\/forst.igbau.nrw\/wp-content\/uploads\/2024\/05\/Wahl_HPR_MLV_Beamte_2024.pdf\"><img data-recalc-dims=\"1\" fetchpriority=\"high\" decoding=\"async\" data-attachment-id=\"2832\" data-permalink=\"http:\/\/forst.igbau.nrw\/?attachment_id=2832\" data-orig-file=\"https:\/\/i0.wp.com\/forst.igbau.nrw\/wp-content\/uploads\/2024\/05\/HPR_2024_Beamte_IGBAU-scaled.jpg?fit=2560%2C1883\" data-orig-size=\"2560,1883\" data-comments-opened=\"0\" data-image-meta=\"{&quot;aperture&quot;:&quot;0&quot;,&quot;credit&quot;:&quot;&quot;,&quot;camera&quot;:&quot;&quot;,&quot;caption&quot;:&quot;&quot;,&quot;created_timestamp&quot;:&quot;0&quot;,&quot;copyright&quot;:&quot;&quot;,&quot;focal_length&quot;:&quot;0&quot;,&quot;iso&quot;:&quot;0&quot;,&quot;shutter_speed&quot;:&quot;0&quot;,&quot;title&quot;:&quot;&quot;,&quot;orientation&quot;:&quot;0&quot;}\" data-image-title=\"HPR_2024_Beamte_IGBAU\" data-image-description=\"\" data-image-caption=\"\" data-large-file=\"https:\/\/i0.wp.com\/forst.igbau.nrw\/wp-content\/uploads\/2024\/05\/HPR_2024_Beamte_IGBAU-scaled.jpg?fit=640%2C471\" class=\"wp-image-2832 size-full\" src=\"https:\/\/i0.wp.com\/forst.igbau.nrw\/wp-content\/uploads\/2024\/05\/HPR_2024_Beamte_IGBAU-scaled.jpg?resize=640%2C471\" alt=\"\" width=\"640\" height=\"471\" srcset=\"https:\/\/i0.wp.com\/forst.igbau.nrw\/wp-content\/uploads\/2024\/05\/HPR_2024_Beamte_IGBAU-scaled.jpg?w=2560 2560w, https:\/\/i0.wp.com\/forst.igbau.nrw\/wp-content\/uploads\/2024\/05\/HPR_2024_Beamte_IGBAU-scaled.jpg?resize=300%2C221 300w, https:\/\/i0.wp.com\/forst.igbau.nrw\/wp-content\/uploads\/2024\/05\/HPR_2024_Beamte_IGBAU-scaled.jpg?resize=1024%2C753 1024w, https:\/\/i0.wp.com\/forst.igbau.nrw\/wp-content\/uploads\/2024\/05\/HPR_2024_Beamte_IGBAU-scaled.jpg?resize=768%2C565 768w, https:\/\/i0.wp.com\/forst.igbau.nrw\/wp-content\/uploads\/2024\/05\/HPR_2024_Beamte_IGBAU-scaled.jpg?resize=1536%2C1130 1536w, https:\/\/i0.wp.com\/forst.igbau.nrw\/wp-content\/uploads\/2024\/05\/HPR_2024_Beamte_IGBAU-scaled.jpg?resize=2048%2C1506 2048w, https:\/\/i0.wp.com\/forst.igbau.nrw\/wp-content\/uploads\/2024\/05\/HPR_2024_Beamte_IGBAU-scaled.jpg?w=1280 1280w, https:\/\/i0.wp.com\/forst.igbau.nrw\/wp-content\/uploads\/2024\/05\/HPR_2024_Beamte_IGBAU-scaled.jpg?w=1920 1920w\" sizes=\"(max-width: 640px) 100vw, 640px\" \/><\/a><figcaption id=\"caption-attachment-2832\" class=\"wp-caption-text\">IGBAU Liste f\u00fcr die Gruppe der Beamten beim Hauptpersonalrat<\/figcaption><\/figure>\n<figure id=\"attachment_2833\" aria-describedby=\"caption-attachment-2833\" style=\"width: 2560px\" class=\"wp-caption alignnone\"><a href=\"http:\/\/forst.igbau.nrw\/wp-content\/uploads\/2024\/05\/Wahl_HPR_MLV_Tarif_2024.pdf\"><img data-recalc-dims=\"1\" decoding=\"async\" data-attachment-id=\"2833\" data-permalink=\"http:\/\/forst.igbau.nrw\/?attachment_id=2833\" data-orig-file=\"https:\/\/i0.wp.com\/forst.igbau.nrw\/wp-content\/uploads\/2024\/05\/HPR_2024_Tarif_IGBAU-scaled.jpg?fit=2560%2C1896\" data-orig-size=\"2560,1896\" data-comments-opened=\"0\" data-image-meta=\"{&quot;aperture&quot;:&quot;0&quot;,&quot;credit&quot;:&quot;&quot;,&quot;camera&quot;:&quot;&quot;,&quot;caption&quot;:&quot;&quot;,&quot;created_timestamp&quot;:&quot;0&quot;,&quot;copyright&quot;:&quot;&quot;,&quot;focal_length&quot;:&quot;0&quot;,&quot;iso&quot;:&quot;0&quot;,&quot;shutter_speed&quot;:&quot;0&quot;,&quot;title&quot;:&quot;&quot;,&quot;orientation&quot;:&quot;0&quot;}\" data-image-title=\"HPR_2024_Tarif_IGBAU\" data-image-description=\"\" data-image-caption=\"\" data-large-file=\"https:\/\/i0.wp.com\/forst.igbau.nrw\/wp-content\/uploads\/2024\/05\/HPR_2024_Tarif_IGBAU-scaled.jpg?fit=640%2C474\" class=\"wp-image-2833 size-full\" src=\"https:\/\/i0.wp.com\/forst.igbau.nrw\/wp-content\/uploads\/2024\/05\/HPR_2024_Tarif_IGBAU-scaled.jpg?resize=640%2C474\" alt=\"\" width=\"640\" height=\"474\" srcset=\"https:\/\/i0.wp.com\/forst.igbau.nrw\/wp-content\/uploads\/2024\/05\/HPR_2024_Tarif_IGBAU-scaled.jpg?w=2560 2560w, https:\/\/i0.wp.com\/forst.igbau.nrw\/wp-content\/uploads\/2024\/05\/HPR_2024_Tarif_IGBAU-scaled.jpg?resize=300%2C222 300w, https:\/\/i0.wp.com\/forst.igbau.nrw\/wp-content\/uploads\/2024\/05\/HPR_2024_Tarif_IGBAU-scaled.jpg?resize=1024%2C759 1024w, https:\/\/i0.wp.com\/forst.igbau.nrw\/wp-content\/uploads\/2024\/05\/HPR_2024_Tarif_IGBAU-scaled.jpg?resize=768%2C569 768w, https:\/\/i0.wp.com\/forst.igbau.nrw\/wp-content\/uploads\/2024\/05\/HPR_2024_Tarif_IGBAU-scaled.jpg?resize=1536%2C1138 1536w, https:\/\/i0.wp.com\/forst.igbau.nrw\/wp-content\/uploads\/2024\/05\/HPR_2024_Tarif_IGBAU-scaled.jpg?resize=2048%2C1517 2048w, https:\/\/i0.wp.com\/forst.igbau.nrw\/wp-content\/uploads\/2024\/05\/HPR_2024_Tarif_IGBAU-scaled.jpg?w=1280 1280w, https:\/\/i0.wp.com\/forst.igbau.nrw\/wp-content\/uploads\/2024\/05\/HPR_2024_Tarif_IGBAU-scaled.jpg?w=1920 1920w\" sizes=\"(max-width: 640px) 100vw, 640px\" \/><\/a><figcaption id=\"caption-attachment-2833\" class=\"wp-caption-text\">Liste der IGBAU f\u00fcr die Tarifbesch\u00e4ftigten beim Hauptpersonalrat<\/figcaption><\/figure>\n","protected":false},"excerpt":{"rendered":"<p>In den letzten Tagen erreichen die Wahlunterlagen die Besch\u00e4ftigten bei Wald und Holz NRW.&nbsp; Die Kandidatinnen und Kandidaten der IGBAU stehen den<\/p>\n<p class=\"link-more\"><a class=\"myButt \" href=\"http:\/\/forst.igbau.nrw\/?p=2829\">Weitere Infos &#8230;<\/a><\/p>\n","protected":false},"author":1,"featured_media":2837,"comment_status":"closed","ping_status":"open","sticky":false,"template":"","format":"standard","meta":{"ngg_post_thumbnail":0,"jetpack_post_was_ever_published":false,"_jetpack_newsletter_access":"","_jetpack_dont_email_post_to_subs":false,"_jetpack_newsletter_tier_id":0,"_jetpack_memberships_contains_paywalled_content":false,"_jetpack_memberships_contains_paid_content":false,"footnotes":"","jetpack_publicize_message":"","jetpack_publicize_feature_enabled":true,"jetpack_social_post_already_shared":true,"jetpack_social_options":{"image_generator_settings":{"template":"highway","default_image_id":0,"font":"","enabled":false},"version":2}},"categories":[5,8],"tags":[],"class_list":["post-2829","post","type-post","status-publish","format-standard","has-post-thumbnail","hentry","category-forstwirtschaft","category-ig-bau"],"jetpack_publicize_connections":[],"jetpack_featured_media_url":"https:\/\/i0.wp.com\/forst.igbau.nrw\/wp-content\/uploads\/2024\/05\/Endspurt_Wahl_2024-scaled.jpg?fit=2560%2C1882","jetpack_sharing_enabled":true,"jetpack_shortlink":"https:\/\/wp.me\/p8x7f7-JD","jetpack-related-posts":[],"_links":{"self":[{"href":"http:\/\/forst.igbau.nrw\/index.php?rest_route=\/wp\/v2\/posts\/2829","targetHints":{"allow":["GET"]}}],"collection":[{"href":"http:\/\/forst.igbau.nrw\/index.php?rest_route=\/wp\/v2\/posts"}],"about":[{"href":"http:\/\/forst.igbau.nrw\/index.php?rest_route=\/wp\/v2\/types\/post"}],"author":[{"embeddable":true,"href":"http:\/\/forst.igbau.nrw\/index.php?rest_route=\/wp\/v2\/users\/1"}],"replies":[{"embeddable":true,"href":"http:\/\/forst.igbau.nrw\/index.php?rest_route=%2Fwp%2Fv2%2Fcomments&post=2829"}],"version-history":[{"count":4,"href":"http:\/\/forst.igbau.nrw\/index.php?rest_route=\/wp\/v2\/posts\/2829\/revisions"}],"predecessor-version":[{"id":2838,"href":"http:\/\/forst.igbau.nrw\/index.php?rest_route=\/wp\/v2\/posts\/2829\/revisions\/2838"}],"wp:featuredmedia":[{"embeddable":true,"href":"http:\/\/forst.igbau.nrw\/index.php?rest_route=\/wp\/v2\/media\/2837"}],"wp:attachment":[{"href":"http:\/\/forst.igbau.nrw\/index.php?rest_route=%2Fwp%2Fv2%2Fmedia&parent=2829"}],"wp:term":[{"taxonomy":"category","embeddable":true,"href":"http:\/\/forst.igbau.nrw\/index.php?rest_route=%2Fwp%2Fv2%2Fcategories&post=2829"},{"taxonomy":"post_tag","embeddable":true,"href":"http:\/\/forst.igbau.nrw\/index.php?rest_route=%2Fwp%2Fv2%2Ftags&post=2829"}],"curies":[{"name":"wp","href":"https:\/\/api.w.org\/{rel}","templated":true}]}}