{"id":2839,"date":"2024-05-27T12:48:22","date_gmt":"2024-05-27T12:48:22","guid":{"rendered":"http:\/\/forst.igbau.nrw\/?p=2839"},"modified":"2024-05-27T12:50:42","modified_gmt":"2024-05-27T12:50:42","slug":"schlussrunde-mit-durchwachsenem-ergebnis-verhandlungen-zum-tv-forst-mit-der-tdl-beendet","status":"publish","type":"post","link":"http:\/\/forst.igbau.nrw\/?p=2839","title":{"rendered":"Schlussrunde mit durchwachsenem Ergebnis! &#8211; Verhandlungen zum TV-Forst mit der TdL beendet!"},"content":{"rendered":"<p>Informationen zu den Verhandlungen zum TV-Forst von Peter Wiese<\/p>\n<p>Am Mittwoch, den 22.05.2024, fand die letzte Verhandlungsrunde zum TV-L-Forst in Berlin statt. Beginnend von halb neun Uhr morgens konnte schlie\u00dflich gegen halb zwei Uhr in der Nacht zum Donnerstag die Unterschriften f\u00fcr ein Verhandlungsergebnis erfolgen. Das Ergebnis aber bleibt hinter den Erwartungen zur\u00fcck, mit denen viele von uns in die Schlussrunde gegangen sind. Auch mir f\u00e4llt es schwer, das Erreichte wertfrei zu betrachten, deshalb im Anschluss eine kleine Betrachtung im Hinblick auf unsere Forderungen und die Ergebnisse.<\/p>\n<figure id=\"attachment_2777\" aria-describedby=\"caption-attachment-2777\" style=\"width: 300px\" class=\"wp-caption alignleft\"><img data-recalc-dims=\"1\" fetchpriority=\"high\" decoding=\"async\" data-attachment-id=\"2777\" data-permalink=\"http:\/\/forst.igbau.nrw\/?attachment_id=2777\" data-orig-file=\"https:\/\/i0.wp.com\/forst.igbau.nrw\/wp-content\/uploads\/2024\/03\/Wiese_Peter-scaled.jpg?fit=2560%2C1920\" data-orig-size=\"2560,1920\" data-comments-opened=\"0\" data-image-meta=\"{&quot;aperture&quot;:&quot;4.5&quot;,&quot;credit&quot;:&quot;&quot;,&quot;camera&quot;:&quot;Canon PowerShot SX20 IS&quot;,&quot;caption&quot;:&quot;&quot;,&quot;created_timestamp&quot;:&quot;1494418763&quot;,&quot;copyright&quot;:&quot;&quot;,&quot;focal_length&quot;:&quot;23.752&quot;,&quot;iso&quot;:&quot;125&quot;,&quot;shutter_speed&quot;:&quot;0.01&quot;,&quot;title&quot;:&quot;&quot;,&quot;orientation&quot;:&quot;1&quot;}\" data-image-title=\"Wiese_Peter\" data-image-description=\"\" data-image-caption=\"\" data-large-file=\"https:\/\/i0.wp.com\/forst.igbau.nrw\/wp-content\/uploads\/2024\/03\/Wiese_Peter-scaled.jpg?fit=640%2C480\" class=\"wp-image-2777 size-medium\" src=\"https:\/\/i0.wp.com\/forst.igbau.nrw\/wp-content\/uploads\/2024\/03\/Wiese_Peter.jpg?resize=300%2C225\" alt=\"\" width=\"300\" height=\"225\" srcset=\"https:\/\/i0.wp.com\/forst.igbau.nrw\/wp-content\/uploads\/2024\/03\/Wiese_Peter-scaled.jpg?resize=300%2C225 300w, https:\/\/i0.wp.com\/forst.igbau.nrw\/wp-content\/uploads\/2024\/03\/Wiese_Peter-scaled.jpg?resize=1024%2C768 1024w, https:\/\/i0.wp.com\/forst.igbau.nrw\/wp-content\/uploads\/2024\/03\/Wiese_Peter-scaled.jpg?resize=768%2C576 768w, https:\/\/i0.wp.com\/forst.igbau.nrw\/wp-content\/uploads\/2024\/03\/Wiese_Peter-scaled.jpg?resize=1536%2C1152 1536w, https:\/\/i0.wp.com\/forst.igbau.nrw\/wp-content\/uploads\/2024\/03\/Wiese_Peter-scaled.jpg?resize=2048%2C1536 2048w, https:\/\/i0.wp.com\/forst.igbau.nrw\/wp-content\/uploads\/2024\/03\/Wiese_Peter-scaled.jpg?w=1280 1280w, https:\/\/i0.wp.com\/forst.igbau.nrw\/wp-content\/uploads\/2024\/03\/Wiese_Peter-scaled.jpg?w=1920 1920w\" sizes=\"(max-width: 300px) 100vw, 300px\" \/><figcaption id=\"caption-attachment-2777\" class=\"wp-caption-text\">Peter Wiese Mitglied der Bundestarifkommission der IGBAU<\/figcaption><\/figure>\n<p>Ein Blick auf die Forderungen, die wir seitens der IGBAU erhoben hatten:<br \/>\nEine Kernforderung dieser Verhandlung war die Angleichung der Arbeitsbedingungen in allen Bundesl\u00e4ndern. An dieser Stelle ist es lediglich gelungen, in Sachsen-Anhalt die neue Form der Forsterschwerniszuschl\u00e4ge einzuf\u00fchren. Immerhin wird der Druck auf die Arbeitgeber auch in den verbliebenen L\u00e4nder Th\u00fcringen und Sachsen steigen, in der n\u00e4chsten Zeit auch noch nachzuziehen. Bei der Arbeitszeit konnten keine Zugest\u00e4ndnisse erreicht werden.<br \/>\nDer Vorarbeiterzuschlag konnte dagegen weiterentwickelt werden und betr\u00e4gt nun 6,25 % der Stufe zwei der jeweiligen pers\u00f6nlichen Entgeltgruppe. Zus\u00e4tzlich wird ein neues T\u00e4tigkeitsprofil eingef\u00fchrt, der sogenannte Arbeitsgruppenleiter, dieser f\u00fchrt eine sich selbst organisierende Arbeitsgruppe von mindestens drei Besch\u00e4ftigten an. F\u00fcr diese T\u00e4tigkeit ist eine schriftliche Bestellung erforderlich, die dann mit einer monatlichen Zulage von 240,12 Euro entlohnt wird.<\/p>\n<p>In der Entgeltordnung sollte ebenfalls Bewegung erreicht werden. An dieser Stelle wurde eine neue Fallgruppe 6 in die Entgeltgruppe 6 eingef\u00fchrt, die es erm\u00f6glichen soll, Besch\u00e4ftigte aus der Entgeltgruppe 5 h\u00f6her eingruppieren zu k\u00f6nnen. Daf\u00fcr m\u00fcssen mehr als 40 % der Arbeitszeit in hochwertigen T\u00e4tigkeiten verbracht werden, die in einer Protokollerkl\u00e4rung beispielhaft beschrieben sind. Das kann ein wirksames Instrument sein, um weiter zu kommen, sofern der Arbeitgeber das auch will. Die Einf\u00fchrung der Entgeltgruppe 9a f\u00fcr Forstwirtschaftsmeister ist leider nur f\u00fcr die Meister an Bildungszentren gelungen, das ist extrem unbefriedigend und entt\u00e4uschend. Trotz erheblichen Verhandlungsdrucks waren die Arbeitgeber an dieser Stelle nicht bereit, mehr Zugest\u00e4ndnisse zu machen, um die Forstbranche und die Ausbildung attraktiver zu gestalten. Insgesamt muss in der Entgeltordnung in den n\u00e4chsten Jahren noch mehr Bewegung entstehen.<\/p>\n<p>Die Einf\u00fchrung einer pers\u00f6nlichen Zulage f\u00fcr vor\u00fcbergehend \u00fcbertragene h\u00f6herwertige T\u00e4tigkeiten konnte erreicht werden. Es wird der Tariftext aus dem TV-L \u00fcbernommen. Das ist ein Erfolg, der in den n\u00e4chsten Jahren noch ausgebaut werden kann.<br \/>\nEine verbesserte Regelung f\u00fcr die Entsch\u00e4digung von Reisen zu \u00fcberbetrieblichen Ausbildungsma\u00dfnahmen konnte ebenfalls in den TVA-Forst eingebaut werden. Hier gibt es eine Protokollerkl\u00e4rung zum \u00a7 10, die an das Landesreisekostengesetz ankn\u00fcpft und damit eine Verbesserung erm\u00f6glicht.<\/p>\n<p>Eine Erh\u00f6hung der Entsch\u00e4digungss\u00e4tze im Bereich der eingesetzten Kraftfahrzeuge konnte nicht erreicht werden.<\/p>\n<p><strong>Das alles nun zu welchem Preis?<\/strong><\/p>\n<p>Die Arbeitgeber bieten diese Entwicklungen in einem sogenannten Attraktivit\u00e4tspaket an, wenn daf\u00fcr die jetzt vorhandene Forstzulage in einen Forsterschwerniszuschlag umgewandelt wird. Dieser soll stundenbasiert nach T\u00e4tigkeiten abgerechnet werden, \u00e4hnlich wie derzeit die Motors\u00e4gen Entsch\u00e4digung. Dazu wurde ein T\u00e4tigkeitskatalog entwickelt, der die k\u00f6rperliche Belastung bei der Arbeit in 2 Zuschlagsstufen unterteilt. Grundgedanke ist, je schwerer die Arbeit, desto h\u00f6her soll der Zuschlag sein. Allerdings wurde ein \u201cDeckel\u201c von 190 Euro eingezogen, \u00fcber den hinaus kein Geld ausgezahlt wird. T\u00e4tigkeiten mit k\u00f6rperlichen Belastungen sollen mit 0,85 Euro (Stufe 1) die Stunde zus\u00e4tzlich entlohnt werden und T\u00e4tigkeiten, die mit L\u00e4rm, Abgasen, Vibrationen oder Gewicht zu tun haben, mit einem zus\u00e4tzlichen Stundenbetrag von 1,36 Euro (Stufe 2). Jetzt wird es schwierig zu beurteilen, wie viel in diesem Mischsystem von Zuschl\u00e4gen im Monat f\u00fcr den einzelnen Besch\u00e4ftigten herauskommt. Es gibt auch T\u00e4tigkeiten, die von einem Zuschlag g\u00e4nzlich ausgenommen sind wie z.B Holzvermessung oder Auszeichnen von Best\u00e4nden. Es kommt also auf die individuellen Arbeitsleistungen im Monat an. Ein erh\u00f6hter Aufwand f\u00fcr den Stundenaufschrieb und die Kontrolle der eigenen Lohnabrechnung ist dadurch erforderlich.<br \/>\nBesitzstandswahrung f\u00fcr derzeitige Besch\u00e4ftigte:<br \/>\nDie Arbeitgeber bieten eine Besitzstandswahrung mit Wechselm\u00f6glichkeit f\u00fcr derzeitig Besch\u00e4ftigte an. Das bedeutet, wer in der alten Forstzulage bleiben will, kann das auch. Mit der Einf\u00fchrung des neuen Forsterschwerniszuschlages zum 1. Juli 2025 wird die alte Forstzulage auf 100 Euro erh\u00f6ht und bleibt als Besitzstandswahrung erhalten. Wer m\u00f6chte, kann auch in das neue System wechseln und verliert dann allerdings seinen Besitzstand an der alten Forstzulage unwiederbringlich.<\/p>\n<p><strong>Was nun?<\/strong><\/p>\n<p>Es gilt nun zu \u00fcberlegen, was wir in Nordrhein-Westfalen mit diesem Ergebnis anfangen. Es wurden einerseits positive Effekte erzielt, aber in Kernbereichen auch nicht die Ziele erreicht, die angestrebt wurden. Insbesondere in der Entgeltordnung w\u00e4re mehr Klarheit und Attraktivit\u00e4t n\u00f6tig, um wirklich positiv gestimmt zu sein. Die erzielten Stundens\u00e4tze bei den Forsterschwerniszuschl\u00e4gen sind ebenso ausbauf\u00e4hig wie die H\u00f6he des Deckels. Auf der anderen Seite wurden T\u00fcren ge\u00f6ffnet und tats\u00e4chliche Verbesserungen erreicht, die bei der Ablehnung der Vereinbarung wieder auf Jahre nach hinten geschoben werden m\u00fcssten. Mit den derzeitigen Stundenbetr\u00e4gen l\u00e4sst sich ein Erschwerniszuschlag im Monat erarbeiten, der wahrscheinlich dauerhaft bei den meisten \u00fcber der derzeitigen Forstzulage liegen wird. Diese Frage kann aber nur jeder f\u00fcr sich beantworten. Wirkliche Attraktivit\u00e4t sieht anders aus, das zumindest haben die Arbeitgeber noch nicht verstanden.<br \/>\nWir werden nun versuchen, einen Meinungsbildungsprozess innerhalb unserer Landesfachgruppe zu starten, damit ich f\u00fcr NRW im Juli in der Bundestarifkommission ein Votum geben kann, das unsere Meinung einbringt.<\/p>\n<p>Gru\u00df<br \/>\nPeter Wiese<\/p>\n","protected":false},"excerpt":{"rendered":"<p>Informationen zu den Verhandlungen zum TV-Forst von Peter Wiese Am Mittwoch, den 22.05.2024, fand die letzte Verhandlungsrunde zum TV-L-Forst in Berlin statt.<\/p>\n<p class=\"link-more\"><a class=\"myButt \" href=\"http:\/\/forst.igbau.nrw\/?p=2839\">Weitere Infos &#8230;<\/a><\/p>\n","protected":false},"author":1,"featured_media":2747,"comment_status":"closed","ping_status":"open","sticky":false,"template":"","format":"standard","meta":{"ngg_post_thumbnail":0,"jetpack_post_was_ever_published":false,"_jetpack_newsletter_access":"","_jetpack_dont_email_post_to_subs":false,"_jetpack_newsletter_tier_id":0,"_jetpack_memberships_contains_paywalled_content":false,"_jetpack_memberships_contains_paid_content":false,"footnotes":"","jetpack_publicize_message":"","jetpack_publicize_feature_enabled":true,"jetpack_social_post_already_shared":true,"jetpack_social_options":{"image_generator_settings":{"template":"highway","default_image_id":0,"font":"","enabled":false},"version":2}},"categories":[21,4,8,43],"tags":[],"class_list":["post-2839","post","type-post","status-publish","format-standard","has-post-thumbnail","hentry","category-dgb-gewerkschaften","category-forstpolitik","category-ig-bau","category-tarif"],"jetpack_publicize_connections":[],"jetpack_featured_media_url":"https:\/\/i0.wp.com\/forst.igbau.nrw\/wp-content\/uploads\/2024\/01\/Bildschirmfoto-2024-01-25-um-16.43.45.png?fit=2916%2C1658","jetpack_sharing_enabled":true,"jetpack_shortlink":"https:\/\/wp.me\/p8x7f7-JN","jetpack-related-posts":[],"_links":{"self":[{"href":"http:\/\/forst.igbau.nrw\/index.php?rest_route=\/wp\/v2\/posts\/2839","targetHints":{"allow":["GET"]}}],"collection":[{"href":"http:\/\/forst.igbau.nrw\/index.php?rest_route=\/wp\/v2\/posts"}],"about":[{"href":"http:\/\/forst.igbau.nrw\/index.php?rest_route=\/wp\/v2\/types\/post"}],"author":[{"embeddable":true,"href":"http:\/\/forst.igbau.nrw\/index.php?rest_route=\/wp\/v2\/users\/1"}],"replies":[{"embeddable":true,"href":"http:\/\/forst.igbau.nrw\/index.php?rest_route=%2Fwp%2Fv2%2Fcomments&post=2839"}],"version-history":[{"count":4,"href":"http:\/\/forst.igbau.nrw\/index.php?rest_route=\/wp\/v2\/posts\/2839\/revisions"}],"predecessor-version":[{"id":2843,"href":"http:\/\/forst.igbau.nrw\/index.php?rest_route=\/wp\/v2\/posts\/2839\/revisions\/2843"}],"wp:featuredmedia":[{"embeddable":true,"href":"http:\/\/forst.igbau.nrw\/index.php?rest_route=\/wp\/v2\/media\/2747"}],"wp:attachment":[{"href":"http:\/\/forst.igbau.nrw\/index.php?rest_route=%2Fwp%2Fv2%2Fmedia&parent=2839"}],"wp:term":[{"taxonomy":"category","embeddable":true,"href":"http:\/\/forst.igbau.nrw\/index.php?rest_route=%2Fwp%2Fv2%2Fcategories&post=2839"},{"taxonomy":"post_tag","embeddable":true,"href":"http:\/\/forst.igbau.nrw\/index.php?rest_route=%2Fwp%2Fv2%2Ftags&post=2839"}],"curies":[{"name":"wp","href":"https:\/\/api.w.org\/{rel}","templated":true}]}}