{"id":2845,"date":"2024-06-13T15:07:23","date_gmt":"2024-06-13T15:07:23","guid":{"rendered":"http:\/\/forst.igbau.nrw\/?p=2845"},"modified":"2024-06-13T15:07:23","modified_gmt":"2024-06-13T15:07:23","slug":"fachgruppenversammlung-lehnt-das-attraktivitaetsangebot-zum-tv-l-forst-ab","status":"publish","type":"post","link":"http:\/\/forst.igbau.nrw\/?p=2845","title":{"rendered":"Fachgruppenversammlung lehnt das Attraktivit\u00e4tsangebot zum TV-L Forst ab!"},"content":{"rendered":"<p>Am Donnerstag, dem 13.06.2024 fand am Forstlichen Bildungszentrum in Arnsberg eine Fachgruppenversammlung IG BAU zur Tarifeinigung im TV- L Forst statt. Nach den bereits geeinten Tarifverhandlungen zu den Lohnsteigerungen und dem Inflationsausgleichsgeld wurde von den Arbeitgebern zus\u00e4tzlich ein sogenanntes Attraktivit\u00e4tsangebot gemacht.<\/p>\n<figure id=\"attachment_2846\" aria-describedby=\"caption-attachment-2846\" style=\"width: 640px\" class=\"wp-caption alignleft\"><img data-recalc-dims=\"1\" fetchpriority=\"high\" decoding=\"async\" data-attachment-id=\"2846\" data-permalink=\"http:\/\/forst.igbau.nrw\/?attachment_id=2846\" data-orig-file=\"https:\/\/i0.wp.com\/forst.igbau.nrw\/wp-content\/uploads\/2024\/06\/Fachgruppe_Forst_2024_06_13-scaled.jpg?fit=2560%2C2467\" data-orig-size=\"2560,2467\" data-comments-opened=\"0\" data-image-meta=\"{&quot;aperture&quot;:&quot;0&quot;,&quot;credit&quot;:&quot;&quot;,&quot;camera&quot;:&quot;&quot;,&quot;caption&quot;:&quot;&quot;,&quot;created_timestamp&quot;:&quot;0&quot;,&quot;copyright&quot;:&quot;&quot;,&quot;focal_length&quot;:&quot;0&quot;,&quot;iso&quot;:&quot;0&quot;,&quot;shutter_speed&quot;:&quot;0&quot;,&quot;title&quot;:&quot;&quot;,&quot;orientation&quot;:&quot;1&quot;}\" data-image-title=\"Fachgruppe_Forst_2024_06_13\" data-image-description=\"\" data-image-caption=\"\" data-large-file=\"https:\/\/i0.wp.com\/forst.igbau.nrw\/wp-content\/uploads\/2024\/06\/Fachgruppe_Forst_2024_06_13-scaled.jpg?fit=640%2C617\" class=\"wp-image-2846 size-large\" src=\"https:\/\/i0.wp.com\/forst.igbau.nrw\/wp-content\/uploads\/2024\/06\/Fachgruppe_Forst_2024_06_13.jpg?resize=640%2C617\" alt=\"Fachgruppe Forst Treffen im FBZ in Arnsberg zum Tarifabschluss TV-L Forst.\" width=\"640\" height=\"617\" srcset=\"https:\/\/i0.wp.com\/forst.igbau.nrw\/wp-content\/uploads\/2024\/06\/Fachgruppe_Forst_2024_06_13-scaled.jpg?resize=1024%2C987 1024w, https:\/\/i0.wp.com\/forst.igbau.nrw\/wp-content\/uploads\/2024\/06\/Fachgruppe_Forst_2024_06_13-scaled.jpg?resize=300%2C289 300w, https:\/\/i0.wp.com\/forst.igbau.nrw\/wp-content\/uploads\/2024\/06\/Fachgruppe_Forst_2024_06_13-scaled.jpg?resize=768%2C740 768w, https:\/\/i0.wp.com\/forst.igbau.nrw\/wp-content\/uploads\/2024\/06\/Fachgruppe_Forst_2024_06_13-scaled.jpg?resize=1536%2C1480 1536w, https:\/\/i0.wp.com\/forst.igbau.nrw\/wp-content\/uploads\/2024\/06\/Fachgruppe_Forst_2024_06_13-scaled.jpg?resize=2048%2C1974 2048w, https:\/\/i0.wp.com\/forst.igbau.nrw\/wp-content\/uploads\/2024\/06\/Fachgruppe_Forst_2024_06_13-scaled.jpg?w=1280 1280w, https:\/\/i0.wp.com\/forst.igbau.nrw\/wp-content\/uploads\/2024\/06\/Fachgruppe_Forst_2024_06_13-scaled.jpg?w=1920 1920w\" sizes=\"(max-width: 640px) 100vw, 640px\" \/><figcaption id=\"caption-attachment-2846\" class=\"wp-caption-text\">Fachgruppe Forst Treffen im FBZ in Arnsberg zum Tarifabschluss TV-L Forst<\/figcaption><\/figure>\n<p>In den daraufhin erfolgenden Verhandlungen wurde schlie\u00dflich am 22.05.2024 in Berlin ein Kompromiss erzielt der aber eine Erkl\u00e4rungsfrist bis zum 12.07.2024 beinhaltet. Diese Zeit soll genutzt werden, um in den einzelnen Bundesl\u00e4ndern das Ergebnis zu erkl\u00e4ren und zu beraten. Dies ist nun in NRW im Rahmen einer Fachgruppenversammlung geschehen.<\/p>\n<p>Peter Wiese als Mitglied der Bundestarifkommission hat anhand einer Pr\u00e4sentation das Ergebnis der Tarifverhandlungen ausf\u00fchrlich erkl\u00e4rt und eingeordnet. Die Kolleginnen und Kollegen wurden dadurch in die Lage versetzt, eine Meinung zu entwickeln und schlie\u00dflich eine Entscheidung der Fachgruppe herbei zu f\u00fchren. Die reine Lohnrunde wurde als befriedigend bezeichnet und herausgehoben, dass Anschluss an Bund und Kommunen gehalten werden konnte.<\/p>\n<p>Das sogenannte Attraktivit\u00e4tsangebot jedoch konnte trotz teilweiser richtiger Ans\u00e4tze nicht \u00fcberzeugen! Besonders die Umwandlung der Forstzulage in einen Forsterschwerniszuschlag wurde mit den darin enthaltenen Stundens\u00e4tzen und der Deckelung auf 190 Euro eher als Affront aufgefasst.<\/p>\n<p>Wie soll man eine Zulage von 1,36 Euro f\u00fcr besonders schwere und gef\u00e4hrliche T\u00e4tigkeiten auch sonst auffassen. Auch das steigende Konfliktpotenzial in den Betrieben dar\u00fcber wer welche T\u00e4tigkeiten im Alltag \u00fcbernimmt wurde als nachteilig empfunden. Die M\u00f6glichkeiten f\u00fcr die Verbesserungen in der Entgeltordnung sind zwar anerkannt, aber f\u00fcr den Preis als nicht ausreichend betrachtet worden. Aus diesen Gr\u00fcnden kam es zu einer einstimmigen Ablehnung des Verhandlungsergebnisses f\u00fcr das Attraktivit\u00e4tsangebotes durch die versammelten IG BAU Mitglieder.<\/p>\n<p>Es wurde deutlich, dass die Forstwirtinnen und Forstwirte mehr erwarten als ein Schl\u00fcckchen aus der Pulle um dann brav an die Arbeit zu gehen, sondern eine respektvolle Anerkennung ihrer Leistungen in den Betrieben. Ansonsten m\u00fcssen die staatlichen Forstbetriebe eben sehen wo sie ihr Personal f\u00fcr die Zukunft herbekommen.<\/p>\n<p>Eure Fachgruppe Forst in NRW<\/p>\n<p>&nbsp;<\/p>\n<figure id=\"attachment_2777\" aria-describedby=\"caption-attachment-2777\" style=\"width: 150px\" class=\"wp-caption alignnone\"><img data-recalc-dims=\"1\" decoding=\"async\" data-attachment-id=\"2777\" data-permalink=\"http:\/\/forst.igbau.nrw\/?attachment_id=2777\" data-orig-file=\"https:\/\/i0.wp.com\/forst.igbau.nrw\/wp-content\/uploads\/2024\/03\/Wiese_Peter-scaled.jpg?fit=2560%2C1920\" data-orig-size=\"2560,1920\" data-comments-opened=\"0\" data-image-meta=\"{&quot;aperture&quot;:&quot;4.5&quot;,&quot;credit&quot;:&quot;&quot;,&quot;camera&quot;:&quot;Canon PowerShot SX20 IS&quot;,&quot;caption&quot;:&quot;&quot;,&quot;created_timestamp&quot;:&quot;1494418763&quot;,&quot;copyright&quot;:&quot;&quot;,&quot;focal_length&quot;:&quot;23.752&quot;,&quot;iso&quot;:&quot;125&quot;,&quot;shutter_speed&quot;:&quot;0.01&quot;,&quot;title&quot;:&quot;&quot;,&quot;orientation&quot;:&quot;1&quot;}\" data-image-title=\"Wiese_Peter\" data-image-description=\"\" data-image-caption=\"\" data-large-file=\"https:\/\/i0.wp.com\/forst.igbau.nrw\/wp-content\/uploads\/2024\/03\/Wiese_Peter-scaled.jpg?fit=640%2C480\" class=\"wp-image-2777 size-thumbnail\" src=\"https:\/\/i0.wp.com\/forst.igbau.nrw\/wp-content\/uploads\/2024\/03\/Wiese_Peter.jpg?resize=150%2C150\" alt=\"Peter Wiese Fachgruppe Forstwirte\" width=\"150\" height=\"150\" srcset=\"https:\/\/i0.wp.com\/forst.igbau.nrw\/wp-content\/uploads\/2024\/03\/Wiese_Peter-scaled.jpg?resize=150%2C150 150w, https:\/\/i0.wp.com\/forst.igbau.nrw\/wp-content\/uploads\/2024\/03\/Wiese_Peter-scaled.jpg?zoom=2&amp;resize=150%2C150 300w, https:\/\/i0.wp.com\/forst.igbau.nrw\/wp-content\/uploads\/2024\/03\/Wiese_Peter-scaled.jpg?zoom=3&amp;resize=150%2C150 450w\" sizes=\"(max-width: 150px) 100vw, 150px\" \/><figcaption id=\"caption-attachment-2777\" class=\"wp-caption-text\">Peter Wiese Fachgruppe Forstwirte<\/figcaption><\/figure>\n","protected":false},"excerpt":{"rendered":"<p>Am Donnerstag, dem 13.06.2024 fand am Forstlichen Bildungszentrum in Arnsberg eine Fachgruppenversammlung IG BAU zur Tarifeinigung im TV- L Forst statt. Nach<\/p>\n<p class=\"link-more\"><a class=\"myButt \" href=\"http:\/\/forst.igbau.nrw\/?p=2845\">Weitere Infos &#8230;<\/a><\/p>\n","protected":false},"author":1,"featured_media":2638,"comment_status":"closed","ping_status":"open","sticky":false,"template":"","format":"standard","meta":{"ngg_post_thumbnail":0,"jetpack_post_was_ever_published":false,"_jetpack_newsletter_access":"","_jetpack_dont_email_post_to_subs":false,"_jetpack_newsletter_tier_id":0,"_jetpack_memberships_contains_paywalled_content":false,"_jetpack_memberships_contains_paid_content":false,"footnotes":"","jetpack_publicize_message":"","jetpack_publicize_feature_enabled":true,"jetpack_social_post_already_shared":true,"jetpack_social_options":{"image_generator_settings":{"template":"highway","default_image_id":0,"font":"","enabled":false},"version":2}},"categories":[8,43],"tags":[],"class_list":["post-2845","post","type-post","status-publish","format-standard","has-post-thumbnail","hentry","category-ig-bau","category-tarif"],"jetpack_publicize_connections":[],"jetpack_featured_media_url":"https:\/\/i0.wp.com\/forst.igbau.nrw\/wp-content\/uploads\/2023\/12\/Tarifstreik_2023_42-scaled.jpg?fit=2560%2C1922","jetpack_sharing_enabled":true,"jetpack_shortlink":"https:\/\/wp.me\/p8x7f7-JT","jetpack-related-posts":[],"_links":{"self":[{"href":"http:\/\/forst.igbau.nrw\/index.php?rest_route=\/wp\/v2\/posts\/2845","targetHints":{"allow":["GET"]}}],"collection":[{"href":"http:\/\/forst.igbau.nrw\/index.php?rest_route=\/wp\/v2\/posts"}],"about":[{"href":"http:\/\/forst.igbau.nrw\/index.php?rest_route=\/wp\/v2\/types\/post"}],"author":[{"embeddable":true,"href":"http:\/\/forst.igbau.nrw\/index.php?rest_route=\/wp\/v2\/users\/1"}],"replies":[{"embeddable":true,"href":"http:\/\/forst.igbau.nrw\/index.php?rest_route=%2Fwp%2Fv2%2Fcomments&post=2845"}],"version-history":[{"count":1,"href":"http:\/\/forst.igbau.nrw\/index.php?rest_route=\/wp\/v2\/posts\/2845\/revisions"}],"predecessor-version":[{"id":2847,"href":"http:\/\/forst.igbau.nrw\/index.php?rest_route=\/wp\/v2\/posts\/2845\/revisions\/2847"}],"wp:featuredmedia":[{"embeddable":true,"href":"http:\/\/forst.igbau.nrw\/index.php?rest_route=\/wp\/v2\/media\/2638"}],"wp:attachment":[{"href":"http:\/\/forst.igbau.nrw\/index.php?rest_route=%2Fwp%2Fv2%2Fmedia&parent=2845"}],"wp:term":[{"taxonomy":"category","embeddable":true,"href":"http:\/\/forst.igbau.nrw\/index.php?rest_route=%2Fwp%2Fv2%2Fcategories&post=2845"},{"taxonomy":"post_tag","embeddable":true,"href":"http:\/\/forst.igbau.nrw\/index.php?rest_route=%2Fwp%2Fv2%2Ftags&post=2845"}],"curies":[{"name":"wp","href":"https:\/\/api.w.org\/{rel}","templated":true}]}}