{"id":286,"date":"2017-03-08T21:20:54","date_gmt":"2017-03-08T21:20:54","guid":{"rendered":"http:\/\/forst.igbau.nrw\/?p=286"},"modified":"2017-04-03T13:16:43","modified_gmt":"2017-04-03T13:16:43","slug":"arbeitsgespraech-der-landesvertretung-mit-andreas-wiebe","status":"publish","type":"post","link":"http:\/\/forst.igbau.nrw\/?p=286","title":{"rendered":"Arbeitsgespr\u00e4ch der Landesvertretung mit Andreas Wiebe"},"content":{"rendered":"<p>Am 07.03. nutzte der Vorstand der Landesvertretung der IG BAU die M\u00f6glichkeit um mit dem Leiter von Wald und Holz NRW in einem Arbeitsgespr\u00e4ch aktuelle Fragen im Bezug auf das kommende Urteil zur Bundeskartellrechtlichen Fragestellung zu er\u00f6rtern. Neben den \u00dcberlegungen zu den m\u00f6glichen Auswirkungen einer direkten F\u00f6rderung in NRW wurde \u00fcber die in diesem Zusammenhang gegr\u00fcndete AG Betreuung, als Arbeitsgruppe des Obersten Forstausschusses gesprochen.<\/p>\n<p>Au\u00dferdem stellte die Landesvertretung Fragen zu den\u00a0Auswirkungen des Laubholzeinschlages in der Vegetationszeit und stellte aus Ihrer Sicht die zweifelhafte Bilanz zwischen dem Nutzen und den Vorteil zur Diskussion. Au\u00dferdem wurde die bereits seit langem geforderte beabsichtigte Dienstvereinbarung f\u00fcr die Forstwirte au\u00dferhalb des Staatswaldes angesprochen. Und in diesem Zusammenhang bat die IG BAU auch um die Darstellung \u00a0der bisherigen Ergebnissen der DV Forstwirte im Staatswald, an der die IG BAU ma\u00dfgeblich mitgewirkt hat.<\/p>\n<p>Aus Sicht der Landesvertretung soll hier in den n\u00e4chsten Wochen eine gemeinsame Nachlese erfolgen, auch um an einigen Punkten,\u00a0falls erforderlich, nachzubessern.<\/p>\n<p>Die Landesvertretung und Andreas Wiebe haben vereinbart das\u00a0diese Gespr\u00e4che auch in Zukunft in regelm\u00e4\u00dfigen Abst\u00e4nden fortgesetzt werden, sollen.<\/p>\n<p>&nbsp;<\/p>\n","protected":false},"excerpt":{"rendered":"<p>Am 07.03. nutzte der Vorstand der Landesvertretung der IG BAU die M\u00f6glichkeit um mit dem Leiter von Wald und Holz NRW in<\/p>\n<p class=\"link-more\"><a class=\"myButt \" href=\"http:\/\/forst.igbau.nrw\/?p=286\">Weitere Infos &#8230;<\/a><\/p>\n","protected":false},"author":1,"featured_media":324,"comment_status":"open","ping_status":"open","sticky":false,"template":"","format":"standard","meta":{"ngg_post_thumbnail":0,"jetpack_post_was_ever_published":false,"_jetpack_newsletter_access":"","_jetpack_dont_email_post_to_subs":true,"_jetpack_newsletter_tier_id":0,"_jetpack_memberships_contains_paywalled_content":false,"_jetpack_memberships_contains_paid_content":false,"footnotes":"","jetpack_publicize_message":"","jetpack_publicize_feature_enabled":true,"jetpack_social_post_already_shared":true,"jetpack_social_options":{"image_generator_settings":{"template":"highway","default_image_id":0,"font":"","enabled":false},"version":2}},"categories":[4,5,8],"tags":[],"class_list":["post-286","post","type-post","status-publish","format-standard","has-post-thumbnail","hentry","category-forstpolitik","category-forstwirtschaft","category-ig-bau"],"jetpack_publicize_connections":[],"jetpack_featured_media_url":"https:\/\/i0.wp.com\/forst.igbau.nrw\/wp-content\/uploads\/2017\/03\/logo_igbau_original_gross-e1491225332768.png?fit=745%2C288","jetpack_sharing_enabled":true,"jetpack_shortlink":"https:\/\/wp.me\/p8x7f7-4C","jetpack-related-posts":[],"_links":{"self":[{"href":"http:\/\/forst.igbau.nrw\/index.php?rest_route=\/wp\/v2\/posts\/286","targetHints":{"allow":["GET"]}}],"collection":[{"href":"http:\/\/forst.igbau.nrw\/index.php?rest_route=\/wp\/v2\/posts"}],"about":[{"href":"http:\/\/forst.igbau.nrw\/index.php?rest_route=\/wp\/v2\/types\/post"}],"author":[{"embeddable":true,"href":"http:\/\/forst.igbau.nrw\/index.php?rest_route=\/wp\/v2\/users\/1"}],"replies":[{"embeddable":true,"href":"http:\/\/forst.igbau.nrw\/index.php?rest_route=%2Fwp%2Fv2%2Fcomments&post=286"}],"version-history":[{"count":2,"href":"http:\/\/forst.igbau.nrw\/index.php?rest_route=\/wp\/v2\/posts\/286\/revisions"}],"predecessor-version":[{"id":288,"href":"http:\/\/forst.igbau.nrw\/index.php?rest_route=\/wp\/v2\/posts\/286\/revisions\/288"}],"wp:featuredmedia":[{"embeddable":true,"href":"http:\/\/forst.igbau.nrw\/index.php?rest_route=\/wp\/v2\/media\/324"}],"wp:attachment":[{"href":"http:\/\/forst.igbau.nrw\/index.php?rest_route=%2Fwp%2Fv2%2Fmedia&parent=286"}],"wp:term":[{"taxonomy":"category","embeddable":true,"href":"http:\/\/forst.igbau.nrw\/index.php?rest_route=%2Fwp%2Fv2%2Fcategories&post=286"},{"taxonomy":"post_tag","embeddable":true,"href":"http:\/\/forst.igbau.nrw\/index.php?rest_route=%2Fwp%2Fv2%2Ftags&post=286"}],"curies":[{"name":"wp","href":"https:\/\/api.w.org\/{rel}","templated":true}]}}