{"id":2883,"date":"2024-12-18T14:10:30","date_gmt":"2024-12-18T14:10:30","guid":{"rendered":"http:\/\/forst.igbau.nrw\/?p=2883"},"modified":"2024-12-18T14:11:31","modified_gmt":"2024-12-18T14:11:31","slug":"broschuere-bezueglich-entgelte-zum-tarifvertrag-fuer-den-oeffentlichen-dienst-der-laender-tv-l-ab-1-oktober-2023","status":"publish","type":"post","link":"http:\/\/forst.igbau.nrw\/?p=2883","title":{"rendered":"Brosch\u00fcre bez\u00fcglich Entgelte zum Tarifvertrag f\u00fcr den \u00f6ffentlichen Dienst der L\u00e4nder (TV-L) ab 1. Oktober 2023"},"content":{"rendered":"<p>Die IGBAU stellt Ihnen hier die aktuelle Fasssung der Entgelte des g\u00fcltigen Tarif-Abschlusses der L\u00e4nder zur Verf\u00fcgung.<\/p>\n<p><a href=\"http:\/\/forst.igbau.nrw\/wp-content\/uploads\/2024\/12\/ENTGELTE-Z-TV-L-01_10_2023-31_10_2025-WWW_27757.pdf\"><img data-recalc-dims=\"1\" fetchpriority=\"high\" decoding=\"async\" data-attachment-id=\"2884\" data-permalink=\"http:\/\/forst.igbau.nrw\/?attachment_id=2884\" data-orig-file=\"https:\/\/i0.wp.com\/forst.igbau.nrw\/wp-content\/uploads\/2024\/12\/iScreen-Shoter-Vorschau-241218150148-e1734530979685.jpg?fit=536%2C758\" data-orig-size=\"536,758\" data-comments-opened=\"0\" data-image-meta=\"{&quot;aperture&quot;:&quot;0&quot;,&quot;credit&quot;:&quot;&quot;,&quot;camera&quot;:&quot;&quot;,&quot;caption&quot;:&quot;&quot;,&quot;created_timestamp&quot;:&quot;0&quot;,&quot;copyright&quot;:&quot;&quot;,&quot;focal_length&quot;:&quot;0&quot;,&quot;iso&quot;:&quot;0&quot;,&quot;shutter_speed&quot;:&quot;0&quot;,&quot;title&quot;:&quot;&quot;,&quot;orientation&quot;:&quot;0&quot;}\" data-image-title=\"iScreen Shoter &amp;#8211; Vorschau &amp;#8211; 241218150148\" data-image-description=\"\" data-image-caption=\"\" data-large-file=\"https:\/\/i0.wp.com\/forst.igbau.nrw\/wp-content\/uploads\/2024\/12\/iScreen-Shoter-Vorschau-241218150148-e1734530979685.jpg?fit=536%2C758\" class=\"aligncenter wp-image-2884 size-full\" src=\"https:\/\/i0.wp.com\/forst.igbau.nrw\/wp-content\/uploads\/2024\/12\/iScreen-Shoter-Vorschau-241218150148-e1734530979685.jpg?resize=536%2C758\" alt=\"\" width=\"536\" height=\"758\" srcset=\"https:\/\/i0.wp.com\/forst.igbau.nrw\/wp-content\/uploads\/2024\/12\/iScreen-Shoter-Vorschau-241218150148-e1734530979685.jpg?w=536 536w, https:\/\/i0.wp.com\/forst.igbau.nrw\/wp-content\/uploads\/2024\/12\/iScreen-Shoter-Vorschau-241218150148-e1734530979685.jpg?resize=212%2C300 212w\" sizes=\"(max-width: 536px) 100vw, 536px\" \/><\/a><\/p>\n","protected":false},"excerpt":{"rendered":"<p>Die IGBAU stellt Ihnen hier die aktuelle Fasssung der Entgelte des g\u00fcltigen Tarif-Abschlusses der L\u00e4nder zur Verf\u00fcgung.<\/p>\n","protected":false},"author":1,"featured_media":2884,"comment_status":"closed","ping_status":"open","sticky":false,"template":"","format":"standard","meta":{"ngg_post_thumbnail":0,"jetpack_post_was_ever_published":false,"_jetpack_newsletter_access":"","_jetpack_dont_email_post_to_subs":false,"_jetpack_newsletter_tier_id":0,"_jetpack_memberships_contains_paywalled_content":false,"_jetpack_memberships_contains_paid_content":false,"footnotes":"","jetpack_publicize_message":"","jetpack_publicize_feature_enabled":true,"jetpack_social_post_already_shared":true,"jetpack_social_options":{"image_generator_settings":{"template":"highway","default_image_id":0,"font":"","enabled":false},"version":2}},"categories":[4,5,8,43],"tags":[],"class_list":["post-2883","post","type-post","status-publish","format-standard","has-post-thumbnail","hentry","category-forstpolitik","category-forstwirtschaft","category-ig-bau","category-tarif"],"jetpack_publicize_connections":[],"jetpack_featured_media_url":"https:\/\/i0.wp.com\/forst.igbau.nrw\/wp-content\/uploads\/2024\/12\/iScreen-Shoter-Vorschau-241218150148-e1734530979685.jpg?fit=536%2C758","jetpack_sharing_enabled":true,"jetpack_shortlink":"https:\/\/wp.me\/p8x7f7-Kv","jetpack-related-posts":[],"_links":{"self":[{"href":"http:\/\/forst.igbau.nrw\/index.php?rest_route=\/wp\/v2\/posts\/2883","targetHints":{"allow":["GET"]}}],"collection":[{"href":"http:\/\/forst.igbau.nrw\/index.php?rest_route=\/wp\/v2\/posts"}],"about":[{"href":"http:\/\/forst.igbau.nrw\/index.php?rest_route=\/wp\/v2\/types\/post"}],"author":[{"embeddable":true,"href":"http:\/\/forst.igbau.nrw\/index.php?rest_route=\/wp\/v2\/users\/1"}],"replies":[{"embeddable":true,"href":"http:\/\/forst.igbau.nrw\/index.php?rest_route=%2Fwp%2Fv2%2Fcomments&post=2883"}],"version-history":[{"count":1,"href":"http:\/\/forst.igbau.nrw\/index.php?rest_route=\/wp\/v2\/posts\/2883\/revisions"}],"predecessor-version":[{"id":2885,"href":"http:\/\/forst.igbau.nrw\/index.php?rest_route=\/wp\/v2\/posts\/2883\/revisions\/2885"}],"wp:featuredmedia":[{"embeddable":true,"href":"http:\/\/forst.igbau.nrw\/index.php?rest_route=\/wp\/v2\/media\/2884"}],"wp:attachment":[{"href":"http:\/\/forst.igbau.nrw\/index.php?rest_route=%2Fwp%2Fv2%2Fmedia&parent=2883"}],"wp:term":[{"taxonomy":"category","embeddable":true,"href":"http:\/\/forst.igbau.nrw\/index.php?rest_route=%2Fwp%2Fv2%2Fcategories&post=2883"},{"taxonomy":"post_tag","embeddable":true,"href":"http:\/\/forst.igbau.nrw\/index.php?rest_route=%2Fwp%2Fv2%2Ftags&post=2883"}],"curies":[{"name":"wp","href":"https:\/\/api.w.org\/{rel}","templated":true}]}}