{"id":2886,"date":"2024-12-18T14:58:01","date_gmt":"2024-12-18T14:58:01","guid":{"rendered":"http:\/\/forst.igbau.nrw\/?p=2886"},"modified":"2024-12-18T14:58:01","modified_gmt":"2024-12-18T14:58:01","slug":"region-entscheidet-sich-gegen-nationalpark","status":"publish","type":"post","link":"http:\/\/forst.igbau.nrw\/?p=2886","title":{"rendered":"Region entscheidet sich gegen Nationalpark"},"content":{"rendered":"<p>Nach dem B\u00fcrgerentscheid gegen die Ausweisung eines Nationalparks im Reichswald h\u00f6ren die F\u00f6rderung der Naturschutzverb\u00e4nde nicht auf, erhebliche Teile des Waldes aus der Nutzung nehmen zu wollen.<\/p>\n<p>Obwohl vielfach wesentliche Studien zeigen, dass eine naturnahe nachhaltige Fortstwirtschaft ein gelungenen Kompromi\u00df aller Anspr\u00fcche an den Wald darstellen kann.<\/p>\n<p>Neben den Vorw\u00fcrfen an die CDU gef\u00fchrte Landesregierung im speziellen an die Forstministerin Silke Gorissen, sich nicht neutral verhalten zu haben, fordert Adalbert Niemeyer \u2013 L\u00fcllwitz, Mitglied im BUND Landesvorstand, die im Koalitionsvertrag angeblich zugesagten 15 % des landeseigenen Waldes als Wildnisgebiete auszuweisen.<\/p>\n<p>Auf Seite 29 des Kollektionvertrages steht jedoch etwas anders.\u201c<\/p>\n<p>Wir wollen 15 % der Startseite Fl\u00e4chen f\u00fcr den Wald-Naturschutz sichern und somit 2 % der nordrhein-westf\u00e4lischen Waldfl\u00e4che aus der Nutzung nehmen.\u201cZitat \/ Auszug des Vertrages<\/p>\n<p>Dies bedeutet jedoch nicht das 15 % der landeseigenen Waldfl\u00e4che zwangsweise in Wildnisgebiete umgewandelt werden m\u00fcssten. Waldnaturschutz und Nutzungsverzicht findet auch jetzt schon ohne die Ausweisung von Wildnisgebieten in vielen Gebieten und auf vielen Fl\u00e4chen im landeseigenen Wald in NRW statt.<\/p>\n<p>Diese Vorgehensweise und auch die Ergebnisse kann der landesbetrieb Wald und Holz NRW umfangreich belegen.<\/p>\n<p>Leider sehen jedoch weiterhin einige der Naturschutzverb\u00e4nde, dass alleinige Ziel darin, die integrative Nutzung des Waldes in eine Segregation der verschiedensten Nutzungsformen zu \u00fcberf\u00fchren. Beispielhaft f\u00fcr diese zum Teil willk\u00fcrliche Forderung w\u00e4re es gewesen, den durch Menschenhand entstandenen Reichswald mit seinen umfangreichen Eichenbest\u00e4nden sich selbst zu \u00fcberlassen. Ohne menschliches zutun und eine ausgewogene langj\u00e4hrige nachhaltige Forstwirtschaft st\u00e4nden hier heute keine bestandesbildenden Eichenbest\u00e4nde. Sei es drum &#8230;&#8230;&#8230;&#8230;&#8230;&#8230;&#8230;.<\/p>\n<p>Unabh\u00e4ngig vom fachlichen Diskurs zum Wald gibt es hier ein basidemokratisches Ergebnis das ber\u00fccksichtigt werden muss und es kann nicht sein, dass Verb\u00e4nde und Lobbyisten das Abstimmungsverhalten hintertreiben und so lange weitermachen bis sie ein f\u00fcr sie akzeptables Ergebnis erzielen.<\/p>\n<p>&nbsp;<\/p>\n","protected":false},"excerpt":{"rendered":"<p>Nach dem B\u00fcrgerentscheid gegen die Ausweisung eines Nationalparks im Reichswald h\u00f6ren die F\u00f6rderung der Naturschutzverb\u00e4nde nicht auf, erhebliche Teile des Waldes aus<\/p>\n<p class=\"link-more\"><a class=\"myButt \" href=\"http:\/\/forst.igbau.nrw\/?p=2886\">Weitere Infos &#8230;<\/a><\/p>\n","protected":false},"author":1,"featured_media":2491,"comment_status":"closed","ping_status":"open","sticky":false,"template":"","format":"standard","meta":{"ngg_post_thumbnail":0,"jetpack_post_was_ever_published":false,"_jetpack_newsletter_access":"","_jetpack_dont_email_post_to_subs":false,"_jetpack_newsletter_tier_id":0,"_jetpack_memberships_contains_paywalled_content":false,"_jetpack_memberships_contains_paid_content":false,"footnotes":"","jetpack_publicize_message":"","jetpack_publicize_feature_enabled":true,"jetpack_social_post_already_shared":true,"jetpack_social_options":{"image_generator_settings":{"template":"highway","default_image_id":0,"font":"","enabled":false},"version":2}},"categories":[5],"tags":[],"class_list":["post-2886","post","type-post","status-publish","format-standard","has-post-thumbnail","hentry","category-forstwirtschaft"],"jetpack_publicize_connections":[],"jetpack_featured_media_url":"https:\/\/i0.wp.com\/forst.igbau.nrw\/wp-content\/uploads\/2023\/04\/Wald_und_Holz_NRW_Nationalpark-Eifel_Drohne_Martin_Weisgerber_01-scaled.jpg?fit=2560%2C1707","jetpack_sharing_enabled":true,"jetpack_shortlink":"https:\/\/wp.me\/p8x7f7-Ky","jetpack-related-posts":[],"_links":{"self":[{"href":"http:\/\/forst.igbau.nrw\/index.php?rest_route=\/wp\/v2\/posts\/2886","targetHints":{"allow":["GET"]}}],"collection":[{"href":"http:\/\/forst.igbau.nrw\/index.php?rest_route=\/wp\/v2\/posts"}],"about":[{"href":"http:\/\/forst.igbau.nrw\/index.php?rest_route=\/wp\/v2\/types\/post"}],"author":[{"embeddable":true,"href":"http:\/\/forst.igbau.nrw\/index.php?rest_route=\/wp\/v2\/users\/1"}],"replies":[{"embeddable":true,"href":"http:\/\/forst.igbau.nrw\/index.php?rest_route=%2Fwp%2Fv2%2Fcomments&post=2886"}],"version-history":[{"count":1,"href":"http:\/\/forst.igbau.nrw\/index.php?rest_route=\/wp\/v2\/posts\/2886\/revisions"}],"predecessor-version":[{"id":2887,"href":"http:\/\/forst.igbau.nrw\/index.php?rest_route=\/wp\/v2\/posts\/2886\/revisions\/2887"}],"wp:featuredmedia":[{"embeddable":true,"href":"http:\/\/forst.igbau.nrw\/index.php?rest_route=\/wp\/v2\/media\/2491"}],"wp:attachment":[{"href":"http:\/\/forst.igbau.nrw\/index.php?rest_route=%2Fwp%2Fv2%2Fmedia&parent=2886"}],"wp:term":[{"taxonomy":"category","embeddable":true,"href":"http:\/\/forst.igbau.nrw\/index.php?rest_route=%2Fwp%2Fv2%2Fcategories&post=2886"},{"taxonomy":"post_tag","embeddable":true,"href":"http:\/\/forst.igbau.nrw\/index.php?rest_route=%2Fwp%2Fv2%2Ftags&post=2886"}],"curies":[{"name":"wp","href":"https:\/\/api.w.org\/{rel}","templated":true}]}}