{"id":2898,"date":"2025-02-14T09:13:44","date_gmt":"2025-02-14T09:13:44","guid":{"rendered":"http:\/\/forst.igbau.nrw\/?p=2898"},"modified":"2025-02-14T09:41:58","modified_gmt":"2025-02-14T09:41:58","slug":"waldpakt-2-0-2","status":"publish","type":"post","link":"http:\/\/forst.igbau.nrw\/?p=2898","title":{"rendered":"Waldpakt 2.0"},"content":{"rendered":"<p>Bereits 2019 wurde der erste &#8222;Waldpakt&#8220; in Nordrhein-Westfalen unterzeichnet, ein wichtiger Schritt f\u00fcr den Wald im bev\u00f6lkerungsreichsten Bundesland. Der damalige Pakt wurde von Ministerpr\u00e4sident Armin Laschet, dem damaligen Ministerpr\u00e4sidenten von Nordrhein-Westfalen unterst\u00fctzt und unterschrieben. Die damaligen Initiatoren verfolgten mit dem Papier eine Reihe ambitionierter Ziele zum Erhalt und zur Pflege der W\u00e4lder in der Region.<\/p>\n<p>Er erste Waldpakt war in 3 wesentliche Handlungsfelder aufgeteilt, diese waren:<\/p>\n<ul>\n<li>Anpassungsstrategie Wald im Klimawandel<\/li>\n<li>Unterst\u00fctzung f\u00fcr Wald und Waldbesitzende<\/li>\n<li>Umwelt- und baupolitische Initiativen<\/li>\n<\/ul>\n<p>Der Waldpakt wurde unter anderem durch die IGBAU, den BDF, dem Waldbauernverband, den Familienverb\u00e4nden, dem Forstverein, der SDW und dem BUND ins Leben gerufen. Im Zug der Entstehung haben weitere Waldverb\u00e4nde und Organisationen den Pakt unterst\u00fctzt und mitgetragen<\/p>\n<p>Vor dem Waldpakt gab es bereits die&nbsp;Schmallenberger Erkl\u00e4rung, ein entscheidendes Dokument zur Zukunft der nordrhein-westf\u00e4lischen W\u00e4lder. Diese Erkl\u00e4rung wurde bereits im Vorfeld von B\u00fcndnis aus Forstwirtschaft, Naturschutz und anderen relevanten Akteuren initiiert, um die Herausforderungen des Klimawandels und der nachhaltigen Waldbewirtschaftung zu adressieren.<\/p>\n<p>Diese Erkl\u00e4rung legte den Grundstein f\u00fcr den Waldpakt und behandelte schon damals die Themen nachhaltige Waldbewirtschaftung, Klimafestigkeit, den Erhalt der biologischen Vielfalt und das Bauen mit Holz.<\/p>\n<p>Trotz der positiven Resonanz auf den Waldpakt gab es auch Kritik. Ein h\u00e4ufig ge\u00e4u\u00dfertes Argument war, dass der Pakt nicht ausreichend verbindliche Ma\u00dfnahmen zur Reduktion des Holzeinschlags enth\u00e4lt. Kritiker bef\u00fcrchteten, dass die wirtschaftlichen Interessen der Forstwirtschaft weiterhin eine zu gro\u00dfe Rolle spielen k\u00f6nnten und der \u00f6kologische Nutzen somit eingeschr\u00e4nkt w\u00fcrde.<\/p>\n<p>Ein weiterer Kritikpunkt war, dass die Umsetzung der Ziele vor allem auf freiwilliger Basis beruhten und keine verpflichtenden Vorschriften f\u00fcr die Waldbewirtschaftung bestanden haben. Es gab Bef\u00fcrchtungen, dass ohne konkrete gesetzliche Regelungen die gew\u00fcnschten Ver\u00e4nderungen nicht in dem ben\u00f6tigten Tempo realisiert werden k\u00f6nnten.<\/p>\n<p>Zudem wurde der Fokus des Waldpakts als zu einseitig angesehen. Einige Naturschutzorganisationen forderten eine st\u00e4rkere Betonung der Artenvielfalt und des Schutzes von besonders sch\u00fctzenswerten Waldgebieten.<\/p>\n<figure id=\"attachment_2903\" aria-describedby=\"caption-attachment-2903\" style=\"width: 2560px\" class=\"wp-caption alignnone\"><img data-recalc-dims=\"1\" fetchpriority=\"high\" decoding=\"async\" data-attachment-id=\"2903\" data-permalink=\"http:\/\/forst.igbau.nrw\/?attachment_id=2903\" data-orig-file=\"https:\/\/i0.wp.com\/forst.igbau.nrw\/wp-content\/uploads\/2025\/02\/2025-02-11_14-56-13-Z8B_8158-Foto-Land-NRW-Mark-Hermenau-scaled.jpg?fit=2560%2C1707\" data-orig-size=\"2560,1707\" data-comments-opened=\"0\" data-image-meta=\"{&quot;aperture&quot;:&quot;4&quot;,&quot;credit&quot;:&quot;&quot;,&quot;camera&quot;:&quot;NIKON Z 8&quot;,&quot;caption&quot;:&quot;&quot;,&quot;created_timestamp&quot;:&quot;1739282173&quot;,&quot;copyright&quot;:&quot;&quot;,&quot;focal_length&quot;:&quot;26&quot;,&quot;iso&quot;:&quot;1600&quot;,&quot;shutter_speed&quot;:&quot;0.003125&quot;,&quot;title&quot;:&quot;&quot;,&quot;orientation&quot;:&quot;0&quot;}\" data-image-title=\"2025-02-11_14-56-13 &amp;#8211; Z8B_8158 (Foto- Land NRW, Mark Hermenau)\" data-image-description=\"\" data-image-caption=\"&lt;p&gt;Unterzeichner Waldpakt 2.0, Foto Land NRW \/ Mark Hermenau&lt;\/p&gt;\n\" data-large-file=\"https:\/\/i0.wp.com\/forst.igbau.nrw\/wp-content\/uploads\/2025\/02\/2025-02-11_14-56-13-Z8B_8158-Foto-Land-NRW-Mark-Hermenau-scaled.jpg?fit=640%2C427\" class=\"size-full wp-image-2903\" src=\"https:\/\/i0.wp.com\/forst.igbau.nrw\/wp-content\/uploads\/2025\/02\/2025-02-11_14-56-13-Z8B_8158-Foto-Land-NRW-Mark-Hermenau-scaled.jpg?resize=640%2C427\" alt=\"Unterzeichner Waldpakt 2.0, Foto Land NRW \/ Mark Hermenau\" width=\"640\" height=\"427\" srcset=\"https:\/\/i0.wp.com\/forst.igbau.nrw\/wp-content\/uploads\/2025\/02\/2025-02-11_14-56-13-Z8B_8158-Foto-Land-NRW-Mark-Hermenau-scaled.jpg?w=2560 2560w, https:\/\/i0.wp.com\/forst.igbau.nrw\/wp-content\/uploads\/2025\/02\/2025-02-11_14-56-13-Z8B_8158-Foto-Land-NRW-Mark-Hermenau-scaled.jpg?resize=300%2C200 300w, https:\/\/i0.wp.com\/forst.igbau.nrw\/wp-content\/uploads\/2025\/02\/2025-02-11_14-56-13-Z8B_8158-Foto-Land-NRW-Mark-Hermenau-scaled.jpg?resize=1024%2C683 1024w, https:\/\/i0.wp.com\/forst.igbau.nrw\/wp-content\/uploads\/2025\/02\/2025-02-11_14-56-13-Z8B_8158-Foto-Land-NRW-Mark-Hermenau-scaled.jpg?resize=768%2C512 768w, https:\/\/i0.wp.com\/forst.igbau.nrw\/wp-content\/uploads\/2025\/02\/2025-02-11_14-56-13-Z8B_8158-Foto-Land-NRW-Mark-Hermenau-scaled.jpg?resize=1536%2C1024 1536w, https:\/\/i0.wp.com\/forst.igbau.nrw\/wp-content\/uploads\/2025\/02\/2025-02-11_14-56-13-Z8B_8158-Foto-Land-NRW-Mark-Hermenau-scaled.jpg?resize=2048%2C1365 2048w, https:\/\/i0.wp.com\/forst.igbau.nrw\/wp-content\/uploads\/2025\/02\/2025-02-11_14-56-13-Z8B_8158-Foto-Land-NRW-Mark-Hermenau-scaled.jpg?w=1280 1280w, https:\/\/i0.wp.com\/forst.igbau.nrw\/wp-content\/uploads\/2025\/02\/2025-02-11_14-56-13-Z8B_8158-Foto-Land-NRW-Mark-Hermenau-scaled.jpg?w=1920 1920w\" sizes=\"(max-width: 640px) 100vw, 640px\" \/><figcaption id=\"caption-attachment-2903\" class=\"wp-caption-text\">Unterzeichner Waldpakt 2.0, Foto Land NRW \/ Mark Hermenau<\/figcaption><\/figure>\n<p>Der nun am 12.02.2025 unterzeichnete &#8222;Waldpakt 2.0&#8220; f\u00fcr Nordrhein-Westfalen, basiert erneut auf der gemeinsamen Initiative von Landesregierung, Waldbesitzern, Arbeitnehmervertretungen, Naturschutz- und Forstverb\u00e4nden. Ziel ist es, den ersten Waldpakt fortzuschreiben und erneut mit Leben zu f\u00fcllen und die W\u00e4lder in Nordrhein-Westfalen klimastabiler und biodiverser zu gestalten.&nbsp;<\/p>\n<p>&nbsp;<\/p>\n<p>In den vergangenen Jahren ist die Fl\u00e4che der durch St\u00fcrme, D\u00fcrreperioden und Sch\u00e4dlingsbefall gesch\u00e4digten Waldfl\u00e4chen in Nordrhein-Westfalen allein in den Nadelholzbest\u00e4nden auf etwa 130.000 Hektar Wald angewachsen.<\/p>\n<p>Diesen auch durch die Folgen des Klimawandels schwer gesch\u00e4digten oder g\u00e4nzlich verschwundenen Waldfl\u00e4chen gilt es zu begegnen. Der &#8222;Waldpakt 2.0&#8220; soll diese Herausforderungen begleiten und die W\u00e4lder f\u00fcr die bestehenden und kommenden Anforderungen st\u00e4rken.&nbsp;<\/p>\n<p>Der Waldpakts 2.0 definiert dazu mehrere Handlungsfelder in folgenden \u00dcberschriften:<\/p>\n<ul>\n<li>Entwicklung klimaresilienter Wald\u00f6kosysteme:&nbsp;F\u00f6rderung einer nachhaltigen Waldbewirtschaftung unter Ber\u00fccksichtigung des Klimawandels.<\/li>\n<li>Unterst\u00fctzung f\u00fcr Wald und Waldbesitz:&nbsp;Anerkennung des Beitrags des Waldbesitzes zum Klimaschutz und Artenschutz; Verbesserung der Rahmenbedingungen f\u00fcr Waldbesitzer.<\/li>\n<li>Verwendung von Holz:&nbsp;F\u00f6rderung des Einsatzes von Holz als klimafreundlichen Baustoff und Unterst\u00fctzung des &#8222;Bauens mit Holz&#8220;.&nbsp;<\/li>\n<\/ul>\n<p>Der Waldpakt 2.0. baut auf seinem Vorg\u00e4nger aus 2019 auf und erweitert die Ma\u00dfnahmen, um den aktuellen Herausforderungen des Klimawandels und des Biodiversit\u00e4tsverlusts gerecht zu werden. Insbesondere wird der Fokus auf die Entwicklung klimaresilienter Wald\u00f6kosysteme und die Unterst\u00fctzung des Waldbesitzes verst\u00e4rkt.&nbsp;<\/p>\n<p>Der &#8222;Waldpakt 2.0&#8220; setzt auf eine umfassendere Strategie zur St\u00e4rkung der W\u00e4lder in Nordrhein-Westfalen, indem er neben dem Klimaschutz auch Aspekte wie Biodiversit\u00e4t und nachhaltige Waldbewirtschaftung st\u00e4rker in den Mittelpunkt stellt.<\/p>\n<figure id=\"attachment_2902\" aria-describedby=\"caption-attachment-2902\" style=\"width: 2560px\" class=\"wp-caption alignnone\"><img data-recalc-dims=\"1\" decoding=\"async\" data-attachment-id=\"2902\" data-permalink=\"http:\/\/forst.igbau.nrw\/?attachment_id=2902\" data-orig-file=\"https:\/\/i0.wp.com\/forst.igbau.nrw\/wp-content\/uploads\/2025\/02\/eQiexMTb-scaled.jpeg?fit=2560%2C1707\" data-orig-size=\"2560,1707\" data-comments-opened=\"0\" data-image-meta=\"{&quot;aperture&quot;:&quot;0&quot;,&quot;credit&quot;:&quot;&quot;,&quot;camera&quot;:&quot;&quot;,&quot;caption&quot;:&quot;&quot;,&quot;created_timestamp&quot;:&quot;0&quot;,&quot;copyright&quot;:&quot;&quot;,&quot;focal_length&quot;:&quot;0&quot;,&quot;iso&quot;:&quot;0&quot;,&quot;shutter_speed&quot;:&quot;0&quot;,&quot;title&quot;:&quot;&quot;,&quot;orientation&quot;:&quot;0&quot;}\" data-image-title=\"Unterzeichner Waldpakt 2.0, Foto Land NRW \/ Mark Hermenau\" data-image-description=\"\" data-image-caption=\"&lt;p&gt;Unterzeichner Waldpakt 2.0, Foto Land NRW \/ Mark Hermenau&lt;\/p&gt;\n\" data-large-file=\"https:\/\/i0.wp.com\/forst.igbau.nrw\/wp-content\/uploads\/2025\/02\/eQiexMTb-scaled.jpeg?fit=640%2C427\" class=\"size-full wp-image-2902\" src=\"https:\/\/i0.wp.com\/forst.igbau.nrw\/wp-content\/uploads\/2025\/02\/eQiexMTb-scaled.jpeg?resize=640%2C427\" alt=\"Unterzeichner Waldpakt 2.0, Foto Land NRW \/ Mark Hermenau\" width=\"640\" height=\"427\" srcset=\"https:\/\/i0.wp.com\/forst.igbau.nrw\/wp-content\/uploads\/2025\/02\/eQiexMTb-scaled.jpeg?w=2560 2560w, https:\/\/i0.wp.com\/forst.igbau.nrw\/wp-content\/uploads\/2025\/02\/eQiexMTb-scaled.jpeg?resize=300%2C200 300w, https:\/\/i0.wp.com\/forst.igbau.nrw\/wp-content\/uploads\/2025\/02\/eQiexMTb-scaled.jpeg?resize=1024%2C683 1024w, https:\/\/i0.wp.com\/forst.igbau.nrw\/wp-content\/uploads\/2025\/02\/eQiexMTb-scaled.jpeg?resize=768%2C512 768w, https:\/\/i0.wp.com\/forst.igbau.nrw\/wp-content\/uploads\/2025\/02\/eQiexMTb-scaled.jpeg?resize=1536%2C1024 1536w, https:\/\/i0.wp.com\/forst.igbau.nrw\/wp-content\/uploads\/2025\/02\/eQiexMTb-scaled.jpeg?resize=2048%2C1365 2048w, https:\/\/i0.wp.com\/forst.igbau.nrw\/wp-content\/uploads\/2025\/02\/eQiexMTb-scaled.jpeg?w=1280 1280w, https:\/\/i0.wp.com\/forst.igbau.nrw\/wp-content\/uploads\/2025\/02\/eQiexMTb-scaled.jpeg?w=1920 1920w\" sizes=\"(max-width: 640px) 100vw, 640px\" \/><figcaption id=\"caption-attachment-2902\" class=\"wp-caption-text\">Unterzeichner Landesregierung, Waldpakt&nbsp; 2.0, Foto Land NRW \/ Mark Hermenau<\/figcaption><\/figure>\n<p>Der thematische und inhaltliche Vergleich des &#8222;Waldpakts&#8220; im, Einzelnen zeigt, wie sich die Schwerpunkte und Ziele im Hinblick auf den Klimaschutz, die Forstwirtschaft, den Naturschutz und die Nutzung von Holz entwickelt haben. Hier ein etwas detaillierterer Vergleich:<\/p>\n<ol>\n<li><strong>Klimaschutz und Waldumbau<\/strong><\/li>\n<\/ol>\n<ul>\n<li><strong>Waldpakt 2019:<\/strong>\n<ul>\n<li>Fokus auf den&nbsp;<strong>Klimaschutz<\/strong>&nbsp;und&nbsp;<strong>Anpassung der W\u00e4lder<\/strong>&nbsp;an den Klimawandel.<\/li>\n<li>Der Pakt unterst\u00fctzte die&nbsp;<strong>F\u00f6rderung von Mischw\u00e4ldern<\/strong>&nbsp;und den Umbau von&nbsp;<strong>Monokulturen<\/strong>&nbsp;zu klimaresilienteren Waldstrukturen.<\/li>\n<li>Ein zentrales Ziel war, die&nbsp;<strong>Kohlenstoffspeicherung<\/strong>&nbsp;in W\u00e4ldern zu maximieren und damit den Beitrag der W\u00e4lder zum&nbsp;<strong>Klimaschutz<\/strong> zu erh\u00f6hen<\/li>\n<\/ul>\n<\/li>\n<\/ul>\n<ul>\n<li><strong>Waldpakt 2025:<\/strong>\n<ul>\n<li>Der&nbsp;<strong>Waldumbau<\/strong>&nbsp;wird weiter intensiviert und umfasst nun auch die&nbsp;<strong>F\u00f6rderung der biologischen Vielfalt<\/strong>.<\/li>\n<li>Ziel ist es, noch st\u00e4rker auf&nbsp;<strong>mischwaldartige Strukturen<\/strong>&nbsp;zu setzen, die die&nbsp;<strong>Klimafestigkeit<\/strong>&nbsp;und den&nbsp;<strong>Schutz vor extremen Wetterereignissen<\/strong>&nbsp;(wie D\u00fcrre und St\u00fcrme) verbessern.<\/li>\n<li>Der 2025er Pakt betont st\u00e4rker, dass der&nbsp;<strong>Waldumbau nicht nur klimafit<\/strong>, sondern auch&nbsp;<strong>\u00f6kologisch nachhaltig<\/strong>&nbsp;sein muss, was den Aspekt der biologischen Vielfalt und Naturschutz ber\u00fccksichtigt.<\/li>\n<\/ul>\n<\/li>\n<\/ul>\n<ol start=\"2\">\n<li><strong>Forstwirtschaft und Holzernte<\/strong><\/li>\n<\/ol>\n<ul>\n<li><strong>Waldpakt 2019:<\/strong>\n<ul>\n<li><strong>Holznutzung<\/strong>&nbsp;spielt eine wichtige Rolle als erneuerbare Ressource. Der Pakt f\u00f6rdert die&nbsp;<strong>nutzungsgerechte Forstwirtschaft<\/strong>&nbsp;und den Anbau von&nbsp;<strong>Holzarten<\/strong>, die f\u00fcr nachhaltige Holzernte geeignet sind.<\/li>\n<li>Ziel war es, den&nbsp;<strong>\u00f6konomischen Wert von Holz<\/strong>&nbsp;als&nbsp;<strong>nachhaltiges Baumaterial<\/strong>&nbsp;zu betonen und die lokale&nbsp;<strong>Holzwirtschaft<\/strong>&nbsp;zu st\u00e4rken.<\/li>\n<\/ul>\n<\/li>\n<li><strong>Waldpakt 2025:<\/strong>\n<ul>\n<li>Der Aspekt der&nbsp;<strong>Holznutzung<\/strong>&nbsp;bleibt weiterhin wichtig, aber es wird st\u00e4rker darauf geachtet, wie&nbsp;<strong>Holz nachhaltig<\/strong>&nbsp;genutzt wird, ohne die \u00d6kosysteme zu gef\u00e4hrden.<\/li>\n<li>Der 2025er Pakt umfasst nicht nur die Nutzung von Holz, sondern auch die Entwicklung von&nbsp;<strong>neuen Holzprodukten<\/strong>, die den&nbsp;<strong>CO2-Fu\u00dfabdruck<\/strong>&nbsp;der Industrie verringern.<\/li>\n<li>Der Pakt f\u00f6rdert auch&nbsp;<strong>innovative Technologien<\/strong>&nbsp;im Bereich der Holzverarbeitung, z.B. f\u00fcr den&nbsp;<strong>Bau von klimafreundlichen Geb\u00e4uden<\/strong>.<\/li>\n<\/ul>\n<\/li>\n<\/ul>\n<ol start=\"3\">\n<li><strong>Naturschutz und Biodiversit\u00e4t<\/strong><\/li>\n<\/ol>\n<ul>\n<li><strong>Waldpakt 2019:<\/strong>\n<ul>\n<li>Der&nbsp;<strong>Naturschutz<\/strong>&nbsp;war im ersten Waldpakt ebenfalls ein Thema, aber der Schwerpunkt lag st\u00e4rker auf den&nbsp;<strong>klimatischen Aspekten<\/strong>&nbsp;des Waldes und weniger auf der F\u00f6rderung der&nbsp;<strong>Biodiversit\u00e4t<\/strong>.<\/li>\n<li>Es gab erste Initiativen, um den&nbsp;<strong>\u00f6kologischen Wert der W\u00e4lder<\/strong>&nbsp;zu steigern, aber der Naturschutz spielte eine unterst\u00fctzende Rolle im Gesamtpaket.<\/li>\n<\/ul>\n<\/li>\n<li><strong>Waldpakt 2025:<\/strong>\n<ul>\n<li>Der&nbsp;<strong>Naturschutz<\/strong>&nbsp;wird im Waldpakt 2025 als&nbsp;<strong>zentraler Bestandteil<\/strong>&nbsp;des Waldumbaus betrachtet.<\/li>\n<li>Der Pakt fokussiert sich stark auf die&nbsp;<strong>F\u00f6rderung der Biodiversit\u00e4t<\/strong>&nbsp;und die Schaffung von&nbsp;<strong>\u00d6kosystemen<\/strong>, die widerstandsf\u00e4higer gegen Klimafolgen sind.<\/li>\n<li>Neben der&nbsp;<strong>Forschung zur biologischen Vielfalt<\/strong>&nbsp;werden Ma\u00dfnahmen zur Schaffung von&nbsp;<strong>lebensraumf\u00f6rdernden Strukturen<\/strong>&nbsp;in W\u00e4ldern wie Totholz, Altb\u00e4umen und naturnahen Waldbest\u00e4nden festgelegt.<\/li>\n<\/ul>\n<\/li>\n<\/ul>\n<ol start=\"4\">\n<li><strong>F\u00f6rderung und Unterst\u00fctzung<\/strong><\/li>\n<\/ol>\n<ul>\n<li><strong>Waldpakt 2019:<\/strong>\n<ul>\n<li>Der Pakt beinhaltete bereits&nbsp;<strong>F\u00f6rderprogramme<\/strong>&nbsp;f\u00fcr die Forstwirtschaft, um den Umbau der W\u00e4lder zu Mischw\u00e4ldern und die Anpassung an den Klimawandel zu unterst\u00fctzen.<\/li>\n<li>Es wurden finanzielle&nbsp;<strong>Anreize<\/strong>&nbsp;f\u00fcr Waldbesitzer geschaffen, die in den&nbsp;<strong>Umbau von Monokulturen <\/strong>investieren und&nbsp;<strong>klimafeste Baumarten<\/strong>&nbsp;anpflanzen.<\/li>\n<li>&nbsp;<\/li>\n<\/ul>\n<\/li>\n<li><strong>Waldpakt 2025:<\/strong>\n<ul>\n<li>Der&nbsp;<strong>F\u00f6rderrahmen<\/strong>&nbsp;wurde erweitert und konzentriert sich jetzt st\u00e4rker auf die&nbsp;<strong>nachhaltige Bewirtschaftung<\/strong> und&nbsp;<strong>Verj\u00fcngung der W\u00e4lder<\/strong>.<\/li>\n<li>Es gibt zudem intensivere&nbsp;<strong>Kooperationsmodelle<\/strong>&nbsp;zwischen Forstwirtschaft, Naturschutzorganisationen und der Industrie, um gemeinsam&nbsp;<strong>Ziele f\u00fcr nachhaltigen Waldumbau<\/strong>&nbsp;zu erreichen.<\/li>\n<li>Der Pakt umfasst auch F\u00f6rderungen f\u00fcr den&nbsp;<strong>Waldschutz<\/strong>&nbsp;und die&nbsp;<strong>F\u00f6rderung von Forschungsprojekten<\/strong>&nbsp;zur Waldbewirtschaftung unter den Bedingungen des Klimawandels.<\/li>\n<\/ul>\n<\/li>\n<li>\n<p><figure id=\"attachment_2904\" aria-describedby=\"caption-attachment-2904\" style=\"width: 2560px\" class=\"wp-caption alignnone\"><img data-recalc-dims=\"1\" decoding=\"async\" data-attachment-id=\"2904\" data-permalink=\"http:\/\/forst.igbau.nrw\/?attachment_id=2904\" data-orig-file=\"https:\/\/i0.wp.com\/forst.igbau.nrw\/wp-content\/uploads\/2025\/02\/2025-02-11_14-52-00-z8b_8112-foto-land-nrw-mark-hermenau-scaled.jpg?fit=2560%2C1707\" data-orig-size=\"2560,1707\" data-comments-opened=\"0\" data-image-meta=\"{&quot;aperture&quot;:&quot;2.8&quot;,&quot;credit&quot;:&quot;&quot;,&quot;camera&quot;:&quot;NIKON Z 8&quot;,&quot;caption&quot;:&quot;&quot;,&quot;created_timestamp&quot;:&quot;1739281920&quot;,&quot;copyright&quot;:&quot;&quot;,&quot;focal_length&quot;:&quot;37&quot;,&quot;iso&quot;:&quot;1600&quot;,&quot;shutter_speed&quot;:&quot;0.002&quot;,&quot;title&quot;:&quot;&quot;,&quot;orientation&quot;:&quot;0&quot;}\" data-image-title=\"Peter Wicke \/ IGBAU \/ Unterzeichnung Waldpakt 2.0, Foto Land NRW \/ Mark Hermenau\" data-image-description=\"&lt;p&gt;Peter Wicke \/ IGBAU \/ Unterzeichnung Waldpakt 2.0, Foto Land NRW \/ Mark Hermenau&lt;\/p&gt;\n\" data-image-caption=\"&lt;p&gt;Peter Wicke \/ IGBAU \/ Unterzeichnung Waldpakt 2.0, Foto Land NRW \/ Mark Hermenau&lt;\/p&gt;\n\" data-large-file=\"https:\/\/i0.wp.com\/forst.igbau.nrw\/wp-content\/uploads\/2025\/02\/2025-02-11_14-52-00-z8b_8112-foto-land-nrw-mark-hermenau-scaled.jpg?fit=640%2C427\" class=\"size-full wp-image-2904\" src=\"https:\/\/i0.wp.com\/forst.igbau.nrw\/wp-content\/uploads\/2025\/02\/2025-02-11_14-52-00-z8b_8112-foto-land-nrw-mark-hermenau-scaled.jpg?resize=640%2C427\" alt=\"Peter Wicke \/ IGBAU \/ Unterzeichnung Waldpakt 2.0, Foto Land NRW \/ Mark Hermenau\" width=\"640\" height=\"427\" srcset=\"https:\/\/i0.wp.com\/forst.igbau.nrw\/wp-content\/uploads\/2025\/02\/2025-02-11_14-52-00-z8b_8112-foto-land-nrw-mark-hermenau-scaled.jpg?w=2560 2560w, https:\/\/i0.wp.com\/forst.igbau.nrw\/wp-content\/uploads\/2025\/02\/2025-02-11_14-52-00-z8b_8112-foto-land-nrw-mark-hermenau-scaled.jpg?resize=300%2C200 300w, https:\/\/i0.wp.com\/forst.igbau.nrw\/wp-content\/uploads\/2025\/02\/2025-02-11_14-52-00-z8b_8112-foto-land-nrw-mark-hermenau-scaled.jpg?resize=1024%2C683 1024w, https:\/\/i0.wp.com\/forst.igbau.nrw\/wp-content\/uploads\/2025\/02\/2025-02-11_14-52-00-z8b_8112-foto-land-nrw-mark-hermenau-scaled.jpg?resize=768%2C512 768w, https:\/\/i0.wp.com\/forst.igbau.nrw\/wp-content\/uploads\/2025\/02\/2025-02-11_14-52-00-z8b_8112-foto-land-nrw-mark-hermenau-scaled.jpg?resize=1536%2C1024 1536w, https:\/\/i0.wp.com\/forst.igbau.nrw\/wp-content\/uploads\/2025\/02\/2025-02-11_14-52-00-z8b_8112-foto-land-nrw-mark-hermenau-scaled.jpg?resize=2048%2C1365 2048w, https:\/\/i0.wp.com\/forst.igbau.nrw\/wp-content\/uploads\/2025\/02\/2025-02-11_14-52-00-z8b_8112-foto-land-nrw-mark-hermenau-scaled.jpg?w=1280 1280w, https:\/\/i0.wp.com\/forst.igbau.nrw\/wp-content\/uploads\/2025\/02\/2025-02-11_14-52-00-z8b_8112-foto-land-nrw-mark-hermenau-scaled.jpg?w=1920 1920w\" sizes=\"(max-width: 640px) 100vw, 640px\" \/><figcaption id=\"caption-attachment-2904\" class=\"wp-caption-text\">Peter Wicke \/ IGBAU \/ Unterzeichnung Waldpakt 2.0, Foto Land NRW \/ Mark Hermenau<\/figcaption><\/figure><\/li>\n<\/ul>\n<p>Der Waldpakt 2025 baut auf den Grundz\u00fcgen des Waldpakts von 2019 auf, hat jedoch ein umfassenderes und integrativeres Konzept. W\u00e4hrend der Waldpakt von 2019 stark auf den Klimaschutz und die Anpassung an den Klimawandel fokussiert war, ber\u00fccksichtigt der Waldpakt 2025 auch explizit die F\u00f6rderung der&nbsp;<strong>Biodiversit\u00e4t<\/strong>, die&nbsp;<strong>\u00d6kosystemleistungen der W\u00e4lder<\/strong>&nbsp;und die&nbsp;verst\u00e4rkte <strong>innovative Nutzung von Holz<\/strong>. Es ist ein klarer Schritt hin zu einer nachhaltigeren und ganzheitlicheren Waldbewirtschaftung.<\/p>\n<p>Auch zum Waldpakt 2.0 gab es bereits im Vorfeld kritische Stimmen. Naturschutzverb\u00e4nde wie der NABU NRW und der BUND NRW begr\u00fc\u00dfen den Waldpakt 2.0, fordern jedoch konkretere Ma\u00dfnahmen zum Schutz der Biodiversit\u00e4t und zur F\u00f6rderung naturnaher Waldstrukturen. Sie betonen die Notwendigkeit, den Prozessschutz und die F\u00f6rderung von Wildnisgebieten zu intensivieren.&nbsp;<\/p>\n<p>Insgesamt stellt der &#8222;Waldpakt 2.0&#8220; einen bedeutenden Schritt zur St\u00e4rkung der W\u00e4lder in Nordrhein-Westfalen dar, wobei die Umsetzung der definierten Ma\u00dfnahmen entscheidend f\u00fcr den Erfolg ist.<\/p>\n<p>Aus Sicht der IGBAU sehen wir als eine der Verb\u00e4nde, die von Anfang an die Initiative unterst\u00fctzt und begleitet haben den Waldpakt und damit die Absichtserkl\u00e4rung der Landesregierung als eine positive Verpflichtung zum Wald. Wir sehen aber auch, dass es nun auch Taten erfordert diese umzusetzen.<\/p>\n<p>Insbesondere den Besch\u00e4ftigten im Wald m\u00fcssen verl\u00e4ssliche Rahmenbedingungen zugestanden werden, die nicht immer wieder von einer zuf\u00e4lligen Auftragslage oder sich verschlechterten Finanzmitteln abh\u00e4ngig gemacht werden. Der Erhalt des Waldes ist keine Aufgabe einer Legislaturperiode, sondern die von Generationen.<\/p>\n<p><strong><a href=\"http:\/\/forst.igbau.nrw\/wp-content\/uploads\/2025\/02\/191210_Waldpakt_NRW.pdf\" target=\"_blank\" rel=\"noopener\">Waldpakt 2019<\/a><\/strong><\/p>\n<p><strong><a href=\"http:\/\/forst.igbau.nrw\/wp-content\/uploads\/2025\/02\/Waldpakt-2.0.pdf\" target=\"_blank\" rel=\"noopener\">Waldpakt 2.0 aus 2025<\/a><\/strong><\/p>\n","protected":false},"excerpt":{"rendered":"<p>Bereits 2019 wurde der erste &#8222;Waldpakt&#8220; in Nordrhein-Westfalen unterzeichnet, ein wichtiger Schritt f\u00fcr den Wald im bev\u00f6lkerungsreichsten Bundesland. Der damalige Pakt wurde<\/p>\n<p class=\"link-more\"><a class=\"myButt \" href=\"http:\/\/forst.igbau.nrw\/?p=2898\">Weitere Infos &#8230;<\/a><\/p>\n","protected":false},"author":1,"featured_media":2901,"comment_status":"closed","ping_status":"open","sticky":false,"template":"","format":"standard","meta":{"ngg_post_thumbnail":0,"jetpack_post_was_ever_published":false,"_jetpack_newsletter_access":"","_jetpack_dont_email_post_to_subs":false,"_jetpack_newsletter_tier_id":0,"_jetpack_memberships_contains_paywalled_content":false,"_jetpack_memberships_contains_paid_content":false,"footnotes":"","jetpack_publicize_message":"","jetpack_publicize_feature_enabled":true,"jetpack_social_post_already_shared":true,"jetpack_social_options":{"image_generator_settings":{"template":"highway","default_image_id":0,"font":"","enabled":false},"version":2}},"categories":[4,8,22,45],"tags":[],"class_list":["post-2898","post","type-post","status-publish","format-standard","has-post-thumbnail","hentry","category-forstpolitik","category-ig-bau","category-klimawandel","category-waldpakt"],"jetpack_publicize_connections":[],"jetpack_featured_media_url":"https:\/\/i0.wp.com\/forst.igbau.nrw\/wp-content\/uploads\/2025\/02\/375tHsyV-scaled.jpeg?fit=2560%2C1707","jetpack_sharing_enabled":true,"jetpack_shortlink":"https:\/\/wp.me\/p8x7f7-KK","jetpack-related-posts":[],"_links":{"self":[{"href":"http:\/\/forst.igbau.nrw\/index.php?rest_route=\/wp\/v2\/posts\/2898","targetHints":{"allow":["GET"]}}],"collection":[{"href":"http:\/\/forst.igbau.nrw\/index.php?rest_route=\/wp\/v2\/posts"}],"about":[{"href":"http:\/\/forst.igbau.nrw\/index.php?rest_route=\/wp\/v2\/types\/post"}],"author":[{"embeddable":true,"href":"http:\/\/forst.igbau.nrw\/index.php?rest_route=\/wp\/v2\/users\/1"}],"replies":[{"embeddable":true,"href":"http:\/\/forst.igbau.nrw\/index.php?rest_route=%2Fwp%2Fv2%2Fcomments&post=2898"}],"version-history":[{"count":7,"href":"http:\/\/forst.igbau.nrw\/index.php?rest_route=\/wp\/v2\/posts\/2898\/revisions"}],"predecessor-version":[{"id":2912,"href":"http:\/\/forst.igbau.nrw\/index.php?rest_route=\/wp\/v2\/posts\/2898\/revisions\/2912"}],"wp:featuredmedia":[{"embeddable":true,"href":"http:\/\/forst.igbau.nrw\/index.php?rest_route=\/wp\/v2\/media\/2901"}],"wp:attachment":[{"href":"http:\/\/forst.igbau.nrw\/index.php?rest_route=%2Fwp%2Fv2%2Fmedia&parent=2898"}],"wp:term":[{"taxonomy":"category","embeddable":true,"href":"http:\/\/forst.igbau.nrw\/index.php?rest_route=%2Fwp%2Fv2%2Fcategories&post=2898"},{"taxonomy":"post_tag","embeddable":true,"href":"http:\/\/forst.igbau.nrw\/index.php?rest_route=%2Fwp%2Fv2%2Ftags&post=2898"}],"curies":[{"name":"wp","href":"https:\/\/api.w.org\/{rel}","templated":true}]}}