{"id":2916,"date":"2025-02-17T14:52:48","date_gmt":"2025-02-17T14:52:48","guid":{"rendered":"http:\/\/forst.igbau.nrw\/?p=2916"},"modified":"2025-02-17T14:52:48","modified_gmt":"2025-02-17T14:52:48","slug":"ziel-erreicht-die-motorsaegen-kommen","status":"publish","type":"post","link":"http:\/\/forst.igbau.nrw\/?p=2916","title":{"rendered":"Ziel erreicht, die Motors\u00e4gen kommen!"},"content":{"rendered":"<p class=\"p1\"><b>Neue Dienstvereinbarung f\u00fcr den Forstwirte Einsatz im Landesbetrieb Wald und Holz NRW<\/b><\/p>\n<p class=\"p3\">Die IGBAU in NRW hatte im Jahr 2023 gefragt, ob die Motors\u00e4gen und die Hauungswerkzeuge beim Landesbetrieb Wald und Holz Nordrhein-Westfalen durch den Arbeitgeber gestellt werden sollen. Mittels einer digitalen Umfrage konnten die Forstwirtinnen und Forstwirte ihre Meinung dazu schnell und leicht \u00e4u\u00dfern.<\/p>\n<p class=\"p3\">Eine deutliche Mehrheit sprach sich f\u00fcr die Gestellung aus! Die Leitung des Landesbetriebes nahm diese Umfrage positiv auf und sagte eine Wirtschaftlichkeitspr\u00fcfung zu. Der Ball kam dadurch ins Rollen und nach nunmehr zwei Jahren haben wir den Ball im Tor. Im Jahr 2025 werden etwa 300 Motors\u00e4gen an den Landesbetrieb ausgeliefert. In einem \u00dcbergang von 3 Jahren geht das Land ab 2025 somit in die volle Gestellung der Motors\u00e4gen und Werkzeuge f\u00fcr die Holzernte \u00fcber. In diesem Zeitraum kann noch die eigene Motors\u00e4ge entsch\u00e4digt werden, sofern das von den einzelnen Besch\u00e4ftigten gew\u00fcnscht wird. Damit ist Planungssicherheit geschaffen sowohl f\u00fcr den Betrieb als auch f\u00fcr die Forstwirtinnen und Forstwirte, die noch eine Maschine abschreiben wollen. Zu den Motors\u00e4gen wird gleichzeitig ein Starterpaket mitgeliefert mit Ersatzketten, F\u00fchrungsschienen und Wartungswerkzeug f\u00fcr die Motors\u00e4gen. Je Besch\u00e4ftigten wird zun\u00e4chst mit einer leichten und einer mittelstarken Maschine geplant, die pers\u00f6nlich zugeordnet sind. Die st\u00e4rkeren F\u00e4lls\u00e4gen sind jeweils den Arbeitsrotten zugeordnet.<\/p>\n<figure id=\"attachment_2777\" aria-describedby=\"caption-attachment-2777\" style=\"width: 331px\" class=\"wp-caption alignright\"><img data-recalc-dims=\"1\" fetchpriority=\"high\" decoding=\"async\" data-attachment-id=\"2777\" data-permalink=\"http:\/\/forst.igbau.nrw\/?attachment_id=2777\" data-orig-file=\"https:\/\/i0.wp.com\/forst.igbau.nrw\/wp-content\/uploads\/2024\/03\/Wiese_Peter-scaled.jpg?fit=2560%2C1920\" data-orig-size=\"2560,1920\" data-comments-opened=\"0\" data-image-meta=\"{&quot;aperture&quot;:&quot;4.5&quot;,&quot;credit&quot;:&quot;&quot;,&quot;camera&quot;:&quot;Canon PowerShot SX20 IS&quot;,&quot;caption&quot;:&quot;&quot;,&quot;created_timestamp&quot;:&quot;1494418763&quot;,&quot;copyright&quot;:&quot;&quot;,&quot;focal_length&quot;:&quot;23.752&quot;,&quot;iso&quot;:&quot;125&quot;,&quot;shutter_speed&quot;:&quot;0.01&quot;,&quot;title&quot;:&quot;&quot;,&quot;orientation&quot;:&quot;1&quot;}\" data-image-title=\"Wiese_Peter\" data-image-description=\"\" data-image-caption=\"\" data-large-file=\"https:\/\/i0.wp.com\/forst.igbau.nrw\/wp-content\/uploads\/2024\/03\/Wiese_Peter-scaled.jpg?fit=640%2C480\" class=\"wp-image-2777\" src=\"https:\/\/i0.wp.com\/forst.igbau.nrw\/wp-content\/uploads\/2024\/03\/Wiese_Peter-scaled.jpg?resize=331%2C248\" alt=\"\" width=\"331\" height=\"248\" srcset=\"https:\/\/i0.wp.com\/forst.igbau.nrw\/wp-content\/uploads\/2024\/03\/Wiese_Peter-scaled.jpg?w=2560 2560w, https:\/\/i0.wp.com\/forst.igbau.nrw\/wp-content\/uploads\/2024\/03\/Wiese_Peter-scaled.jpg?resize=300%2C225 300w, https:\/\/i0.wp.com\/forst.igbau.nrw\/wp-content\/uploads\/2024\/03\/Wiese_Peter-scaled.jpg?resize=1024%2C768 1024w, https:\/\/i0.wp.com\/forst.igbau.nrw\/wp-content\/uploads\/2024\/03\/Wiese_Peter-scaled.jpg?resize=768%2C576 768w, https:\/\/i0.wp.com\/forst.igbau.nrw\/wp-content\/uploads\/2024\/03\/Wiese_Peter-scaled.jpg?resize=1536%2C1152 1536w, https:\/\/i0.wp.com\/forst.igbau.nrw\/wp-content\/uploads\/2024\/03\/Wiese_Peter-scaled.jpg?resize=2048%2C1536 2048w, https:\/\/i0.wp.com\/forst.igbau.nrw\/wp-content\/uploads\/2024\/03\/Wiese_Peter-scaled.jpg?w=1280 1280w, https:\/\/i0.wp.com\/forst.igbau.nrw\/wp-content\/uploads\/2024\/03\/Wiese_Peter-scaled.jpg?w=1920 1920w\" sizes=\"(max-width: 331px) 100vw, 331px\" \/><figcaption id=\"caption-attachment-2777\" class=\"wp-caption-text\">Verfasser, Peter Wiese, IGBAU NRW<\/figcaption><\/figure>\n<p class=\"p3\">Die Umsetzung von der Befragung bis zur Lieferung der Maschinen ist ein Beispiel daf\u00fcr, dass eine betriebliche Ma\u00dfnahme auch mal schnell gehen kann! In Zukunft muss niemand mehr erst mal Werkzeug und Ger\u00e4t kaufen, um arbeiten zu k\u00f6nnen, sondern kann direkt mit gestelltem Werkzeug im Landesbetrieb an die Arbeit gehen.<\/p>\n<p class=\"p3\">In Verbindung damit ist es dem Personalrat beim Landesbetrieb Wald und Holz Nordrhein-Westfalen gelungen, eine Dienstvereinbarung abzuschlie\u00dfen, die weitere Verbesserungsm\u00f6glichkeiten f\u00fcr TV-L Forst Besch\u00e4ftigten im Gep\u00e4ck hat. So wurde die Fortbildung zum gepr\u00fcften Natur- und Landschaftspfleger strukturell in die Arbeitsrotten des landeseigenen Forstbetriebes integriert. Je Rotte soll ein Mitglied diese Fortbildung durchlaufen und nach erfolgreicher Pr\u00fcfung auch entsprechend eingruppiert werden. Damit wird unterstrichen, dass Natur und Landschaftspflege ein integraler Bestandteil der Waldbewirtschaftung im Staatswald Nordrhein-Westfalens ist. Gerade nach der K\u00e4ferkalamit\u00e4t mit den gro\u00dfen entstandenen Freifl\u00e4chen, ist fachlich gut ausgebildetes Personal direkt vor Ort zwingend erforderlich, um einen neuen Wald entstehen zu lassen, der den vielf\u00e4ltigen Anspr\u00fcchen gen\u00fcgt. Dazu geh\u00f6rt auch die Fortbildung zum gepr\u00fcften Natur- und Landschaftspfleger, der seine Expertise auf den Fl\u00e4chen im Arbeitsprozess mit einbringen kann. Auch zus\u00e4tzliche Meisterstellen wurden auf Betriebsebene vereinbart, um gr\u00f6\u00dfer werdende Arbeitsgruppen zu f\u00fchren. Ebenso wurde die Einbindung der Forstwirtinnen und Forstwirte in die digitale Infrastruktur des Landesbetriebes in der Dienstvereinbarung geregelt. Diese sollen in der Zukunft ein Smartphone erhalten und eine pers\u00f6nliche Mailadresse besitzen sowie Zugriff auf das Intranet bekommen. Damit werden diese Besch\u00e4ftigten endlich auch an Informationskan\u00e4le angekn\u00fcpft, die ihnen bisher verschlossen geblieben waren. In einem ersten Schritt werden alle Arbeitsgruppen mit einem Toughpad ausgestattet, um die digitale Kommunikation im Betriebsablauf auf der Fl\u00e4che sicherzustellen. Auszubildende erhalten vom Landesbetrieb einen Zuschuss von 250 Euro f\u00fcr den Erwerb eines Tablets f\u00fcr die Verwendung in der Ausbildung beispielsweise in der Berufsschule.<\/p>\n<p class=\"p3\">Auch die Gestellung von Betriebsfahrzeugen f\u00fcr die Arbeitsrotten wurde in der Vereinbarung verankert, damit m\u00f6glichst keine Privatfahrzeuge mehr zum Einsatz kommen m\u00fcssen. Wir befinden uns mit dieser Dienstvereinbarung und der Gestellung der Arbeitsmittel auf dem Weg hin zu einem zukunftsf\u00e4higen Arbeitsplatz f\u00fcr die TV-L Forstbesch\u00e4ftigten im Landesbetrieb NRW, was jetzt noch fehlt ist eine Verbesserung in der Entgelteordnung dieses Tarifes, dann k\u00f6nnte es was werden mit einem attraktiven zukunftsf\u00e4higen Arbeitsplatz im Wald von Nordrhein-Westfalen.<\/p>\n","protected":false},"excerpt":{"rendered":"<p>Neue Dienstvereinbarung f\u00fcr den Forstwirte Einsatz im Landesbetrieb Wald und Holz NRW Die IGBAU in NRW hatte im Jahr 2023 gefragt, ob<\/p>\n<p class=\"link-more\"><a class=\"myButt \" href=\"http:\/\/forst.igbau.nrw\/?p=2916\">Weitere Infos &#8230;<\/a><\/p>\n","protected":false},"author":1,"featured_media":2319,"comment_status":"closed","ping_status":"open","sticky":false,"template":"","format":"standard","meta":{"ngg_post_thumbnail":0,"jetpack_post_was_ever_published":false,"_jetpack_newsletter_access":"","_jetpack_dont_email_post_to_subs":false,"_jetpack_newsletter_tier_id":0,"_jetpack_memberships_contains_paywalled_content":false,"_jetpack_memberships_contains_paid_content":false,"footnotes":"","jetpack_publicize_message":"","jetpack_publicize_feature_enabled":true,"jetpack_social_post_already_shared":true,"jetpack_social_options":{"image_generator_settings":{"template":"highway","default_image_id":0,"font":"","enabled":false},"version":2}},"categories":[8,20],"tags":[],"class_list":["post-2916","post","type-post","status-publish","format-standard","has-post-thumbnail","hentry","category-ig-bau","category-landesbetrieb-wald-und-holz"],"jetpack_publicize_connections":[],"jetpack_featured_media_url":"https:\/\/i0.wp.com\/forst.igbau.nrw\/wp-content\/uploads\/2022\/02\/Waldpru%CC%88fung_2021_55-scaled.jpg?fit=2560%2C1920","jetpack_sharing_enabled":true,"jetpack_shortlink":"https:\/\/wp.me\/p8x7f7-L2","jetpack-related-posts":[],"_links":{"self":[{"href":"http:\/\/forst.igbau.nrw\/index.php?rest_route=\/wp\/v2\/posts\/2916","targetHints":{"allow":["GET"]}}],"collection":[{"href":"http:\/\/forst.igbau.nrw\/index.php?rest_route=\/wp\/v2\/posts"}],"about":[{"href":"http:\/\/forst.igbau.nrw\/index.php?rest_route=\/wp\/v2\/types\/post"}],"author":[{"embeddable":true,"href":"http:\/\/forst.igbau.nrw\/index.php?rest_route=\/wp\/v2\/users\/1"}],"replies":[{"embeddable":true,"href":"http:\/\/forst.igbau.nrw\/index.php?rest_route=%2Fwp%2Fv2%2Fcomments&post=2916"}],"version-history":[{"count":1,"href":"http:\/\/forst.igbau.nrw\/index.php?rest_route=\/wp\/v2\/posts\/2916\/revisions"}],"predecessor-version":[{"id":2917,"href":"http:\/\/forst.igbau.nrw\/index.php?rest_route=\/wp\/v2\/posts\/2916\/revisions\/2917"}],"wp:featuredmedia":[{"embeddable":true,"href":"http:\/\/forst.igbau.nrw\/index.php?rest_route=\/wp\/v2\/media\/2319"}],"wp:attachment":[{"href":"http:\/\/forst.igbau.nrw\/index.php?rest_route=%2Fwp%2Fv2%2Fmedia&parent=2916"}],"wp:term":[{"taxonomy":"category","embeddable":true,"href":"http:\/\/forst.igbau.nrw\/index.php?rest_route=%2Fwp%2Fv2%2Fcategories&post=2916"},{"taxonomy":"post_tag","embeddable":true,"href":"http:\/\/forst.igbau.nrw\/index.php?rest_route=%2Fwp%2Fv2%2Ftags&post=2916"}],"curies":[{"name":"wp","href":"https:\/\/api.w.org\/{rel}","templated":true}]}}