{"id":2920,"date":"2025-02-18T07:43:15","date_gmt":"2025-02-18T07:43:15","guid":{"rendered":"http:\/\/forst.igbau.nrw\/?p=2920"},"modified":"2025-02-18T07:44:17","modified_gmt":"2025-02-18T07:44:17","slug":"10-jahre-weblog-der-igbau-forst-und-naturschutz","status":"publish","type":"post","link":"http:\/\/forst.igbau.nrw\/?p=2920","title":{"rendered":"10 Jahre Weblog der IGBAU Forst und Naturschutz"},"content":{"rendered":"<p>So ganz ohne eine kurze kleine Meldung soll es nun doch nicht verstreichen, das Jubil\u00e4um unseres Weblogs. Am 19.02.2015 erfolgte unser erster Eintrag in unseren Weblog zu den Themen der IGBAU im Forst und Naturschutz. Seitdem haben wir in NRW \u00fcber all die Jahre hinweg kontinuierlich von unserer T\u00e4tigkeit und und der Arbeit f\u00fcr die Besch\u00e4ftigten imWald und f\u00fcr den Wald als Ganzes berichtet. F\u00fcr eine doch sehr spezielle und Spartenbezogene Internetseite hatten wir aus unserer Sicht ordentliche 25.500 individuelle Besucher und Besucherinnen die sich auf unserem Angebot informiert haben. In mehr als 220 Beitr\u00e4gen und mit dem Input der Landesvertretung und der Fachgruppe Forst wurden hier die verschiedensten Themen abgedeckt.&nbsp;<\/p>\n<p>Mal schauen was wir in den n\u00e4chsten 10 Jahren erreichen.<\/p>\n<p>&nbsp;<\/p>\n<p>&nbsp;<\/p>\n","protected":false},"excerpt":{"rendered":"<p>So ganz ohne eine kurze kleine Meldung soll es nun doch nicht verstreichen, das Jubil\u00e4um unseres Weblogs. Am 19.02.2015 erfolgte unser erster<\/p>\n<p class=\"link-more\"><a class=\"myButt \" href=\"http:\/\/forst.igbau.nrw\/?p=2920\">Weitere Infos &#8230;<\/a><\/p>\n","protected":false},"author":1,"featured_media":2747,"comment_status":"closed","ping_status":"open","sticky":false,"template":"","format":"standard","meta":{"ngg_post_thumbnail":0,"jetpack_post_was_ever_published":false,"_jetpack_newsletter_access":"","_jetpack_dont_email_post_to_subs":false,"_jetpack_newsletter_tier_id":0,"_jetpack_memberships_contains_paywalled_content":false,"_jetpack_memberships_contains_paid_content":false,"footnotes":"","jetpack_publicize_message":"","jetpack_publicize_feature_enabled":true,"jetpack_social_post_already_shared":true,"jetpack_social_options":{"image_generator_settings":{"template":"highway","default_image_id":0,"font":"","enabled":false},"version":2}},"categories":[5],"tags":[],"class_list":["post-2920","post","type-post","status-publish","format-standard","has-post-thumbnail","hentry","category-forstwirtschaft"],"jetpack_publicize_connections":[],"jetpack_featured_media_url":"https:\/\/i0.wp.com\/forst.igbau.nrw\/wp-content\/uploads\/2024\/01\/Bildschirmfoto-2024-01-25-um-16.43.45.png?fit=2916%2C1658","jetpack_sharing_enabled":true,"jetpack_shortlink":"https:\/\/wp.me\/p8x7f7-L6","jetpack-related-posts":[],"_links":{"self":[{"href":"http:\/\/forst.igbau.nrw\/index.php?rest_route=\/wp\/v2\/posts\/2920","targetHints":{"allow":["GET"]}}],"collection":[{"href":"http:\/\/forst.igbau.nrw\/index.php?rest_route=\/wp\/v2\/posts"}],"about":[{"href":"http:\/\/forst.igbau.nrw\/index.php?rest_route=\/wp\/v2\/types\/post"}],"author":[{"embeddable":true,"href":"http:\/\/forst.igbau.nrw\/index.php?rest_route=\/wp\/v2\/users\/1"}],"replies":[{"embeddable":true,"href":"http:\/\/forst.igbau.nrw\/index.php?rest_route=%2Fwp%2Fv2%2Fcomments&post=2920"}],"version-history":[{"count":3,"href":"http:\/\/forst.igbau.nrw\/index.php?rest_route=\/wp\/v2\/posts\/2920\/revisions"}],"predecessor-version":[{"id":2923,"href":"http:\/\/forst.igbau.nrw\/index.php?rest_route=\/wp\/v2\/posts\/2920\/revisions\/2923"}],"wp:featuredmedia":[{"embeddable":true,"href":"http:\/\/forst.igbau.nrw\/index.php?rest_route=\/wp\/v2\/media\/2747"}],"wp:attachment":[{"href":"http:\/\/forst.igbau.nrw\/index.php?rest_route=%2Fwp%2Fv2%2Fmedia&parent=2920"}],"wp:term":[{"taxonomy":"category","embeddable":true,"href":"http:\/\/forst.igbau.nrw\/index.php?rest_route=%2Fwp%2Fv2%2Fcategories&post=2920"},{"taxonomy":"post_tag","embeddable":true,"href":"http:\/\/forst.igbau.nrw\/index.php?rest_route=%2Fwp%2Fv2%2Ftags&post=2920"}],"curies":[{"name":"wp","href":"https:\/\/api.w.org\/{rel}","templated":true}]}}